{"id":4939,"date":"2018-05-08T14:08:40","date_gmt":"2018-05-08T14:08:40","guid":{"rendered":"https:\/\/centros.uepb.edu.br\/ccbsa\/?p=4939"},"modified":"2018-05-08T14:08:40","modified_gmt":"2018-05-08T14:08:40","slug":"pro-reitoria-estudantil-realiza-seminario-no-campus-v-para-discutir-a-saude-e-questoes-socioculturais-dos-estudantes-da-instituicao","status":"publish","type":"post","link":"https:\/\/centros.uepb.edu.br\/ccbsa\/pro-reitoria-estudantil-realiza-seminario-no-campus-v-para-discutir-a-saude-e-questoes-socioculturais-dos-estudantes-da-instituicao\/","title":{"rendered":"Pro-reitoria estudantil realiza Semin\u00e1rio no Campus V para discutir a sa\u00fade e quest\u00f5es socioculturais dos estudantes da institui\u00e7\u00e3o"},"content":{"rendered":"\n\t\t<style type=\"text\/css\">\n\t\t\t#gallery-1 {\n\t\t\t\tmargin: auto;\n\t\t\t}\n\t\t\t#gallery-1 .gallery-item {\n\t\t\t\tfloat: left;\n\t\t\t\tmargin-top: 10px;\n\t\t\t\ttext-align: center;\n\t\t\t\twidth: 33%;\n\t\t\t}\n\t\t\t#gallery-1 img {\n\t\t\t\tborder: 2px solid #cfcfcf;\n\t\t\t}\n\t\t\t#gallery-1 .gallery-caption {\n\t\t\t\tmargin-left: 0;\n\t\t\t}\n\t\t\t\/* see gallery_shortcode() in wp-includes\/media.php *\/\n\t\t<\/style>\n\t\t<div id='gallery-1' class='gallery galleryid-4939 gallery-columns-3 gallery-size-full'><dl class='gallery-item'>\n\t\t\t<dt class='gallery-icon landscape'>\n\t\t\t\t<a href='https:\/\/centros.uepb.edu.br\/ccbsa\/pro-reitoria-estudantil-realiza-seminario-no-campus-v-para-discutir-a-saude-e-questoes-socioculturais-dos-estudantes-da-instituicao\/img_0733\/'><img loading=\"lazy\" decoding=\"async\" width=\"840\" height=\"454\" src=\"https:\/\/centros.uepb.edu.br\/ccbsa\/files\/2018\/05\/IMG_0733.jpg\" class=\"attachment-full size-full\" alt=\"\" srcset=\"https:\/\/centros.uepb.edu.br\/ccbsa\/files\/2018\/05\/IMG_0733.jpg 840w, https:\/\/centros.uepb.edu.br\/ccbsa\/files\/2018\/05\/IMG_0733-300x162.jpg 300w, https:\/\/centros.uepb.edu.br\/ccbsa\/files\/2018\/05\/IMG_0733-768x415.jpg 768w, https:\/\/centros.uepb.edu.br\/ccbsa\/files\/2018\/05\/IMG_0733-370x200.jpg 370w\" sizes=\"auto, (max-width: 840px) 100vw, 840px\" \/><\/a>\n\t\t\t<\/dt><\/dl><dl class='gallery-item'>\n\t\t\t<dt class='gallery-icon landscape'>\n\t\t\t\t<a href='https:\/\/centros.uepb.edu.br\/ccbsa\/pro-reitoria-estudantil-realiza-seminario-no-campus-v-para-discutir-a-saude-e-questoes-socioculturais-dos-estudantes-da-instituicao\/img_0719\/'><img loading=\"lazy\" decoding=\"async\" width=\"840\" height=\"454\" src=\"https:\/\/centros.uepb.edu.br\/ccbsa\/files\/2018\/05\/IMG_0719.jpg\" class=\"attachment-full size-full\" alt=\"\" srcset=\"https:\/\/centros.uepb.edu.br\/ccbsa\/files\/2018\/05\/IMG_0719.jpg 840w, https:\/\/centros.uepb.edu.br\/ccbsa\/files\/2018\/05\/IMG_0719-300x162.jpg 300w, https:\/\/centros.uepb.edu.br\/ccbsa\/files\/2018\/05\/IMG_0719-768x415.jpg 768w, https:\/\/centros.uepb.edu.br\/ccbsa\/files\/2018\/05\/IMG_0719-370x200.jpg 370w\" sizes=\"auto, (max-width: 840px) 100vw, 840px\" \/><\/a>\n\t\t\t<\/dt><\/dl><dl class='gallery-item'>\n\t\t\t<dt class='gallery-icon landscape'>\n\t\t\t\t<a href='https:\/\/centros.uepb.edu.br\/ccbsa\/pro-reitoria-estudantil-realiza-seminario-no-campus-v-para-discutir-a-saude-e-questoes-socioculturais-dos-estudantes-da-instituicao\/img_0708\/'><img loading=\"lazy\" decoding=\"async\" width=\"840\" height=\"454\" src=\"https:\/\/centros.uepb.edu.br\/ccbsa\/files\/2018\/05\/IMG_0708.jpg\" class=\"attachment-full size-full\" alt=\"\" srcset=\"https:\/\/centros.uepb.edu.br\/ccbsa\/files\/2018\/05\/IMG_0708.jpg 840w, https:\/\/centros.uepb.edu.br\/ccbsa\/files\/2018\/05\/IMG_0708-300x162.jpg 300w, https:\/\/centros.uepb.edu.br\/ccbsa\/files\/2018\/05\/IMG_0708-768x415.jpg 768w, https:\/\/centros.uepb.edu.br\/ccbsa\/files\/2018\/05\/IMG_0708-370x200.jpg 370w\" sizes=\"auto, (max-width: 840px) 100vw, 840px\" \/><\/a>\n\t\t\t<\/dt><\/dl><br style=\"clear: both\" \/><dl class='gallery-item'>\n\t\t\t<dt class='gallery-icon landscape'>\n\t\t\t\t<a href='https:\/\/centros.uepb.edu.br\/ccbsa\/pro-reitoria-estudantil-realiza-seminario-no-campus-v-para-discutir-a-saude-e-questoes-socioculturais-dos-estudantes-da-instituicao\/img_0698\/'><img loading=\"lazy\" decoding=\"async\" width=\"840\" height=\"454\" src=\"https:\/\/centros.uepb.edu.br\/ccbsa\/files\/2018\/05\/IMG_0698.jpg\" class=\"attachment-full size-full\" alt=\"\" srcset=\"https:\/\/centros.uepb.edu.br\/ccbsa\/files\/2018\/05\/IMG_0698.jpg 840w, https:\/\/centros.uepb.edu.br\/ccbsa\/files\/2018\/05\/IMG_0698-300x162.jpg 300w, https:\/\/centros.uepb.edu.br\/ccbsa\/files\/2018\/05\/IMG_0698-768x415.jpg 768w, https:\/\/centros.uepb.edu.br\/ccbsa\/files\/2018\/05\/IMG_0698-370x200.jpg 370w\" sizes=\"auto, (max-width: 840px) 100vw, 840px\" \/><\/a>\n\t\t\t<\/dt><\/dl>\n\t\t\t<br style='clear: both' \/>\n\t\t<\/div>\n\n<p>&nbsp;<\/p>\n<p>Depress\u00e3o, crises de ansiedade, ins\u00f4nia, \u00falcera, gastrite nervosa, s\u00e3o alguns dos problemas de sa\u00fade que tem afetado estudantes em todo o mundo e se tornado um desafio para pesquisadores e institui\u00e7\u00f5es que implementam medidas para atender a essa demanda cada vez mais comum na sociedade contempor\u00e2nea. Nesse sentido, a Pro-reitoria Estudantil (PROEST) da Universidade Estadual da Para\u00edba (UEPB) tem realizado a\u00e7\u00f5es voltadas \u00e0 promo\u00e7\u00e3o do bem-estar dos estudantes de todos os Campi da institui\u00e7\u00e3o, a exemplo do Semin\u00e1rio de Sa\u00fade, Cultura e Rela\u00e7\u00f5es Sociais, realizado nesta segunda-feira (7) no Campus V.<\/p>\n<p>O Semin\u00e1rio dever\u00e1 ocorrer no dia 14 de maio no Campus de Patos com o mesmo objetivo das atividades realizadas no Campus de Jo\u00e3o Pessoa: discutir sobre os aspectos psicossociais e culturais que est\u00e3o\u00a0presentes no contexto da sa\u00fade dos estudantes, bem como sensibilizar a sociedade para os aspectos multicausais da perda do sentido de vida, redimensionando a valoriza\u00e7\u00e3o da vida no contexto da p\u00f3s-modernidade.<\/p>\n<p>A abertura do evento, na manh\u00e3 desta segunda-feira (7), contou com a participa\u00e7\u00e3o da diretora do Centro de Ci\u00eancias Biol\u00f3gicas e Sociais Aplicadas (CCBSA), professora Jacqueline Echeverr\u00eda Barrancos, que destacou a relev\u00e2ncia do trabalho desenvolvido pela PROEST buscando promover o bem-estar e prestando assist\u00eancia aos estudantes da UEPB. A pro-reitora Estudantil, N\u00fabia Nascimento, lembrou que o Semin\u00e1rio foi idealizado a partir de uma demanda do corpo discente da UEPB e a perspectiva \u00e9 que essa iniciativa seja ampliada para toda a institui\u00e7\u00e3o. \u201cSentimos a necessidade de discutir essas quest\u00f5es relacionadas \u00e0 sa\u00fade dos nossos estudantes, pois temos uma demanda grande nesse sentido, e resolvemos promover esse evento que al\u00e9m de palestras com pesquisadoras conceituadas ter\u00e1 uma reuni\u00e3o voltada para os docentes, para discutirmos algumas estrat\u00e9gias que facilitem o relacionamento entre professores e estudantes e o entendimento dessas quest\u00f5es psicossociais, seguida de sess\u00f5es de escuta, e o encerramento, \u00e0 noite, com uma palestra\u201d, explicou a professora N\u00fabia.<\/p>\n<p>A palestra de abertura do Semin\u00e1rio \u201cResili\u00eancia e pertencimento na sociedade contempor\u00e2nea\u201d foi ministrada, \u00e0s 9h30 e \u00e0s 18h30, no audit\u00f3rio Pioneiros, pela professora da UEPB Paula Almeida de Castro. \u201cVivemos num movimento intenso que a sociedade nos cobra enquanto sujeitos da produ\u00e7\u00e3o que devem estar sempre mostrando resultados, sempre aptos. E isso hoje vem adoecendo as pessoas de uma forma que a gente n\u00e3o observava antes. Ent\u00e3o, precisamos agregar outros conhecimentos que nos mostrem formas de lidar com essas cobran\u00e7as de forma saud\u00e1vel\u201d, avaliou.<\/p>\n<p>Durante o semin\u00e1rio tamb\u00e9m foi realizada a palestra \u201cVida universit\u00e1ria, emo\u00e7\u00e3o e bem-estar subjetivo\u201d, promovida pela professora da UFPB Elisa Gonsalves que enfatizou a necessidade de suscitar discuss\u00f5es com os estudantes que evitem que quest\u00f5es de ordem emocional interfiram de sobremaneira no rendimento e na vida pessoal destes alunos. \u201cHoje temos um alto \u00edndice de alunos com depress\u00e3o, que cometendo suic\u00eddio, desenvolvem gastrite, \u00falcera, ou seja, que conseguem terminar seus cursos mas, que acumulam doen\u00e7as. E n\u00f3s queremos que eles se apropriem de exerc\u00edcios mentais que os permitam concluir suas trajet\u00f3rias acad\u00eamicas com sa\u00fade, porque conseguir um certificado, mas, estar mentalmente comprometido n\u00e3o adianta\u201d, destacou.<\/p>\n<p>No per\u00edodo da tarde os coordenadores e docentes do Campus V participaram de uma reuni\u00e3o com a assistente social Edna Nascimento e a psic\u00f3loga Eveline Ara\u00fajo, respons\u00e1veis pelo N\u00facleo Psicossocial da PROEST, e a pro-reitora N\u00fabia Nascimento, com o objetivo de discutir quest\u00f5es relativas ao relacionamento entre docentes e discentes. Ap\u00f3s a reuni\u00e3o a equipe dedicou-se a atender os estudantes que precisavam de acompanhamento profissional da equipe.<\/p>\n<p>O evento prossegue no dia 14 de maio no Campus de Patos, e, posteriormente, ser\u00e1 realizada uma avalia\u00e7\u00e3o dessas duas edi\u00e7\u00f5es, para ampliar a iniciativa para os demais campi da UEPB. As inscri\u00e7\u00f5es para o evento do Campus VII s\u00e3o realizadas no e-mail: seminariosaudecultura2018@gmail.com.<\/p>\n<p><strong>Dados sobre a sa\u00fade dos estudantes<\/strong><\/p>\n<p>Um levantamento feito pelo Center for Collegiatte Mental Health (CCMH) nos Estados Unidos, publicado em janeiro de 2018, com dados de aproximadamente 500 universidades americanas, destaca que problemas como ansiedade e depress\u00e3o s\u00e3o os principais fatores que levam os estudantes a procurar ajuda profissional.<\/p>\n<p>De modo similar, uma pesquisa feita no Health Science Center da Universidade do Texas, em mar\u00e7o de 2018, com mais de dois mil entrevistados constatou que acad\u00eamicos t\u00eam seis vezes mais chance de desenvolver ansiedade e depress\u00e3o.<\/p>\n<p>No Brasil essa realidade n\u00e3o \u00e9 diferente. Uma pesquisa recente da Universidade de S\u00e3o Paulo mostra que uma parcela consider\u00e1vel dos futuros m\u00e9dicos, de todos os per\u00edodos, sofre com sintomas como cansa\u00e7o, culpa, irritabilidade, tristeza, dentre outros. E assim tamb\u00e9m tem ocorrido com estudantes de outras \u00e1reas. De acordo com a pro-reitora Estudantil da UEPB, professora N\u00fabia Nascimento, em todos os Campi da UEPB existe uma grande necessidade de acompanhamento de quest\u00f5es psicossociais dos estudantes.<\/p>\n<p>Na UEPB com o objetivo de prestar o servi\u00e7o de orienta\u00e7\u00e3o, apoio de assist\u00eancia social e psicol\u00f3gica aos estudantes criando mecanismos para a melhoria da qualidade de vida foi criado o N\u00facleo Psicossocial, que encontra-se em funcionamento na PROEST, em Campina Grande, mas, que est\u00e1 dispon\u00edvel para a realiza\u00e7\u00e3o de atendimentos e atividades em todos os Campi. As demandas para o setor devem ser encaminhadas pelas coordena\u00e7\u00f5es de curso ou o estudante pode entrar em contato direto com N\u00facleo: (83) 3315-3450.<\/p>\n<p><em><strong>Texto e fotos:<\/strong> Juliana Marques<\/em><\/p>\n","protected":false},"excerpt":{"rendered":"<p>&nbsp; Depress\u00e3o, crises de ansiedade, ins\u00f4nia, \u00falcera, gastrite nervosa, s\u00e3o alguns dos problemas de sa\u00fade que tem afetado estudantes em todo o mundo e se tornado um desafio para pesquisadores e institui\u00e7\u00f5es que implementam medidas para atender a essa demanda cada vez mais comum na sociedade contempor\u00e2nea. Nesse sentido, a Pro-reitoria Estudantil (PROEST) da Universidade <a class=\"leiamais\" href=\"https:\/\/centros.uepb.edu.br\/ccbsa\/pro-reitoria-estudantil-realiza-seminario-no-campus-v-para-discutir-a-saude-e-questoes-socioculturais-dos-estudantes-da-instituicao\/\">Leia Mais&#8230;<\/a><\/p>\n","protected":false},"author":8,"featured_media":4942,"comment_status":"closed","ping_status":"closed","sticky":false,"template":"","format":"standard","meta":{"footnotes":""},"categories":[3,11],"tags":[],"class_list":["post-4939","post","type-post","status-publish","format-standard","has-post-thumbnail","hentry","category-noticias","category-noticias-destaque-img"],"jetpack_featured_media_url":"https:\/\/centros.uepb.edu.br\/ccbsa\/files\/2018\/05\/IMG_0719.jpg","_links":{"self":[{"href":"https:\/\/centros.uepb.edu.br\/ccbsa\/wp-json\/wp\/v2\/posts\/4939","targetHints":{"allow":["GET"]}}],"collection":[{"href":"https:\/\/centros.uepb.edu.br\/ccbsa\/wp-json\/wp\/v2\/posts"}],"about":[{"href":"https:\/\/centros.uepb.edu.br\/ccbsa\/wp-json\/wp\/v2\/types\/post"}],"author":[{"embeddable":true,"href":"https:\/\/centros.uepb.edu.br\/ccbsa\/wp-json\/wp\/v2\/users\/8"}],"replies":[{"embeddable":true,"href":"https:\/\/centros.uepb.edu.br\/ccbsa\/wp-json\/wp\/v2\/comments?post=4939"}],"version-history":[{"count":0,"href":"https:\/\/centros.uepb.edu.br\/ccbsa\/wp-json\/wp\/v2\/posts\/4939\/revisions"}],"wp:featuredmedia":[{"embeddable":true,"href":"https:\/\/centros.uepb.edu.br\/ccbsa\/wp-json\/wp\/v2\/media\/4942"}],"wp:attachment":[{"href":"https:\/\/centros.uepb.edu.br\/ccbsa\/wp-json\/wp\/v2\/media?parent=4939"}],"wp:term":[{"taxonomy":"category","embeddable":true,"href":"https:\/\/centros.uepb.edu.br\/ccbsa\/wp-json\/wp\/v2\/categories?post=4939"},{"taxonomy":"post_tag","embeddable":true,"href":"https:\/\/centros.uepb.edu.br\/ccbsa\/wp-json\/wp\/v2\/tags?post=4939"}],"curies":[{"name":"wp","href":"https:\/\/api.w.org\/{rel}","templated":true}]}}