{"id":4932,"date":"2018-05-07T18:47:52","date_gmt":"2018-05-07T18:47:52","guid":{"rendered":"https:\/\/centros.uepb.edu.br\/ccbsa\/?p=4932"},"modified":"2018-05-07T18:58:11","modified_gmt":"2018-05-07T18:58:11","slug":"projeto-de-extensao-do-campus-da-uepb-realiza-formacao-voltada-a-catadores-de-materiais-reciclaveis-da-grande-joao-pessoa","status":"publish","type":"post","link":"https:\/\/centros.uepb.edu.br\/ccbsa\/projeto-de-extensao-do-campus-da-uepb-realiza-formacao-voltada-a-catadores-de-materiais-reciclaveis-da-grande-joao-pessoa\/","title":{"rendered":"Projeto de extens\u00e3o do Campus V da UEPB realiza forma\u00e7\u00e3o voltada a catadores de materiais recicl\u00e1veis da grande Jo\u00e3o Pessoa"},"content":{"rendered":"\n\t\t<style type=\"text\/css\">\n\t\t\t#gallery-1 {\n\t\t\t\tmargin: auto;\n\t\t\t}\n\t\t\t#gallery-1 .gallery-item {\n\t\t\t\tfloat: left;\n\t\t\t\tmargin-top: 10px;\n\t\t\t\ttext-align: center;\n\t\t\t\twidth: 33%;\n\t\t\t}\n\t\t\t#gallery-1 img {\n\t\t\t\tborder: 2px solid #cfcfcf;\n\t\t\t}\n\t\t\t#gallery-1 .gallery-caption {\n\t\t\t\tmargin-left: 0;\n\t\t\t}\n\t\t\t\/* see gallery_shortcode() in wp-includes\/media.php *\/\n\t\t<\/style>\n\t\t<div id='gallery-1' class='gallery galleryid-4932 gallery-columns-3 gallery-size-full'><dl class='gallery-item'>\n\t\t\t<dt class='gallery-icon landscape'>\n\t\t\t\t<a href='https:\/\/centros.uepb.edu.br\/ccbsa\/files\/2018\/05\/FOTOS-PROJETO-2.jpg'><img loading=\"lazy\" decoding=\"async\" width=\"840\" height=\"454\" src=\"https:\/\/centros.uepb.edu.br\/ccbsa\/files\/2018\/05\/FOTOS-PROJETO-2.jpg\" class=\"attachment-full size-full\" alt=\"\" srcset=\"https:\/\/centros.uepb.edu.br\/ccbsa\/files\/2018\/05\/FOTOS-PROJETO-2.jpg 840w, https:\/\/centros.uepb.edu.br\/ccbsa\/files\/2018\/05\/FOTOS-PROJETO-2-300x162.jpg 300w, https:\/\/centros.uepb.edu.br\/ccbsa\/files\/2018\/05\/FOTOS-PROJETO-2-768x415.jpg 768w, https:\/\/centros.uepb.edu.br\/ccbsa\/files\/2018\/05\/FOTOS-PROJETO-2-370x200.jpg 370w\" sizes=\"auto, (max-width: 840px) 100vw, 840px\" \/><\/a>\n\t\t\t<\/dt><\/dl><dl class='gallery-item'>\n\t\t\t<dt class='gallery-icon landscape'>\n\t\t\t\t<a href='https:\/\/centros.uepb.edu.br\/ccbsa\/files\/2018\/05\/FOTOS-PROJETO1.jpg'><img loading=\"lazy\" decoding=\"async\" width=\"840\" height=\"454\" src=\"https:\/\/centros.uepb.edu.br\/ccbsa\/files\/2018\/05\/FOTOS-PROJETO1.jpg\" class=\"attachment-full size-full\" alt=\"\" srcset=\"https:\/\/centros.uepb.edu.br\/ccbsa\/files\/2018\/05\/FOTOS-PROJETO1.jpg 840w, https:\/\/centros.uepb.edu.br\/ccbsa\/files\/2018\/05\/FOTOS-PROJETO1-300x162.jpg 300w, https:\/\/centros.uepb.edu.br\/ccbsa\/files\/2018\/05\/FOTOS-PROJETO1-768x415.jpg 768w, https:\/\/centros.uepb.edu.br\/ccbsa\/files\/2018\/05\/FOTOS-PROJETO1-370x200.jpg 370w\" sizes=\"auto, (max-width: 840px) 100vw, 840px\" \/><\/a>\n\t\t\t<\/dt><\/dl>\n\t\t\t<br style='clear: both' \/>\n\t\t<\/div>\n\n<p>Inspirado pelo ideal da educa\u00e7\u00e3o que atua transformando vidas, o projeto de extens\u00e3o \u201cMobiliza\u00e7\u00e3o, inclus\u00e3o e forma\u00e7\u00e3o de catadores\/as de materiais recicl\u00e1veis da cidade de Jo\u00e3o Pessoa: uma experi\u00eancia necess\u00e1ria\u201d, que \u00e9 vinculado ao Campus V da Universidade Estadual da Para\u00edba (UEPB), tem desenvolvido a\u00e7\u00f5es, desde 2013, buscando melhorar as condi\u00e7\u00f5es de trabalho e a situa\u00e7\u00e3o de vida de catadores de materiais recicl\u00e1veis da grande Jo\u00e3o Pessoa.<\/p>\n<p>Dentre as atividades promovidas pelo projeto est\u00e1 o programa de forma\u00e7\u00e3o, realizado desde dezembro de 2017 at\u00e9 junho de 2018, com dura\u00e7\u00e3o de 320 horas distribu\u00eddas em 10 oficinas com professores da UEPB e profissionais parceiros da iniciativa. Participam do curso representantes de cooperativas de S\u00e3o Rafael\/ Santa Clara, Santa Rita (COREMM), Mandacaru (CATAJAMPA), Mangabeira (ACORDO VERDE), Mangabeira (ASCAMANG), Vale das Palmeiras (ACATAVALE), Comunidade do Timb\u00f3, Gerv\u00e1sio Maia e Empresa Paraibana de Abastecimento de Servi\u00e7os Agr\u00edcolas (EMPASA), que atuar\u00e3o como disseminadores do conhecimento.<\/p>\n<p>As oficinas abordam os temas: \u201cEduca\u00e7\u00e3o ambiental, coleta seletiva e destina\u00e7\u00e3o dos res\u00edduos\u201d; \u201cG\u00eanero e rela\u00e7\u00f5es de trabalho\u201d; \u201cTrabalho em Rede de Comercializa\u00e7\u00e3o\u201d; \u201cGest\u00e3o dos EES e log\u00edstica do caminh\u00e3o\u201d; \u201cGest\u00e3o cont\u00e1bil junto a rede de comercializa\u00e7\u00e3o e os EES\u201d; \u201cContrata\u00e7\u00e3o e gest\u00e3o de contratos de presta\u00e7\u00e3o de servi\u00e7os\u201d; \u201cAutogest\u00e3o e empoderamento dos catadores\/as; 8. Gest\u00e3o de neg\u00f3cios sustent\u00e1veis\u201d; \u201cPol\u00edtica Nacional de Res\u00edduos e Log\u00edstica Reversa\u201d e \u201cConstruindo a sustentabilidade dos EES\u201d.<\/p>\n<p>A contadora Valqu\u00edria Lira, respons\u00e1vel por ministrar o m\u00f3dulo sobre Gest\u00e3o cont\u00e1bil, destacou a import\u00e2ncia desse curso para proporcionar a autogest\u00e3o das associa\u00e7\u00f5es e cooperativas. \u201cEstudamos quest\u00f5es como a organiza\u00e7\u00e3o dos documentos administrativos, a exemplo do livro caixa, como dar entrada no CNPJ e alvar\u00e1 de funcionamento do empreendimento, a necessidade do estatuto, enfim, prestamos as principais orienta\u00e7\u00f5es voltadas \u00e0 legaliza\u00e7\u00e3o dos empreendimentos\u201d, explicou.<\/p>\n<p><strong>Sobre o projeto<\/strong><\/p>\n<p>O projeto de extens\u00e3o \u201cMobiliza\u00e7\u00e3o, inclus\u00e3o e forma\u00e7\u00e3o de catadores\/as de materiais recicl\u00e1veis da cidade de Jo\u00e3o Pessoa: uma experi\u00eancia necess\u00e1ria\u201d, \u00e9 realizado h\u00e1 cinco anos com o objetivo de dar apoio para a formaliza\u00e7\u00e3o e organiza\u00e7\u00e3o em cooperativas, promover a alfabetiza\u00e7\u00e3o e o letramento e, assim, possibilitar melhores condi\u00e7\u00f5es de vida para catadores de materiais recicl\u00e1veis da Zona da Mata (Jo\u00e3o Pessoa, Bayeux e Santa Rita).<\/p>\n<p>Al\u00e9m dessas a\u00e7\u00f5es de alfabetiza\u00e7\u00e3o, o projeto da UEPB, que \u00e9 financiado pelo Minist\u00e9rio do Trabalho e pela Secretaria de Economia Solid\u00e1ria do Governo Federal, adquiriu um caminh\u00e3o que auxilia na log\u00edstica da atividade de cooperativas de catadores atendidas pelo projeto. Tamb\u00e9m foi organizado o Centro de Triagem e Coleta Seletiva da UEPB, localizado em Mandacaru, com um galp\u00e3o destinado a servir de espa\u00e7o de apoio ao p\u00fablico atendido pelo projeto, baias para a separa\u00e7\u00e3o de res\u00edduos e carrinhos destinados ao trabalho e uma sala de aula. Foram adquiridos, ainda, prensa, balan\u00e7a, Equipamentos de Prote\u00e7\u00e3o Individual, geladeira, fog\u00e3o.<\/p>\n<p>As atividades do projeto s\u00e3o acompanhadas por discentes do curso de Ci\u00eancias Biol\u00f3gicas do Campus V da UEPB vinculados ao componente curricular \u201cEduca\u00e7\u00e3o Ambiental\u201d.<\/p>\n<p><em><strong>Texto:<\/strong> Juliana Marques<\/em><\/p>\n<p><em><strong>Fotos:<\/strong> B\u00e1rbara Santos<\/em><\/p>\n","protected":false},"excerpt":{"rendered":"<p>Inspirado pelo ideal da educa\u00e7\u00e3o que atua transformando vidas, o projeto de extens\u00e3o \u201cMobiliza\u00e7\u00e3o, inclus\u00e3o e forma\u00e7\u00e3o de catadores\/as de materiais recicl\u00e1veis da cidade de Jo\u00e3o Pessoa: uma experi\u00eancia necess\u00e1ria\u201d, que \u00e9 vinculado ao Campus V da Universidade Estadual da Para\u00edba (UEPB), tem desenvolvido a\u00e7\u00f5es, desde 2013, buscando melhorar as condi\u00e7\u00f5es de trabalho e a <a class=\"leiamais\" href=\"https:\/\/centros.uepb.edu.br\/ccbsa\/projeto-de-extensao-do-campus-da-uepb-realiza-formacao-voltada-a-catadores-de-materiais-reciclaveis-da-grande-joao-pessoa\/\">Leia Mais&#8230;<\/a><\/p>\n","protected":false},"author":8,"featured_media":4934,"comment_status":"closed","ping_status":"closed","sticky":false,"template":"","format":"standard","meta":{"footnotes":""},"categories":[3,11],"tags":[],"class_list":["post-4932","post","type-post","status-publish","format-standard","has-post-thumbnail","hentry","category-noticias","category-noticias-destaque-img"],"jetpack_featured_media_url":"https:\/\/centros.uepb.edu.br\/ccbsa\/files\/2018\/05\/FOTOS-PROJETO1.jpg","_links":{"self":[{"href":"https:\/\/centros.uepb.edu.br\/ccbsa\/wp-json\/wp\/v2\/posts\/4932","targetHints":{"allow":["GET"]}}],"collection":[{"href":"https:\/\/centros.uepb.edu.br\/ccbsa\/wp-json\/wp\/v2\/posts"}],"about":[{"href":"https:\/\/centros.uepb.edu.br\/ccbsa\/wp-json\/wp\/v2\/types\/post"}],"author":[{"embeddable":true,"href":"https:\/\/centros.uepb.edu.br\/ccbsa\/wp-json\/wp\/v2\/users\/8"}],"replies":[{"embeddable":true,"href":"https:\/\/centros.uepb.edu.br\/ccbsa\/wp-json\/wp\/v2\/comments?post=4932"}],"version-history":[{"count":0,"href":"https:\/\/centros.uepb.edu.br\/ccbsa\/wp-json\/wp\/v2\/posts\/4932\/revisions"}],"wp:featuredmedia":[{"embeddable":true,"href":"https:\/\/centros.uepb.edu.br\/ccbsa\/wp-json\/wp\/v2\/media\/4934"}],"wp:attachment":[{"href":"https:\/\/centros.uepb.edu.br\/ccbsa\/wp-json\/wp\/v2\/media?parent=4932"}],"wp:term":[{"taxonomy":"category","embeddable":true,"href":"https:\/\/centros.uepb.edu.br\/ccbsa\/wp-json\/wp\/v2\/categories?post=4932"},{"taxonomy":"post_tag","embeddable":true,"href":"https:\/\/centros.uepb.edu.br\/ccbsa\/wp-json\/wp\/v2\/tags?post=4932"}],"curies":[{"name":"wp","href":"https:\/\/api.w.org\/{rel}","templated":true}]}}