{"id":4917,"date":"2018-04-24T15:31:53","date_gmt":"2018-04-24T15:31:53","guid":{"rendered":"https:\/\/centros.uepb.edu.br\/ccbsa\/?p=4917"},"modified":"2018-04-24T15:31:53","modified_gmt":"2018-04-24T15:31:53","slug":"obras-de-bloco-de-salas-de-aula-do-campus-v-da-uepb-em-joao-pessoa-tem-inicio-com-preparacao-do-terreno","status":"publish","type":"post","link":"https:\/\/centros.uepb.edu.br\/ccbsa\/obras-de-bloco-de-salas-de-aula-do-campus-v-da-uepb-em-joao-pessoa-tem-inicio-com-preparacao-do-terreno\/","title":{"rendered":"Obras de bloco de salas de aula do Campus V da UEPB em Jo\u00e3o Pessoa tem in\u00edcio com prepara\u00e7\u00e3o do terreno"},"content":{"rendered":"<p><a href=\"https:\/\/centros.uepb.edu.br\/ccbsa\/files\/2018\/04\/IMG_0697.jpg\"><img loading=\"lazy\" decoding=\"async\" class=\"aligncenter size-full wp-image-4918 img-responsive\" src=\"https:\/\/centros.uepb.edu.br\/ccbsa\/files\/2018\/04\/IMG_0697.jpg\" alt=\"\" width=\"840\" height=\"454\" srcset=\"https:\/\/centros.uepb.edu.br\/ccbsa\/files\/2018\/04\/IMG_0697.jpg 840w, https:\/\/centros.uepb.edu.br\/ccbsa\/files\/2018\/04\/IMG_0697-300x162.jpg 300w, https:\/\/centros.uepb.edu.br\/ccbsa\/files\/2018\/04\/IMG_0697-768x415.jpg 768w, https:\/\/centros.uepb.edu.br\/ccbsa\/files\/2018\/04\/IMG_0697-370x200.jpg 370w\" sizes=\"auto, (max-width: 840px) 100vw, 840px\" \/><\/a><\/p>\n<p>Uma conquista para a comunidade acad\u00eamica do Centro de Ci\u00eancias Biol\u00f3gicas e Sociais Aplicadas (CCBSA) da Universidade Estadual da Para\u00edba (UEPB) o novo bloco de salas de aula, cuja constru\u00e7\u00e3o foi autorizada em edital de licita\u00e7\u00e3o do Governo do Estado da Para\u00edba, teve as obras iniciadas e est\u00e1, atualmente, na fase de demoli\u00e7\u00e3o e prepara\u00e7\u00e3o do terreno. Durante a execu\u00e7\u00e3o da obra a \u00e1rea lateral do pr\u00e9dio onde est\u00e1 instalado o Campus V ficar\u00e1 interditada parcialmente para o acesso de carros e pedestres.<\/p>\n<p>O novo bloco de salas de aula, cuja constru\u00e7\u00e3o \u00e9 executada pela empresa Link Engenharia, conta com 18 salas de aula, num investimento de R$ 8 milh\u00f5es. O edital de licita\u00e7\u00e3o para a realiza\u00e7\u00e3o da obra foi lan\u00e7ado em outubro de 2017, e ap\u00f3s essa data foram encaminhados os tr\u00e2mites necess\u00e1rios ao processo. A previs\u00e3o \u00e9 que as instala\u00e7\u00f5es sejam finalizadas em 10 meses. Todo o processo \u00e9 acompanhado pela Superintend\u00eancia de Obras do Plano de Desenvolvimento da Para\u00edba (SUPLAN) tendo a engenheira Idisa Virg\u00ednia Ferreira, como respons\u00e1vel pela gest\u00e3o do contrato e supervis\u00e3o das obras.<\/p>\n<p>A diretora do CCBSA, professora Jacqueline Echeverr\u00eda Barrancos, destaca a import\u00e2ncia dessa obra para a otimiza\u00e7\u00e3o dos espa\u00e7os de pesquisa, extens\u00e3o e pr\u00e1ticas de ensino, al\u00e9m de possibilitar a expans\u00e3o do Campus V. \u201cDesde o in\u00edcio da nossa gest\u00e3o buscamos solu\u00e7\u00f5es para essa dificuldade que o Campus V enfrenta que \u00e9 relacionada \u00e0 falta de um espa\u00e7o pr\u00f3prio. E, atendendo a uma demanda da comunidade acad\u00eamica participamos h\u00e1 1 ano da audi\u00eancia do Or\u00e7amento Democr\u00e1tico do Estado, quando nos foi ofertada a possibilidade de constru\u00e7\u00e3o do bloco de salas de aula e consolida\u00e7\u00e3o definitiva no Campus V nas atuais instala\u00e7\u00f5es. Ap\u00f3s dialogar com a comunidade acad\u00eamica foi iniciado o processo licitat\u00f3rio, que, seguindo os tr\u00e2mites burocr\u00e1ticos necess\u00e1rios na administra\u00e7\u00e3o p\u00fablica est\u00e1 dentro do prazo esperado. Estamos acompanhando o encaminhamento dessa iniciativa com a perspectiva de contar com espa\u00e7os mais adequados para abrigar nossas atividades de ensino e nossos projetos de pesquisa e de extens\u00e3o. Tamb\u00e9m poderemos, a partir da conquista desse novo espa\u00e7o, consolidar o espa\u00e7o f\u00edsico do mestrado em Arquivologia, que em breve dever\u00e1 estar em funcionamento, melhorar as acomoda\u00e7\u00f5es da biblioteca, laborat\u00f3rios, enfim, atenderemos demandas h\u00e1 tempos solicitadas pelos nossos estudantes, professores e t\u00e9cnicos-administrativos\u201d, planejou a diretora.<\/p>\n<p><em><strong>Texto e foto:<\/strong> Juliana Marques<\/em><\/p>\n","protected":false},"excerpt":{"rendered":"<p>Uma conquista para a comunidade acad\u00eamica do Centro de Ci\u00eancias Biol\u00f3gicas e Sociais Aplicadas (CCBSA) da Universidade Estadual da Para\u00edba (UEPB) o novo bloco de salas de aula, cuja constru\u00e7\u00e3o foi autorizada em edital de licita\u00e7\u00e3o do Governo do Estado da Para\u00edba, teve as obras iniciadas e est\u00e1, atualmente, na fase de demoli\u00e7\u00e3o e prepara\u00e7\u00e3o <a class=\"leiamais\" href=\"https:\/\/centros.uepb.edu.br\/ccbsa\/obras-de-bloco-de-salas-de-aula-do-campus-v-da-uepb-em-joao-pessoa-tem-inicio-com-preparacao-do-terreno\/\">Leia Mais&#8230;<\/a><\/p>\n","protected":false},"author":8,"featured_media":4918,"comment_status":"closed","ping_status":"closed","sticky":false,"template":"","format":"standard","meta":{"footnotes":""},"categories":[3,11],"tags":[],"class_list":["post-4917","post","type-post","status-publish","format-standard","has-post-thumbnail","hentry","category-noticias","category-noticias-destaque-img"],"jetpack_featured_media_url":"https:\/\/centros.uepb.edu.br\/ccbsa\/files\/2018\/04\/IMG_0697.jpg","_links":{"self":[{"href":"https:\/\/centros.uepb.edu.br\/ccbsa\/wp-json\/wp\/v2\/posts\/4917","targetHints":{"allow":["GET"]}}],"collection":[{"href":"https:\/\/centros.uepb.edu.br\/ccbsa\/wp-json\/wp\/v2\/posts"}],"about":[{"href":"https:\/\/centros.uepb.edu.br\/ccbsa\/wp-json\/wp\/v2\/types\/post"}],"author":[{"embeddable":true,"href":"https:\/\/centros.uepb.edu.br\/ccbsa\/wp-json\/wp\/v2\/users\/8"}],"replies":[{"embeddable":true,"href":"https:\/\/centros.uepb.edu.br\/ccbsa\/wp-json\/wp\/v2\/comments?post=4917"}],"version-history":[{"count":0,"href":"https:\/\/centros.uepb.edu.br\/ccbsa\/wp-json\/wp\/v2\/posts\/4917\/revisions"}],"wp:featuredmedia":[{"embeddable":true,"href":"https:\/\/centros.uepb.edu.br\/ccbsa\/wp-json\/wp\/v2\/media\/4918"}],"wp:attachment":[{"href":"https:\/\/centros.uepb.edu.br\/ccbsa\/wp-json\/wp\/v2\/media?parent=4917"}],"wp:term":[{"taxonomy":"category","embeddable":true,"href":"https:\/\/centros.uepb.edu.br\/ccbsa\/wp-json\/wp\/v2\/categories?post=4917"},{"taxonomy":"post_tag","embeddable":true,"href":"https:\/\/centros.uepb.edu.br\/ccbsa\/wp-json\/wp\/v2\/tags?post=4917"}],"curies":[{"name":"wp","href":"https:\/\/api.w.org\/{rel}","templated":true}]}}