{"id":4905,"date":"2018-04-23T17:37:40","date_gmt":"2018-04-23T17:37:40","guid":{"rendered":"https:\/\/centros.uepb.edu.br\/ccbsa\/?p=4905"},"modified":"2018-04-23T17:38:41","modified_gmt":"2018-04-23T17:38:41","slug":"livros-da-colecao-dialogos-arquivisticos-publicados-pela-editora-da-uepb-sao-lancados-em-joao-pessoa","status":"publish","type":"post","link":"https:\/\/centros.uepb.edu.br\/ccbsa\/livros-da-colecao-dialogos-arquivisticos-publicados-pela-editora-da-uepb-sao-lancados-em-joao-pessoa\/","title":{"rendered":"Livros da cole\u00e7\u00e3o di\u00e1logos arquiv\u00edsticos publicados pela Editora da UEPB s\u00e3o lan\u00e7ados em Jo\u00e3o Pessoa"},"content":{"rendered":"\n\t\t<style type=\"text\/css\">\n\t\t\t#gallery-1 {\n\t\t\t\tmargin: auto;\n\t\t\t}\n\t\t\t#gallery-1 .gallery-item {\n\t\t\t\tfloat: left;\n\t\t\t\tmargin-top: 10px;\n\t\t\t\ttext-align: center;\n\t\t\t\twidth: 33%;\n\t\t\t}\n\t\t\t#gallery-1 img {\n\t\t\t\tborder: 2px solid #cfcfcf;\n\t\t\t}\n\t\t\t#gallery-1 .gallery-caption {\n\t\t\t\tmargin-left: 0;\n\t\t\t}\n\t\t\t\/* see gallery_shortcode() in wp-includes\/media.php *\/\n\t\t<\/style>\n\t\t<div id='gallery-1' class='gallery galleryid-4905 gallery-columns-3 gallery-size-full'><dl class='gallery-item'>\n\t\t\t<dt class='gallery-icon landscape'>\n\t\t\t\t<a href='https:\/\/centros.uepb.edu.br\/ccbsa\/files\/2018\/04\/IMG_0537.jpg'><img loading=\"lazy\" decoding=\"async\" width=\"840\" height=\"454\" src=\"https:\/\/centros.uepb.edu.br\/ccbsa\/files\/2018\/04\/IMG_0537.jpg\" class=\"attachment-full size-full\" alt=\"\" srcset=\"https:\/\/centros.uepb.edu.br\/ccbsa\/files\/2018\/04\/IMG_0537.jpg 840w, https:\/\/centros.uepb.edu.br\/ccbsa\/files\/2018\/04\/IMG_0537-300x162.jpg 300w, https:\/\/centros.uepb.edu.br\/ccbsa\/files\/2018\/04\/IMG_0537-768x415.jpg 768w, https:\/\/centros.uepb.edu.br\/ccbsa\/files\/2018\/04\/IMG_0537-370x200.jpg 370w\" sizes=\"auto, (max-width: 840px) 100vw, 840px\" \/><\/a>\n\t\t\t<\/dt><\/dl><dl class='gallery-item'>\n\t\t\t<dt class='gallery-icon landscape'>\n\t\t\t\t<a href='https:\/\/centros.uepb.edu.br\/ccbsa\/files\/2018\/04\/IMG_0545.jpg'><img loading=\"lazy\" decoding=\"async\" width=\"840\" height=\"454\" src=\"https:\/\/centros.uepb.edu.br\/ccbsa\/files\/2018\/04\/IMG_0545.jpg\" class=\"attachment-full size-full\" alt=\"\" srcset=\"https:\/\/centros.uepb.edu.br\/ccbsa\/files\/2018\/04\/IMG_0545.jpg 840w, https:\/\/centros.uepb.edu.br\/ccbsa\/files\/2018\/04\/IMG_0545-300x162.jpg 300w, https:\/\/centros.uepb.edu.br\/ccbsa\/files\/2018\/04\/IMG_0545-768x415.jpg 768w, https:\/\/centros.uepb.edu.br\/ccbsa\/files\/2018\/04\/IMG_0545-370x200.jpg 370w\" sizes=\"auto, (max-width: 840px) 100vw, 840px\" \/><\/a>\n\t\t\t<\/dt><\/dl><dl class='gallery-item'>\n\t\t\t<dt class='gallery-icon landscape'>\n\t\t\t\t<a href='https:\/\/centros.uepb.edu.br\/ccbsa\/files\/2018\/04\/IMG_0603.jpg'><img loading=\"lazy\" decoding=\"async\" width=\"840\" height=\"454\" src=\"https:\/\/centros.uepb.edu.br\/ccbsa\/files\/2018\/04\/IMG_0603.jpg\" class=\"attachment-full size-full\" alt=\"\" srcset=\"https:\/\/centros.uepb.edu.br\/ccbsa\/files\/2018\/04\/IMG_0603.jpg 840w, https:\/\/centros.uepb.edu.br\/ccbsa\/files\/2018\/04\/IMG_0603-300x162.jpg 300w, https:\/\/centros.uepb.edu.br\/ccbsa\/files\/2018\/04\/IMG_0603-768x415.jpg 768w, https:\/\/centros.uepb.edu.br\/ccbsa\/files\/2018\/04\/IMG_0603-370x200.jpg 370w\" sizes=\"auto, (max-width: 840px) 100vw, 840px\" \/><\/a>\n\t\t\t<\/dt><\/dl><br style=\"clear: both\" \/><dl class='gallery-item'>\n\t\t\t<dt class='gallery-icon landscape'>\n\t\t\t\t<a href='https:\/\/centros.uepb.edu.br\/ccbsa\/files\/2018\/04\/IMG_0627.jpg'><img loading=\"lazy\" decoding=\"async\" width=\"840\" height=\"454\" src=\"https:\/\/centros.uepb.edu.br\/ccbsa\/files\/2018\/04\/IMG_0627.jpg\" class=\"attachment-full size-full\" alt=\"\" srcset=\"https:\/\/centros.uepb.edu.br\/ccbsa\/files\/2018\/04\/IMG_0627.jpg 840w, https:\/\/centros.uepb.edu.br\/ccbsa\/files\/2018\/04\/IMG_0627-300x162.jpg 300w, https:\/\/centros.uepb.edu.br\/ccbsa\/files\/2018\/04\/IMG_0627-768x415.jpg 768w, https:\/\/centros.uepb.edu.br\/ccbsa\/files\/2018\/04\/IMG_0627-370x200.jpg 370w\" sizes=\"auto, (max-width: 840px) 100vw, 840px\" \/><\/a>\n\t\t\t<\/dt><\/dl><dl class='gallery-item'>\n\t\t\t<dt class='gallery-icon landscape'>\n\t\t\t\t<a href='https:\/\/centros.uepb.edu.br\/ccbsa\/files\/2018\/04\/IMG_0656.jpg'><img loading=\"lazy\" decoding=\"async\" width=\"840\" height=\"454\" src=\"https:\/\/centros.uepb.edu.br\/ccbsa\/files\/2018\/04\/IMG_0656.jpg\" class=\"attachment-full size-full\" alt=\"\" srcset=\"https:\/\/centros.uepb.edu.br\/ccbsa\/files\/2018\/04\/IMG_0656.jpg 840w, https:\/\/centros.uepb.edu.br\/ccbsa\/files\/2018\/04\/IMG_0656-300x162.jpg 300w, https:\/\/centros.uepb.edu.br\/ccbsa\/files\/2018\/04\/IMG_0656-768x415.jpg 768w, https:\/\/centros.uepb.edu.br\/ccbsa\/files\/2018\/04\/IMG_0656-370x200.jpg 370w\" sizes=\"auto, (max-width: 840px) 100vw, 840px\" \/><\/a>\n\t\t\t<\/dt><\/dl><dl class='gallery-item'>\n\t\t\t<dt class='gallery-icon landscape'>\n\t\t\t\t<a href='https:\/\/centros.uepb.edu.br\/ccbsa\/files\/2018\/04\/IMG_0659.jpg'><img loading=\"lazy\" decoding=\"async\" width=\"840\" height=\"454\" src=\"https:\/\/centros.uepb.edu.br\/ccbsa\/files\/2018\/04\/IMG_0659.jpg\" class=\"attachment-full size-full\" alt=\"\" srcset=\"https:\/\/centros.uepb.edu.br\/ccbsa\/files\/2018\/04\/IMG_0659.jpg 840w, https:\/\/centros.uepb.edu.br\/ccbsa\/files\/2018\/04\/IMG_0659-300x162.jpg 300w, https:\/\/centros.uepb.edu.br\/ccbsa\/files\/2018\/04\/IMG_0659-768x415.jpg 768w, https:\/\/centros.uepb.edu.br\/ccbsa\/files\/2018\/04\/IMG_0659-370x200.jpg 370w\" sizes=\"auto, (max-width: 840px) 100vw, 840px\" \/><\/a>\n\t\t\t<\/dt><\/dl><br style=\"clear: both\" \/><dl class='gallery-item'>\n\t\t\t<dt class='gallery-icon landscape'>\n\t\t\t\t<a href='https:\/\/centros.uepb.edu.br\/ccbsa\/files\/2018\/04\/IMG_0675.jpg'><img loading=\"lazy\" decoding=\"async\" width=\"840\" height=\"454\" src=\"https:\/\/centros.uepb.edu.br\/ccbsa\/files\/2018\/04\/IMG_0675.jpg\" class=\"attachment-full size-full\" alt=\"\" srcset=\"https:\/\/centros.uepb.edu.br\/ccbsa\/files\/2018\/04\/IMG_0675.jpg 840w, https:\/\/centros.uepb.edu.br\/ccbsa\/files\/2018\/04\/IMG_0675-300x162.jpg 300w, https:\/\/centros.uepb.edu.br\/ccbsa\/files\/2018\/04\/IMG_0675-768x415.jpg 768w, https:\/\/centros.uepb.edu.br\/ccbsa\/files\/2018\/04\/IMG_0675-370x200.jpg 370w\" sizes=\"auto, (max-width: 840px) 100vw, 840px\" \/><\/a>\n\t\t\t<\/dt><\/dl>\n\t\t\t<br style='clear: both' \/>\n\t\t<\/div>\n\n<p>Frutos de um trabalho coletivo de discentes e docentes do curso de Arquivologia da Universidade Estadual da Para\u00edba (UEPB) e institui\u00e7\u00f5es parceiras do Brasil e Portugal, os cinco primeiros livros da Cole\u00e7\u00e3o \u201cDi\u00e1logos Arquiv\u00edsticos\u201d, publicado pela Editora da Universidade Estadual da Para\u00edba (EDUEPB) foram lan\u00e7ados na sexta-feira (20) na Funda\u00e7\u00e3o Casa de Jos\u00e9 Am\u00e9rico, em Jo\u00e3o Pessoa.<br \/>\nOrganizada pelos professores Eliete Correia dos Santos, Henrique Fran\u00e7a, Josemar Melo e Jaqueline Barrancos, do curso de Arquivologia da UEPB, a cole\u00e7\u00e3o \u201cDi\u00e1logos Arquiv\u00edsticos\u201d re\u00fane os livros que s\u00e3o fruto dos trabalhos desenvolvidos pelo Grupo de Pesquisa Arquivologia e Sociedade (GPAS) e do \u201cSemin\u00e1rio de Saberes Arquiv\u00edsticos\u201d (SESA): \u201cSemin\u00e1rio de Saberes Arquiv\u00edsticos \u2013 SESA Interc\u00e2mbio: coopera\u00e7\u00e3o acad\u00eamica e media\u00e7\u00f5es interdisciplinares\u201d, \u201cArquivologia, hist\u00f3ria, tipologias e pr\u00e1ticas profissionais\u201d, \u201cSemin\u00e1rio de Saberes Arquiv\u00edsticos Interc\u00e2mbio (SESA): interfaces do aprendizado na universidade\u201d, \u201cDez anos do Semin\u00e1rio de Saberes Arquiv\u00edsticos (SESA): mem\u00f3ria e contribui\u00e7\u00e3o para a Arquivologia\u201d e \u201cPesquisa em Arquivologia, Fronteiras e Perspectivas Epistemol\u00f3gicas\u201d. As obras contam com produ\u00e7\u00f5es de professores da UEPB, Universidade Federal da Para\u00edba (UFPB), Universidade do Porto, Universidade de Coimbra e Instituto Polit\u00e9cnico do Porto.<\/p>\n<p>Na oportunidade, a coordenadora do projeto SESA, professora Eliete Correia dos Santos, agradeceu aos autores dos livros e enalteceu o car\u00e1ter coletivo das produ\u00e7\u00f5es. \u201cO SESA tem essa filosofia da coopera\u00e7\u00e3o acad\u00eamica, do trabalho feito a muitas m\u00e3os. Nesse caso, as cinco obras que estamos lan\u00e7ando s\u00e3o resultado do trabalho de 98 autores, entre eles muitos discentes que s\u00e3o estimulados a ultrapassar as fronteiras do conhecimento e repensar valores epistemol\u00f3gicos e sociais da Arquivologia\u201d, declarou.<\/p>\n<p>A egressa do curso de Arquivologia da UEPB, Gerlane Farias, que foi autora do trabalho \u201cA gest\u00e3o documental: instrumento de organiza\u00e7\u00e3o e preserva\u00e7\u00e3o da mem\u00f3ria documental do IPHAN-PB\u201d no livro \u201cSemin\u00e1rio de Saberes Arquiv\u00edsticos \u2013 SESA Interc\u00e2mbio: coopera\u00e7\u00e3o acad\u00eamica e media\u00e7\u00f5es interdisciplinares\u201d, destacou a emo\u00e7\u00e3o de ter um trabalho publicado, apresentando uma experi\u00eancia de est\u00e1gio quando ainda era estudante de gradua\u00e7\u00e3o.<\/p>\n<p>J\u00e1 o estudante do 8\u00ba per\u00edodo de Arquivologia Igor Filgueira celebra a conclus\u00e3o desse trabalho antes mesmo de finalizar a gradua\u00e7\u00e3o, e relembra o desafio que foi produzir esse texto. \u201cA ideia de publica\u00e7\u00e3o da obra foi lan\u00e7ada quando eu ainda estava no 2\u00ba per\u00edodo do curso e nos dedicamos muito para produzir esses textos, o que nos trouxe bastante amadurecimento.<\/p>\n<p>O lan\u00e7amento dos livros foi encerrado com um coquetel e uma apresenta\u00e7\u00e3o musical com o estudante de Arquivologia Beto Tavares.<\/p>\n<p><strong>Sobre os livros<\/strong><\/p>\n<p>A publica\u00e7\u00e3o \u201cSemin\u00e1rio de Saberes Arquiv\u00edsticos \u2013 SESA Interc\u00e2mbio: coopera\u00e7\u00e3o acad\u00eamica e media\u00e7\u00f5es interdisciplinares\u201d, re\u00fane saberes interdisciplinares de extens\u00e3o, ensino e pesquisa, de pesquisadores e seus discentes do Brasil e de Portugal parceiros do Semin\u00e1rio de Saberes Arquiv\u00edsticos (SESA). A obra \u00e9 dividida em duas partes tem\u00e1ticas: \u201cSaberes e pr\u00e1ticas em ci\u00eancia da informa\u00e7\u00e3o e arquivologia\u201d e \u201cTecnologia e gest\u00e3o da informa\u00e7\u00e3o\u201d.<\/p>\n<p>O livro \u201cArquivologia, hist\u00f3ria, tipologias e pr\u00e1ticas profissionais\u201d \u00e9 uma colet\u00e2nea organizada em treze cap\u00edtulos sobre os mais variados temas da Arquivologia e \u00e1reas afins, considerando a experi\u00eancia pr\u00e1tica dos autores brasileiros e portugueses envolvidos numa coopera\u00e7\u00e3o acad\u00eamica da Universidade Estadual da Para\u00edba (UEPB), Universidade do Porto (UP), Universidade de Coimbra (UC), Instituto Polit\u00e9cnico do Porto (IPP) e Universidade Federal da Para\u00edba (UFPB) que s\u00e3o parceiras do Projeto Semin\u00e1rio de Saberes Arquiv\u00edsticos (SESA). Os cap\u00edtulos perpassam pela parte hist\u00f3rica, conceitual, tipol\u00f3gica e os modelos te\u00f3ricos, at\u00e9 as quest\u00f5es metodol\u00f3gicas, de sistema e pr\u00e1tica profissional da Arquivologia.<\/p>\n<p>A professora Jacqueline Echeverr\u00eda Barrancos, uma das escritoras da obra \u201cArquivologia, hist\u00f3ria, tipologias e pr\u00e1ticas profissionais\u201d, destaca que \u201ca perspectiva do trabalho realizado, robustece a posi\u00e7\u00e3o do paradigma b\u00e1sico em Arquivologia como ferramenta de apoio para sistematizar e organizar uma pesquisa. No decorrer do cap\u00edtulo de autoria da docente a autora mostra a preocupa\u00e7\u00e3o de identificar o objeto do campo de investiga\u00e7\u00e3o e de posicionar a Arquivologia como: t\u00e9cnica, disciplina ou ci\u00eancia\u201d.<\/p>\n<p>A obra \u201cSemin\u00e1rio de Saberes Arquiv\u00edsticos Interc\u00e2mbio (SESA): interfaces do aprendizado na universidade\u201d divulga as produ\u00e7\u00f5es iniciais de alunos do projeto SESA (projeto de extens\u00e3o, pesquisa e ensino) e estimula a escrita de G\u00eaneros Acad\u00eamicos que circulam em diversas \u00e1reas do conhecimento.<\/p>\n<p>O livro \u201cDez anos do Semin\u00e1rio de Saberes Arquiv\u00edsticos (SESA): mem\u00f3ria e contribui\u00e7\u00e3o para a Arquivologia\u201d traz a hist\u00f3ria de produ\u00e7\u00e3o acad\u00eamica ao longo de uma d\u00e9cada de hist\u00f3ria do Projeto SESA. O projeto, iniciado em 2007, a partir da experi\u00eancia nas aulas dos componentes curriculares \u201cOficina de Textos I e II\u201d, do curso de Arquivologia, para suprir uma dificuldade dos discentes para falar em p\u00fablico e produzir textos, \u00e9 desenvolvido de forma cont\u00ednua com excurs\u00f5es pedag\u00f3gicas, mostras de linguagens, palestras, mesas-redondas, cursos, e, publica\u00e7\u00e3o de livros com o material produzido.<\/p>\n<p>E a obra \u201cPesquisa em Arquivologia, Fronteiras e Perspectivas Epistemol\u00f3gicas\u201d, apresenta o \u201cdi\u00e1logo\u201d entre a Teoria Dial\u00f3gica da Linguagem, que tem em Bakhtin, Volochinov e outros a express\u00e3o de uma das mais inovadoras reflex\u00f5es acerca da pesquisa em ci\u00eancias humanas, e a Arquivologia como disciplina cient\u00edfica ou ci\u00eancia em solo brasileiro.<\/p>\n<p>As publica\u00e7\u00f5es s\u00e3o um incremento \u00e0 produ\u00e7\u00e3o cient\u00edfica do curso de Arquivologia, que est\u00e1 em fase de ajustes finais para a implementa\u00e7\u00e3o do Mestrado em Arquivologia. A proposta, idealizada desde 2008 e apresentada \u00e0 Coordena\u00e7\u00e3o de Aperfei\u00e7oamento de Pessoal de N\u00edvel Superior (Capes) em 2017, conta com o envolvimento de pesquisadores da UEPB e de institui\u00e7\u00f5es parceiras, que juntos buscaram construir a ideia do primeiro Mestrado acad\u00eamico em Arquivologia do Brasil.<\/p>\n<p>O diretor da Editora Universit\u00e1ria da Universidade Estadual da Para\u00edba (EDUEPB), professor Luciano Nascimento, destacou que a ideia \u00e9 lan\u00e7ar pelo menos um volume dessa cole\u00e7\u00e3o por ano. Os recursos financeiros s\u00e3o oriundos do Conselho Nacional de Desenvolvimento Cient\u00edfico e Tecnol\u00f3gico (CNpq). Todos os livros foram publicados pela EDUEPB.<\/p>\n<p><em><strong>Texto e fotos:<\/strong> Juliana Marques<\/em><\/p>\n","protected":false},"excerpt":{"rendered":"<p>Frutos de um trabalho coletivo de discentes e docentes do curso de Arquivologia da Universidade Estadual da Para\u00edba (UEPB) e institui\u00e7\u00f5es parceiras do Brasil e Portugal, os cinco primeiros livros da Cole\u00e7\u00e3o \u201cDi\u00e1logos Arquiv\u00edsticos\u201d, publicado pela Editora da Universidade Estadual da Para\u00edba (EDUEPB) foram lan\u00e7ados na sexta-feira (20) na Funda\u00e7\u00e3o Casa de Jos\u00e9 Am\u00e9rico, em <a class=\"leiamais\" href=\"https:\/\/centros.uepb.edu.br\/ccbsa\/livros-da-colecao-dialogos-arquivisticos-publicados-pela-editora-da-uepb-sao-lancados-em-joao-pessoa\/\">Leia Mais&#8230;<\/a><\/p>\n","protected":false},"author":8,"featured_media":4912,"comment_status":"closed","ping_status":"closed","sticky":false,"template":"","format":"standard","meta":{"footnotes":""},"categories":[3,11],"tags":[],"class_list":["post-4905","post","type-post","status-publish","format-standard","has-post-thumbnail","hentry","category-noticias","category-noticias-destaque-img"],"jetpack_featured_media_url":"https:\/\/centros.uepb.edu.br\/ccbsa\/files\/2018\/04\/IMG_0675.jpg","_links":{"self":[{"href":"https:\/\/centros.uepb.edu.br\/ccbsa\/wp-json\/wp\/v2\/posts\/4905","targetHints":{"allow":["GET"]}}],"collection":[{"href":"https:\/\/centros.uepb.edu.br\/ccbsa\/wp-json\/wp\/v2\/posts"}],"about":[{"href":"https:\/\/centros.uepb.edu.br\/ccbsa\/wp-json\/wp\/v2\/types\/post"}],"author":[{"embeddable":true,"href":"https:\/\/centros.uepb.edu.br\/ccbsa\/wp-json\/wp\/v2\/users\/8"}],"replies":[{"embeddable":true,"href":"https:\/\/centros.uepb.edu.br\/ccbsa\/wp-json\/wp\/v2\/comments?post=4905"}],"version-history":[{"count":0,"href":"https:\/\/centros.uepb.edu.br\/ccbsa\/wp-json\/wp\/v2\/posts\/4905\/revisions"}],"wp:featuredmedia":[{"embeddable":true,"href":"https:\/\/centros.uepb.edu.br\/ccbsa\/wp-json\/wp\/v2\/media\/4912"}],"wp:attachment":[{"href":"https:\/\/centros.uepb.edu.br\/ccbsa\/wp-json\/wp\/v2\/media?parent=4905"}],"wp:term":[{"taxonomy":"category","embeddable":true,"href":"https:\/\/centros.uepb.edu.br\/ccbsa\/wp-json\/wp\/v2\/categories?post=4905"},{"taxonomy":"post_tag","embeddable":true,"href":"https:\/\/centros.uepb.edu.br\/ccbsa\/wp-json\/wp\/v2\/tags?post=4905"}],"curies":[{"name":"wp","href":"https:\/\/api.w.org\/{rel}","templated":true}]}}