{"id":490,"date":"2013-07-18T14:19:30","date_gmt":"2013-07-18T14:19:30","guid":{"rendered":"\/ccbsa\/?p=490"},"modified":"2013-07-23T15:45:31","modified_gmt":"2013-07-23T15:45:31","slug":"curso-de-arquivologia-promove-evento-sobre-seguranca-e-validade-juridica-para-documentos-digitais","status":"publish","type":"post","link":"https:\/\/centros.uepb.edu.br\/ccbsa\/curso-de-arquivologia-promove-evento-sobre-seguranca-e-validade-juridica-para-documentos-digitais\/","title":{"rendered":"Curso de Arquivologia promove evento sobre seguran\u00e7a e validade jur\u00eddica para documentos digitais"},"content":{"rendered":"<p>\u201cUm movimento de virtualiza\u00e7\u00e3o afeta hoje n\u00e3o apenas a informa\u00e7\u00e3o e comunica\u00e7\u00e3o, mas tamb\u00e9m o funcionamento econ\u00f4mico, os quadros coletivos da sensibilidade. Certamente nunca antes as mudan\u00e7as das t\u00e9cnicas, da economia, dos costumes, foram t\u00e3o r\u00e1pidas e desestabilizantes\u201d, essas palavras do fil\u00f3sofo Pierre Lev\u00fd tratam da realidade vivenciada pela sociedade no momento atual, na qual cada vez mais as transa\u00e7\u00f5es e rela\u00e7\u00f5es pessoais e profissionais migram do mundo real para a esfera virtual, e com isso, o suporte f\u00edsico de documentos \u00e9 substitu\u00eddo pelas vers\u00f5es digitalizadas. Mas como assegurar a validade jur\u00eddica e a seguran\u00e7a no processo de digitaliza\u00e7\u00e3o destes documentos?<\/p>\n<p>Com objetivo de discutir essa tem\u00e1tica, os estudantes do 5\u00ba per\u00edodo do curso de Arquivologia, vinculados ao componente curricular \u201cDocumentos digitais\u201d, que \u00e9 coordenado pelo professor Josemar Henrique de Melo, realizam,\u00a0nesta quinta-feira,\u00a025 de julho, \u00e0s 9h30, no audit\u00f3rio Pioneiros, a mesa-redonda \u201cSeguran\u00e7a Digital e Validade Jur\u00eddica para documentos digitais\u201d, que ser\u00e1 ministrada pelo do diretor do CCJ da UEPB, professor Cl\u00e1udio Lucena e do diretor superintendente do Instituto de Metrologia e Qualidade Industrial da Para\u00edba, Krol J\u00e2nio.<\/p>\n<p>O evento \u00e9 voltado aos estudantes e docentes de todos os cursos do Campus V al\u00e9m de interessados na tem\u00e1tica a ser discutida.<\/p>\n<p><strong>Sobre os ministrantes<\/strong><\/p>\n<p>O professor Cl\u00e1udio Lucena \u00e9 Diretor do Centro de Ci\u00eancias Jur\u00eddicas da UEPB, Campus I, especialista em Direito Civil e Empresarial pela Universidade Federal de Pernambuco (UFPE), bacharel em Direito pela UEPB e em Ci\u00eancia da Computa\u00e7\u00e3o pela UFPB. \u00c9 membro do Instituto Brasileiro de Direito Eletr\u00f4nico, IBDE, e advogado especializado na consultoria e no trabalho voltado \u00e0 propriedade intelectual e direito de tecnologia da informa\u00e7\u00e3o.<\/p>\n<p>J\u00e1 o superintendente do IMEQ, Krol J\u00e2nio, possui gradua\u00e7\u00e3o em Ci\u00eancia da Computa\u00e7\u00e3o pela Associa\u00e7\u00e3o Paraibana de Ensino Renomado e \u00e9 especializando em Redes de Computadores pela Escola Superior Aberta do Brasil. Possui ampla experi\u00eancia e conhecimento em CMS &#8211; Content Management Systems e aplica\u00e7\u00f5es WEB, j\u00e1 tendo atuado como docente do curso de Arquivologia da UEPB, de 2010 a 2012, ministrando os componentes curriculares na \u00e1rea de tecnologia da informa\u00e7\u00e3o.<\/p>\n","protected":false},"excerpt":{"rendered":"<p>\u201cUm movimento de virtualiza\u00e7\u00e3o afeta hoje n\u00e3o apenas a informa\u00e7\u00e3o e comunica\u00e7\u00e3o, mas tamb\u00e9m o funcionamento econ\u00f4mico, os quadros coletivos da sensibilidade. Certamente nunca antes as mudan\u00e7as das t\u00e9cnicas, da economia, dos costumes, foram t\u00e3o r\u00e1pidas e desestabilizantes\u201d, essas palavras do fil\u00f3sofo Pierre Lev\u00fd tratam da realidade vivenciada pela sociedade no momento atual, na qual <a class=\"leiamais\" href=\"https:\/\/centros.uepb.edu.br\/ccbsa\/curso-de-arquivologia-promove-evento-sobre-seguranca-e-validade-juridica-para-documentos-digitais\/\">Leia Mais&#8230;<\/a><\/p>\n","protected":false},"author":8,"featured_media":0,"comment_status":"open","ping_status":"open","sticky":false,"template":"","format":"standard","meta":{"footnotes":""},"categories":[3,5],"tags":[],"class_list":["post-490","post","type-post","status-publish","format-standard","hentry","category-noticias","category-visiveis"],"jetpack_featured_media_url":"","_links":{"self":[{"href":"https:\/\/centros.uepb.edu.br\/ccbsa\/wp-json\/wp\/v2\/posts\/490","targetHints":{"allow":["GET"]}}],"collection":[{"href":"https:\/\/centros.uepb.edu.br\/ccbsa\/wp-json\/wp\/v2\/posts"}],"about":[{"href":"https:\/\/centros.uepb.edu.br\/ccbsa\/wp-json\/wp\/v2\/types\/post"}],"author":[{"embeddable":true,"href":"https:\/\/centros.uepb.edu.br\/ccbsa\/wp-json\/wp\/v2\/users\/8"}],"replies":[{"embeddable":true,"href":"https:\/\/centros.uepb.edu.br\/ccbsa\/wp-json\/wp\/v2\/comments?post=490"}],"version-history":[{"count":0,"href":"https:\/\/centros.uepb.edu.br\/ccbsa\/wp-json\/wp\/v2\/posts\/490\/revisions"}],"wp:attachment":[{"href":"https:\/\/centros.uepb.edu.br\/ccbsa\/wp-json\/wp\/v2\/media?parent=490"}],"wp:term":[{"taxonomy":"category","embeddable":true,"href":"https:\/\/centros.uepb.edu.br\/ccbsa\/wp-json\/wp\/v2\/categories?post=490"},{"taxonomy":"post_tag","embeddable":true,"href":"https:\/\/centros.uepb.edu.br\/ccbsa\/wp-json\/wp\/v2\/tags?post=490"}],"curies":[{"name":"wp","href":"https:\/\/api.w.org\/{rel}","templated":true}]}}