{"id":4877,"date":"2018-04-09T15:41:20","date_gmt":"2018-04-09T15:41:20","guid":{"rendered":"https:\/\/centros.uepb.edu.br\/ccbsa\/?p=4877"},"modified":"2018-04-09T15:55:04","modified_gmt":"2018-04-09T15:55:04","slug":"engenheiro-de-empresa-responsavel-por-construcao-no-bloco-de-salas-de-aulas-do-campus-v-realiza-visita-para-acertar-detalhes-antes-de-inicio-da-obra","status":"publish","type":"post","link":"https:\/\/centros.uepb.edu.br\/ccbsa\/engenheiro-de-empresa-responsavel-por-construcao-no-bloco-de-salas-de-aulas-do-campus-v-realiza-visita-para-acertar-detalhes-antes-de-inicio-da-obra\/","title":{"rendered":"Engenheiro de empresa respons\u00e1vel por constru\u00e7\u00e3o no bloco de salas de aulas do Campus V realiza visita para acertar detalhes antes de in\u00edcio da obra"},"content":{"rendered":"<p><a href=\"https:\/\/centros.uepb.edu.br\/ccbsa\/files\/2018\/04\/IMG_0502.jpg\"><img loading=\"lazy\" decoding=\"async\" class=\"aligncenter size-full wp-image-4878 img-responsive\" src=\"https:\/\/centros.uepb.edu.br\/ccbsa\/files\/2018\/04\/IMG_0502.jpg\" alt=\"\" width=\"840\" height=\"454\" srcset=\"https:\/\/centros.uepb.edu.br\/ccbsa\/files\/2018\/04\/IMG_0502.jpg 840w, https:\/\/centros.uepb.edu.br\/ccbsa\/files\/2018\/04\/IMG_0502-300x162.jpg 300w, https:\/\/centros.uepb.edu.br\/ccbsa\/files\/2018\/04\/IMG_0502-768x415.jpg 768w, https:\/\/centros.uepb.edu.br\/ccbsa\/files\/2018\/04\/IMG_0502-370x200.jpg 370w\" sizes=\"auto, (max-width: 840px) 100vw, 840px\" \/><\/a><\/p>\n<p>O engenheiro Wagner Pericles Amorim, da empresa Link Engenharia, esteve no Campus V da Universidade Estadual da Para\u00edba (UEPB), na manh\u00e3 desta segunda-feira (9), para visitar as instala\u00e7\u00f5es do Centro de Ci\u00eancias Biol\u00f3gicas e Sociais Aplicadas e acertar detalhes da obra de constru\u00e7\u00e3o do bloco de salas de aula, que, dever\u00e1 ter in\u00edcio nos pr\u00f3ximos dias.<\/p>\n<p>O edital de licita\u00e7\u00e3o para a realiza\u00e7\u00e3o da obra foi lan\u00e7ado em outubro de 2017, e ap\u00f3s essa data foram encaminhados os tr\u00e2mites necess\u00e1rios ao processo. A empresa aprovada no referido edital, Link Engenharia, ficar\u00e1 respons\u00e1vel pela constru\u00e7\u00e3o do bloco com 18 salas de aula, num investimento de\u00a0R$ 8 milh\u00f5es. A previs\u00e3o \u00e9 que as instala\u00e7\u00f5es sejam finalizadas em 10 meses. Todo o processo \u00e9 acompanhado pela Superintend\u00eancia de Obras do Plano de Desenvolvimento da Para\u00edba (SUPLAN), tendo a <a href=\"http:\/\/static.paraiba.pb.gov.br\/2018\/03\/Diario-Oficial-09-03-2018.pdf\">engenheira Idisa Virg\u00ednia Ferreira, como respons\u00e1vel pela gest\u00e3o do contrato e supervis\u00e3o das obras<\/a>.<\/p>\n<p>A diretora do CCBSA, professora Jacqueline Echeverr\u00eda Barrancos, destaca a import\u00e2ncia dessa obra para a otimiza\u00e7\u00e3o dos espa\u00e7os de pesquisa, extens\u00e3o e pr\u00e1ticas de ensino, al\u00e9m de possibilitar a expans\u00e3o do Campus V. &#8220;Desde o in\u00edcio da nossa gest\u00e3o buscamos solu\u00e7\u00f5es para essa dificuldade que o Campus V enfrenta que \u00e9 relacionada \u00e0 falta de um espa\u00e7o pr\u00f3prio. E, atendendo a uma demanda da comunidade acad\u00eamica participamos h\u00e1 1 ano da audi\u00eancia do Or\u00e7amento Democr\u00e1tico do Estado, quando nos foi ofertada a possibilidade de constru\u00e7\u00e3o do bloco de salas de aula e consolida\u00e7\u00e3o definitiva no Campus V nas atuais instala\u00e7\u00f5es. Ap\u00f3s dialogar com a comunidade acad\u00eamica foi iniciado o processo licitat\u00f3rio, que, seguindo os tr\u00e2mites burocr\u00e1ticos necess\u00e1rios na administra\u00e7\u00e3o p\u00fablica est\u00e1 dentro do prazo esperado. Estamos acompanhando o encaminhamento dessa iniciativa com a perspectiva de contar com espa\u00e7os mais adequados para abrigar nossas atividades de ensino e nossos projetos de pesquisa e de extens\u00e3o. Tamb\u00e9m poderemos, a partir da conquista desse novo espa\u00e7o, consolidar o espa\u00e7o f\u00edsico do mestrado em Arquivologia, que em breve dever\u00e1 estar em funcionamento, melhorar as acomoda\u00e7\u00f5es da biblioteca, laborat\u00f3rios, enfim, atenderemos demandas h\u00e1 tempos solicitadas pelos nossos estudantes, professores e t\u00e9cnicos-administrativos&#8221;, planejou a diretora.<\/p>\n<p><strong>Texto e fotos:<\/strong> <em>Juliana Marques<\/em><\/p>\n","protected":false},"excerpt":{"rendered":"<p>O engenheiro Wagner Pericles Amorim, da empresa Link Engenharia, esteve no Campus V da Universidade Estadual da Para\u00edba (UEPB), na manh\u00e3 desta segunda-feira (9), para visitar as instala\u00e7\u00f5es do Centro de Ci\u00eancias Biol\u00f3gicas e Sociais Aplicadas e acertar detalhes da obra de constru\u00e7\u00e3o do bloco de salas de aula, que, dever\u00e1 ter in\u00edcio nos pr\u00f3ximos <a class=\"leiamais\" href=\"https:\/\/centros.uepb.edu.br\/ccbsa\/engenheiro-de-empresa-responsavel-por-construcao-no-bloco-de-salas-de-aulas-do-campus-v-realiza-visita-para-acertar-detalhes-antes-de-inicio-da-obra\/\">Leia Mais&#8230;<\/a><\/p>\n","protected":false},"author":8,"featured_media":4878,"comment_status":"closed","ping_status":"closed","sticky":false,"template":"","format":"standard","meta":{"footnotes":""},"categories":[3,11],"tags":[],"class_list":["post-4877","post","type-post","status-publish","format-standard","has-post-thumbnail","hentry","category-noticias","category-noticias-destaque-img"],"jetpack_featured_media_url":"https:\/\/centros.uepb.edu.br\/ccbsa\/files\/2018\/04\/IMG_0502.jpg","_links":{"self":[{"href":"https:\/\/centros.uepb.edu.br\/ccbsa\/wp-json\/wp\/v2\/posts\/4877","targetHints":{"allow":["GET"]}}],"collection":[{"href":"https:\/\/centros.uepb.edu.br\/ccbsa\/wp-json\/wp\/v2\/posts"}],"about":[{"href":"https:\/\/centros.uepb.edu.br\/ccbsa\/wp-json\/wp\/v2\/types\/post"}],"author":[{"embeddable":true,"href":"https:\/\/centros.uepb.edu.br\/ccbsa\/wp-json\/wp\/v2\/users\/8"}],"replies":[{"embeddable":true,"href":"https:\/\/centros.uepb.edu.br\/ccbsa\/wp-json\/wp\/v2\/comments?post=4877"}],"version-history":[{"count":0,"href":"https:\/\/centros.uepb.edu.br\/ccbsa\/wp-json\/wp\/v2\/posts\/4877\/revisions"}],"wp:featuredmedia":[{"embeddable":true,"href":"https:\/\/centros.uepb.edu.br\/ccbsa\/wp-json\/wp\/v2\/media\/4878"}],"wp:attachment":[{"href":"https:\/\/centros.uepb.edu.br\/ccbsa\/wp-json\/wp\/v2\/media?parent=4877"}],"wp:term":[{"taxonomy":"category","embeddable":true,"href":"https:\/\/centros.uepb.edu.br\/ccbsa\/wp-json\/wp\/v2\/categories?post=4877"},{"taxonomy":"post_tag","embeddable":true,"href":"https:\/\/centros.uepb.edu.br\/ccbsa\/wp-json\/wp\/v2\/tags?post=4877"}],"curies":[{"name":"wp","href":"https:\/\/api.w.org\/{rel}","templated":true}]}}