{"id":4867,"date":"2018-04-06T14:50:14","date_gmt":"2018-04-06T14:50:14","guid":{"rendered":"https:\/\/centros.uepb.edu.br\/ccbsa\/?p=4867"},"modified":"2018-04-06T14:50:14","modified_gmt":"2018-04-06T14:50:14","slug":"aulas-de-curso-de-oratoria-promovido-por-projeto-do-campus-v-da-uepb-tem-inicio-nesta-sexta-feira-6","status":"publish","type":"post","link":"https:\/\/centros.uepb.edu.br\/ccbsa\/aulas-de-curso-de-oratoria-promovido-por-projeto-do-campus-v-da-uepb-tem-inicio-nesta-sexta-feira-6\/","title":{"rendered":"Aulas de curso de orat\u00f3ria promovido por projeto do Campus V da UEPB t\u00eam in\u00edcio nesta sexta-feira (6)"},"content":{"rendered":"<p><a href=\"https:\/\/centros.uepb.edu.br\/ccbsa\/files\/2018\/04\/IMG_0484.jpg\"><img loading=\"lazy\" decoding=\"async\" class=\"aligncenter size-full wp-image-4868 img-responsive\" src=\"https:\/\/centros.uepb.edu.br\/ccbsa\/files\/2018\/04\/IMG_0484.jpg\" alt=\"\" width=\"840\" height=\"454\" srcset=\"https:\/\/centros.uepb.edu.br\/ccbsa\/files\/2018\/04\/IMG_0484.jpg 840w, https:\/\/centros.uepb.edu.br\/ccbsa\/files\/2018\/04\/IMG_0484-300x162.jpg 300w, https:\/\/centros.uepb.edu.br\/ccbsa\/files\/2018\/04\/IMG_0484-768x415.jpg 768w, https:\/\/centros.uepb.edu.br\/ccbsa\/files\/2018\/04\/IMG_0484-370x200.jpg 370w\" sizes=\"auto, (max-width: 840px) 100vw, 840px\" \/><\/a><\/p>\n<p>Falar em p\u00fablico de forma estruturada utilizando regras e t\u00e9cnicas adequadas para produzir e apresentar um discurso com o objetivo de informar, influenciar ou entreter os ouvintes, tem sido uma das principais demandas da \u201cSociedade da Informa\u00e7\u00e3o\u201d, que exige dos sujeitos habilidades na arte da orat\u00f3ria. Pensando nisso foi idealizado o Curso \u201cG\u00eaneros Orais e Escritos: Voc\u00ea pode falar em p\u00fablico!\u201d, que teve in\u00edcio nesta sexta-feira (6) no audit\u00f3rio do Campus V da Universidade Estadual da Para\u00edba.<\/p>\n<p>Promovido pelo projeto de extens\u00e3o \u201cLinguagem, Arquivologia e Tecnologia: o letramento digital no Projeto SESA\u201d, vinculado ao curso de Arquivologia do Campus V da Universidade Estadual da Para\u00edba (UEPB), o\u00a0curso \u00e9 destinado a estudantes, professores, t\u00e9cnicos administrativos do Campus V e demais interessados da comunidade, tem como objetivo ensinar os g\u00eaneros orais e escritos, organiza\u00e7\u00e3o de textos e como falar em p\u00fablico. As pr\u00f3ximas aulas ser\u00e3o ministradas ministradas nos dias 13 e 20 de abril, das 8 \u00e0s 12h, no audit\u00f3rio do Campus V da UEPB, localizado \u00e0 Rua Hor\u00e1cio Trajano de Oliveira, S\/N, Cristo, Jo\u00e3o Pessoa.<\/p>\n<p>As inscri\u00e7\u00f5es podem ser realizadas pela <a href=\"https:\/\/docs.google.com\/forms\/d\/e\/1FAIpQLSdnnlQ3XXW7TT5QfFS9NEEB2-YTZqI-9aw5QD5xruDVQqyK4A\/viewform\">Internet<\/a> e a confirma\u00e7\u00e3o deve ser feita pelos monitores do projeto.<\/p>\n<p>Outras informa\u00e7\u00f5es: (83) 98831-2410 \u2013 Maria Eduarda<br \/>\n(83) 99639-4544 \u2013 Victor Hugo<\/p>\n<p><strong>Texto e foto:<\/strong> Juliana Marques<\/p>\n","protected":false},"excerpt":{"rendered":"<p>Falar em p\u00fablico de forma estruturada utilizando regras e t\u00e9cnicas adequadas para produzir e apresentar um discurso com o objetivo de informar, influenciar ou entreter os ouvintes, tem sido uma das principais demandas da \u201cSociedade da Informa\u00e7\u00e3o\u201d, que exige dos sujeitos habilidades na arte da orat\u00f3ria. Pensando nisso foi idealizado o Curso \u201cG\u00eaneros Orais e <a class=\"leiamais\" href=\"https:\/\/centros.uepb.edu.br\/ccbsa\/aulas-de-curso-de-oratoria-promovido-por-projeto-do-campus-v-da-uepb-tem-inicio-nesta-sexta-feira-6\/\">Leia Mais&#8230;<\/a><\/p>\n","protected":false},"author":8,"featured_media":4868,"comment_status":"closed","ping_status":"closed","sticky":false,"template":"","format":"standard","meta":{"footnotes":""},"categories":[3,11],"tags":[],"class_list":["post-4867","post","type-post","status-publish","format-standard","has-post-thumbnail","hentry","category-noticias","category-noticias-destaque-img"],"jetpack_featured_media_url":"https:\/\/centros.uepb.edu.br\/ccbsa\/files\/2018\/04\/IMG_0484.jpg","_links":{"self":[{"href":"https:\/\/centros.uepb.edu.br\/ccbsa\/wp-json\/wp\/v2\/posts\/4867","targetHints":{"allow":["GET"]}}],"collection":[{"href":"https:\/\/centros.uepb.edu.br\/ccbsa\/wp-json\/wp\/v2\/posts"}],"about":[{"href":"https:\/\/centros.uepb.edu.br\/ccbsa\/wp-json\/wp\/v2\/types\/post"}],"author":[{"embeddable":true,"href":"https:\/\/centros.uepb.edu.br\/ccbsa\/wp-json\/wp\/v2\/users\/8"}],"replies":[{"embeddable":true,"href":"https:\/\/centros.uepb.edu.br\/ccbsa\/wp-json\/wp\/v2\/comments?post=4867"}],"version-history":[{"count":0,"href":"https:\/\/centros.uepb.edu.br\/ccbsa\/wp-json\/wp\/v2\/posts\/4867\/revisions"}],"wp:featuredmedia":[{"embeddable":true,"href":"https:\/\/centros.uepb.edu.br\/ccbsa\/wp-json\/wp\/v2\/media\/4868"}],"wp:attachment":[{"href":"https:\/\/centros.uepb.edu.br\/ccbsa\/wp-json\/wp\/v2\/media?parent=4867"}],"wp:term":[{"taxonomy":"category","embeddable":true,"href":"https:\/\/centros.uepb.edu.br\/ccbsa\/wp-json\/wp\/v2\/categories?post=4867"},{"taxonomy":"post_tag","embeddable":true,"href":"https:\/\/centros.uepb.edu.br\/ccbsa\/wp-json\/wp\/v2\/tags?post=4867"}],"curies":[{"name":"wp","href":"https:\/\/api.w.org\/{rel}","templated":true}]}}