{"id":4862,"date":"2018-04-06T11:22:55","date_gmt":"2018-04-06T11:22:55","guid":{"rendered":"https:\/\/centros.uepb.edu.br\/ccbsa\/?p=4862"},"modified":"2018-04-06T11:23:19","modified_gmt":"2018-04-06T11:23:19","slug":"comissao-organizadora-inicia-os-preparativos-da-segunda-edicao-do-festival-de-artes-e-participacao-social-do-campus-v","status":"publish","type":"post","link":"https:\/\/centros.uepb.edu.br\/ccbsa\/comissao-organizadora-inicia-os-preparativos-da-segunda-edicao-do-festival-de-artes-e-participacao-social-do-campus-v\/","title":{"rendered":"Comiss\u00e3o organizadora inicia os preparativos da segunda edi\u00e7\u00e3o do Festival de Artes e Participa\u00e7\u00e3o Social do Campus V"},"content":{"rendered":"<p><a href=\"https:\/\/centros.uepb.edu.br\/ccbsa\/files\/2018\/04\/IMG_0462.jpg\"><img loading=\"lazy\" decoding=\"async\" class=\"aligncenter size-full wp-image-4864 img-responsive\" src=\"https:\/\/centros.uepb.edu.br\/ccbsa\/files\/2018\/04\/IMG_0462.jpg\" alt=\"\" width=\"840\" height=\"454\" srcset=\"https:\/\/centros.uepb.edu.br\/ccbsa\/files\/2018\/04\/IMG_0462.jpg 840w, https:\/\/centros.uepb.edu.br\/ccbsa\/files\/2018\/04\/IMG_0462-300x162.jpg 300w, https:\/\/centros.uepb.edu.br\/ccbsa\/files\/2018\/04\/IMG_0462-768x415.jpg 768w, https:\/\/centros.uepb.edu.br\/ccbsa\/files\/2018\/04\/IMG_0462-370x200.jpg 370w\" sizes=\"auto, (max-width: 840px) 100vw, 840px\" \/><\/a><\/p>\n<p>A comiss\u00e3o organizadora da segunda edi\u00e7\u00e3o do\u00a0Festival de Artes e Participa\u00e7\u00e3o Social &#8211; FARPAS esteve reunida na manh\u00e3 da \u00faltima ter\u00e7a-feira (3), na \u00e1rea de viv\u00eancia do Campus V da Universidade Estadual da Para\u00edba (UEPB) para discutir detalhes da programa\u00e7\u00e3o e organiza\u00e7\u00e3o geral do evento, que est\u00e1 previsto para ocorrer em maio.<\/p>\n<p>O evento \u00e9 promovido com o apoio dos projetos \u201cMem\u00f3ria, sociedade e cidadania (MUDDE): reflex\u00e3o para al\u00e9m dos muros acad\u00eamicos\u201d, \u201cAudiovisualmentes: produzindo e mediando conte\u00fados educacionais como ferramenta de dissemina\u00e7\u00e3o social e comunica\u00e7\u00e3o pedag\u00f3gica\u201d, Pro-reitoria de Extens\u00e3o da UEPB, Centro de Ci\u00eancias Biol\u00f3gicas e Sociais Aplicadas e Escola Estadual Jos\u00e9 Lins do R\u00eago. Participam da comiss\u00e3o organizadora discentes dos cursos de Arquivologia, Ci\u00eancias Biol\u00f3gicas e Rela\u00e7\u00f5es Internacionais da UEPB e do ensino m\u00e9dio da Escola Jos\u00e9 Lins do R\u00eago.<\/p>\n<p>Com a tem\u00e1tica equil\u00edbrio entre extremos, o evento dever\u00e1 contar com rodas de conversa, palco livre, oficinas, sess\u00f5es de cineclube, apresenta\u00e7\u00f5es art\u00edsticas, entre outras atividades com a mesma proposta da primeira edi\u00e7\u00e3o do evento, realizada em 2017, de usar a linguagem das artes para mobilizar jovens estudantes a refletir sobre quest\u00f5es que atingem a sociedade atual.<\/p>\n<p><strong>Texto e foto:<\/strong> Juliana Marques.<\/p>\n<p>&nbsp;<\/p>\n","protected":false},"excerpt":{"rendered":"<p>A comiss\u00e3o organizadora da segunda edi\u00e7\u00e3o do\u00a0Festival de Artes e Participa\u00e7\u00e3o Social &#8211; FARPAS esteve reunida na manh\u00e3 da \u00faltima ter\u00e7a-feira (3), na \u00e1rea de viv\u00eancia do Campus V da Universidade Estadual da Para\u00edba (UEPB) para discutir detalhes da programa\u00e7\u00e3o e organiza\u00e7\u00e3o geral do evento, que est\u00e1 previsto para ocorrer em maio. O evento \u00e9 <a class=\"leiamais\" href=\"https:\/\/centros.uepb.edu.br\/ccbsa\/comissao-organizadora-inicia-os-preparativos-da-segunda-edicao-do-festival-de-artes-e-participacao-social-do-campus-v\/\">Leia Mais&#8230;<\/a><\/p>\n","protected":false},"author":8,"featured_media":4864,"comment_status":"closed","ping_status":"closed","sticky":false,"template":"","format":"standard","meta":{"footnotes":""},"categories":[11,1],"tags":[],"class_list":["post-4862","post","type-post","status-publish","format-standard","has-post-thumbnail","hentry","category-noticias-destaque-img","category-sem-categoria"],"jetpack_featured_media_url":"https:\/\/centros.uepb.edu.br\/ccbsa\/files\/2018\/04\/IMG_0462.jpg","_links":{"self":[{"href":"https:\/\/centros.uepb.edu.br\/ccbsa\/wp-json\/wp\/v2\/posts\/4862","targetHints":{"allow":["GET"]}}],"collection":[{"href":"https:\/\/centros.uepb.edu.br\/ccbsa\/wp-json\/wp\/v2\/posts"}],"about":[{"href":"https:\/\/centros.uepb.edu.br\/ccbsa\/wp-json\/wp\/v2\/types\/post"}],"author":[{"embeddable":true,"href":"https:\/\/centros.uepb.edu.br\/ccbsa\/wp-json\/wp\/v2\/users\/8"}],"replies":[{"embeddable":true,"href":"https:\/\/centros.uepb.edu.br\/ccbsa\/wp-json\/wp\/v2\/comments?post=4862"}],"version-history":[{"count":0,"href":"https:\/\/centros.uepb.edu.br\/ccbsa\/wp-json\/wp\/v2\/posts\/4862\/revisions"}],"wp:featuredmedia":[{"embeddable":true,"href":"https:\/\/centros.uepb.edu.br\/ccbsa\/wp-json\/wp\/v2\/media\/4864"}],"wp:attachment":[{"href":"https:\/\/centros.uepb.edu.br\/ccbsa\/wp-json\/wp\/v2\/media?parent=4862"}],"wp:term":[{"taxonomy":"category","embeddable":true,"href":"https:\/\/centros.uepb.edu.br\/ccbsa\/wp-json\/wp\/v2\/categories?post=4862"},{"taxonomy":"post_tag","embeddable":true,"href":"https:\/\/centros.uepb.edu.br\/ccbsa\/wp-json\/wp\/v2\/tags?post=4862"}],"curies":[{"name":"wp","href":"https:\/\/api.w.org\/{rel}","templated":true}]}}