{"id":4844,"date":"2018-04-02T15:15:34","date_gmt":"2018-04-02T15:15:34","guid":{"rendered":"https:\/\/centros.uepb.edu.br\/ccbsa\/?p=4844"},"modified":"2018-04-02T15:15:34","modified_gmt":"2018-04-02T15:15:34","slug":"pro-reitoria-estudantil-realiza-atendimento-psicossocial-para-estudantes-do-campus-v-durante-todo-do-dia-nesta-segunda-feira-2","status":"publish","type":"post","link":"https:\/\/centros.uepb.edu.br\/ccbsa\/pro-reitoria-estudantil-realiza-atendimento-psicossocial-para-estudantes-do-campus-v-durante-todo-do-dia-nesta-segunda-feira-2\/","title":{"rendered":"Pro-reitoria Estudantil realiza atendimento psicossocial para estudantes do Campus V durante todo do dia nesta segunda-feira (2)"},"content":{"rendered":"<p><a href=\"https:\/\/centros.uepb.edu.br\/ccbsa\/files\/2018\/04\/IMG_0447.jpg\"><img loading=\"lazy\" decoding=\"async\" class=\"aligncenter size-full wp-image-4845 img-responsive\" src=\"https:\/\/centros.uepb.edu.br\/ccbsa\/files\/2018\/04\/IMG_0447.jpg\" alt=\"\" width=\"840\" height=\"454\" srcset=\"https:\/\/centros.uepb.edu.br\/ccbsa\/files\/2018\/04\/IMG_0447.jpg 840w, https:\/\/centros.uepb.edu.br\/ccbsa\/files\/2018\/04\/IMG_0447-300x162.jpg 300w, https:\/\/centros.uepb.edu.br\/ccbsa\/files\/2018\/04\/IMG_0447-768x415.jpg 768w, https:\/\/centros.uepb.edu.br\/ccbsa\/files\/2018\/04\/IMG_0447-370x200.jpg 370w\" sizes=\"auto, (max-width: 840px) 100vw, 840px\" \/><\/a><\/p>\n<p>A pro-reitoria Estudantil (PROEST)\u00a0da Universidade Estadual da Para\u00edba (UEPB) realiza, durante todo o dia, nesta segunda-feira (2), o servi\u00e7o de atendimento psicossocial destinado aos discentes do Centro de Ci\u00eancias Biol\u00f3gicas e Sociais Aplicadas. O atendimento est\u00e1 sendo realizado por ordem de chegada enquanto houver demanda dos estudantes.<\/p>\n<p>A iniciativa objetiva atender uma solicita\u00e7\u00e3o da coordena\u00e7\u00e3o da gradua\u00e7\u00e3o em Rela\u00e7\u00f5es Internacionais e \u00e9 voltada aos discentes com\u00a0algum problema emocional, psicol\u00f3gico, social ou familiar e que, inevitavelmente, veem seu rendimento nas atividades acad\u00eamica ser prejudicado. A a\u00e7\u00e3o \u00e9 desenvolvida pelo\u00a0N\u00facleo Psicossocial, que \u00e9 vinculado \u00e0 PROEST,\u00a0composto pela assistente social Edna Medeiros do Nascimento e pela psic\u00f3loga Eveline Rodrigues Ara\u00fajo.<\/p>\n<p>De acordo com a pro-reitora N\u00fabia Martins, o N\u00facleo Psicossocial foi implantado h\u00e1 tr\u00eas anos, e, \u201cdesde ent\u00e3o, realiza atendimentos individuais por todos os <em>Campi<\/em> da UEPB com \u00e9tica e sigilo, apoiando e criando mecanismos para melhorar a qualidade de vida dos estudantes\u201d. A docente destaca que n\u00e3o se trata\u00a0de um espa\u00e7o de psicoterapia, mas de escuta qualificada.<\/p>\n<p>A partir da escuta psicol\u00f3gica, as profissionais fazem uma articula\u00e7\u00e3o junto aos professores, coordenadores de curso, dire\u00e7\u00e3o de Centro e at\u00e9 com os familiares. Esse contato \u00e9 primordial para ajudar o acad\u00eamico a controlar a ansiedade e retomar o ritmo do curso. Edna Medeiros observa que, quando a demanda \u00e9 de ordem familiar, a equipe procura saber diretamente com os atores respons\u00e1veis quais fatores est\u00e3o interferindo na vida do estudante e atrapalhando o seu desempenho no curso.<\/p>\n<p>As principais demandas que chegam no N\u00facleo da PROEST est\u00e3o relacionadas a quest\u00f5es de ordem psicol\u00f3gica, como quadro de ansiedade, conflitos familiares, dificuldade de conviv\u00eancia e relacionamento em grupo. Muitos estudantes apresentam problema de ansiedade, gerado devido \u00e0s dificuldades para se adaptar estudando longe da cidade onde moravam, o que afeta no rendimento acad\u00eamico.<\/p>\n<p><strong>Texto:<\/strong> <strong>Juliana Marques e Severino Lopes<\/strong><\/p>\n","protected":false},"excerpt":{"rendered":"<p>A pro-reitoria Estudantil (PROEST)\u00a0da Universidade Estadual da Para\u00edba (UEPB) realiza, durante todo o dia, nesta segunda-feira (2), o servi\u00e7o de atendimento psicossocial destinado aos discentes do Centro de Ci\u00eancias Biol\u00f3gicas e Sociais Aplicadas. O atendimento est\u00e1 sendo realizado por ordem de chegada enquanto houver demanda dos estudantes. A iniciativa objetiva atender uma solicita\u00e7\u00e3o da coordena\u00e7\u00e3o <a class=\"leiamais\" href=\"https:\/\/centros.uepb.edu.br\/ccbsa\/pro-reitoria-estudantil-realiza-atendimento-psicossocial-para-estudantes-do-campus-v-durante-todo-do-dia-nesta-segunda-feira-2\/\">Leia Mais&#8230;<\/a><\/p>\n","protected":false},"author":8,"featured_media":4845,"comment_status":"closed","ping_status":"closed","sticky":false,"template":"","format":"standard","meta":{"footnotes":""},"categories":[3,11],"tags":[],"class_list":["post-4844","post","type-post","status-publish","format-standard","has-post-thumbnail","hentry","category-noticias","category-noticias-destaque-img"],"jetpack_featured_media_url":"https:\/\/centros.uepb.edu.br\/ccbsa\/files\/2018\/04\/IMG_0447.jpg","_links":{"self":[{"href":"https:\/\/centros.uepb.edu.br\/ccbsa\/wp-json\/wp\/v2\/posts\/4844","targetHints":{"allow":["GET"]}}],"collection":[{"href":"https:\/\/centros.uepb.edu.br\/ccbsa\/wp-json\/wp\/v2\/posts"}],"about":[{"href":"https:\/\/centros.uepb.edu.br\/ccbsa\/wp-json\/wp\/v2\/types\/post"}],"author":[{"embeddable":true,"href":"https:\/\/centros.uepb.edu.br\/ccbsa\/wp-json\/wp\/v2\/users\/8"}],"replies":[{"embeddable":true,"href":"https:\/\/centros.uepb.edu.br\/ccbsa\/wp-json\/wp\/v2\/comments?post=4844"}],"version-history":[{"count":0,"href":"https:\/\/centros.uepb.edu.br\/ccbsa\/wp-json\/wp\/v2\/posts\/4844\/revisions"}],"wp:featuredmedia":[{"embeddable":true,"href":"https:\/\/centros.uepb.edu.br\/ccbsa\/wp-json\/wp\/v2\/media\/4845"}],"wp:attachment":[{"href":"https:\/\/centros.uepb.edu.br\/ccbsa\/wp-json\/wp\/v2\/media?parent=4844"}],"wp:term":[{"taxonomy":"category","embeddable":true,"href":"https:\/\/centros.uepb.edu.br\/ccbsa\/wp-json\/wp\/v2\/categories?post=4844"},{"taxonomy":"post_tag","embeddable":true,"href":"https:\/\/centros.uepb.edu.br\/ccbsa\/wp-json\/wp\/v2\/tags?post=4844"}],"curies":[{"name":"wp","href":"https:\/\/api.w.org\/{rel}","templated":true}]}}