{"id":4821,"date":"2018-03-21T14:01:16","date_gmt":"2018-03-21T14:01:16","guid":{"rendered":"https:\/\/centros.uepb.edu.br\/ccbsa\/?p=4821"},"modified":"2018-03-21T14:01:16","modified_gmt":"2018-03-21T14:01:16","slug":"centro-academico-de-relacoes-internacionais-realiza-semana-dos-feras-do-periodo-letivo-2017-2","status":"publish","type":"post","link":"https:\/\/centros.uepb.edu.br\/ccbsa\/centro-academico-de-relacoes-internacionais-realiza-semana-dos-feras-do-periodo-letivo-2017-2\/","title":{"rendered":"Centro Acad\u00eamico de Rela\u00e7\u00f5es Internacionais realiza semana dos feras do per\u00edodo letivo 2017.2"},"content":{"rendered":"\n\t\t<style type=\"text\/css\">\n\t\t\t#gallery-1 {\n\t\t\t\tmargin: auto;\n\t\t\t}\n\t\t\t#gallery-1 .gallery-item {\n\t\t\t\tfloat: left;\n\t\t\t\tmargin-top: 10px;\n\t\t\t\ttext-align: center;\n\t\t\t\twidth: 33%;\n\t\t\t}\n\t\t\t#gallery-1 img {\n\t\t\t\tborder: 2px solid #cfcfcf;\n\t\t\t}\n\t\t\t#gallery-1 .gallery-caption {\n\t\t\t\tmargin-left: 0;\n\t\t\t}\n\t\t\t\/* see gallery_shortcode() in wp-includes\/media.php *\/\n\t\t<\/style>\n\t\t<div id='gallery-1' class='gallery galleryid-4821 gallery-columns-3 gallery-size-full'><dl class='gallery-item'>\n\t\t\t<dt class='gallery-icon landscape'>\n\t\t\t\t<a href='https:\/\/centros.uepb.edu.br\/ccbsa\/centro-academico-de-relacoes-internacionais-realiza-semana-dos-feras-do-periodo-letivo-2017-2\/img_0424\/'><img loading=\"lazy\" decoding=\"async\" width=\"840\" height=\"454\" src=\"https:\/\/centros.uepb.edu.br\/ccbsa\/files\/2018\/03\/IMG_0424.jpg\" class=\"attachment-full size-full\" alt=\"\" srcset=\"https:\/\/centros.uepb.edu.br\/ccbsa\/files\/2018\/03\/IMG_0424.jpg 840w, https:\/\/centros.uepb.edu.br\/ccbsa\/files\/2018\/03\/IMG_0424-300x162.jpg 300w, https:\/\/centros.uepb.edu.br\/ccbsa\/files\/2018\/03\/IMG_0424-768x415.jpg 768w, https:\/\/centros.uepb.edu.br\/ccbsa\/files\/2018\/03\/IMG_0424-370x200.jpg 370w\" sizes=\"auto, (max-width: 840px) 100vw, 840px\" \/><\/a>\n\t\t\t<\/dt><\/dl><dl class='gallery-item'>\n\t\t\t<dt class='gallery-icon landscape'>\n\t\t\t\t<a href='https:\/\/centros.uepb.edu.br\/ccbsa\/centro-academico-de-relacoes-internacionais-realiza-semana-dos-feras-do-periodo-letivo-2017-2\/img_0416\/'><img loading=\"lazy\" decoding=\"async\" width=\"840\" height=\"454\" src=\"https:\/\/centros.uepb.edu.br\/ccbsa\/files\/2018\/03\/IMG_0416.jpg\" class=\"attachment-full size-full\" alt=\"\" srcset=\"https:\/\/centros.uepb.edu.br\/ccbsa\/files\/2018\/03\/IMG_0416.jpg 840w, https:\/\/centros.uepb.edu.br\/ccbsa\/files\/2018\/03\/IMG_0416-300x162.jpg 300w, https:\/\/centros.uepb.edu.br\/ccbsa\/files\/2018\/03\/IMG_0416-768x415.jpg 768w, https:\/\/centros.uepb.edu.br\/ccbsa\/files\/2018\/03\/IMG_0416-370x200.jpg 370w\" sizes=\"auto, (max-width: 840px) 100vw, 840px\" \/><\/a>\n\t\t\t<\/dt><\/dl>\n\t\t\t<br style='clear: both' \/>\n\t\t<\/div>\n\n<p>O Centro Acad\u00eamico Epit\u00e1cio Pessoa, do bacharelado em Rela\u00e7\u00f5es Internacionais (CARIEP) da Universidade Estadual da Para\u00edba (UEPB), deu in\u00edcio, na manh\u00e3 desta quarta-feira (21), no audit\u00f3rio Pioneiros, \u00e0 semana de recep\u00e7\u00e3o aos feras do per\u00edodo letivo 2017.2.<\/p>\n<p>A abertura do evento contou com a apresenta\u00e7\u00e3o do CARIEP, seguida da explana\u00e7\u00e3o sobre a defini\u00e7\u00e3o do curso de Rela\u00e7\u00f5es Internacionais. No turno da noite, a partir de 18h30, est\u00e1 programada a palestra\u00a0\u201cCultura de Paz e N\u00e3o Viol\u00eancia\u201d \u2013 a ser ministrada pelos professores Paulo Kuhlmann e Deisiane Viana.<\/p>\n<p>No\u00a0segundo dia de evento, 22 de mar\u00e7o, \u00e0s 9h30, est\u00e1 programada a palestra \u201cOs golpes recentes e a interfer\u00eancia do capital internacional na America Latina\u201d, tendo como ministrante o professor Dmitri Felix (UEPB) e o professor Daniel Antiquera (UFPB). \u00c0 noite, a partir das 18h, ser\u00e1 realizada a palestra\u00a0\u201cReligi\u00e3o e Rela\u00e7\u00f5es Internacionais: O Retorno do Ex\u00edlio\u201d, com o professor F\u00e1bio Nobre (UEPB).<\/p>\n<p>Na sexta-feira, 23 de mar\u00e7o, \u00e0s 9h, ser\u00e1 realizado o minicurso \u201cTransnacionaliza\u00e7\u00e3o de Terras e Soberania Alimentar\u201d, tendo como ministrante o professor Alexandre Leite (UEPB). E \u00e0s 18h est\u00e1 previsto o encerramento do evento com a palestra\u00a0\u201c Golpe, Censura e Interven\u00e7\u00e3o: Que tempos s\u00e3o esses?\u201d, a ser ministrada pelos professores Paulo Kuhlmann e Dmitri Felix.<\/p>\n<p><strong>Texto e fotos:<\/strong> Juliana Marques<\/p>\n","protected":false},"excerpt":{"rendered":"<p>O Centro Acad\u00eamico Epit\u00e1cio Pessoa, do bacharelado em Rela\u00e7\u00f5es Internacionais (CARIEP) da Universidade Estadual da Para\u00edba (UEPB), deu in\u00edcio, na manh\u00e3 desta quarta-feira (21), no audit\u00f3rio Pioneiros, \u00e0 semana de recep\u00e7\u00e3o aos feras do per\u00edodo letivo 2017.2. A abertura do evento contou com a apresenta\u00e7\u00e3o do CARIEP, seguida da explana\u00e7\u00e3o sobre a defini\u00e7\u00e3o do curso <a class=\"leiamais\" href=\"https:\/\/centros.uepb.edu.br\/ccbsa\/centro-academico-de-relacoes-internacionais-realiza-semana-dos-feras-do-periodo-letivo-2017-2\/\">Leia Mais&#8230;<\/a><\/p>\n","protected":false},"author":8,"featured_media":4822,"comment_status":"closed","ping_status":"closed","sticky":false,"template":"","format":"standard","meta":{"footnotes":""},"categories":[3,11],"tags":[],"class_list":["post-4821","post","type-post","status-publish","format-standard","has-post-thumbnail","hentry","category-noticias","category-noticias-destaque-img"],"jetpack_featured_media_url":"https:\/\/centros.uepb.edu.br\/ccbsa\/files\/2018\/03\/IMG_0416.jpg","_links":{"self":[{"href":"https:\/\/centros.uepb.edu.br\/ccbsa\/wp-json\/wp\/v2\/posts\/4821","targetHints":{"allow":["GET"]}}],"collection":[{"href":"https:\/\/centros.uepb.edu.br\/ccbsa\/wp-json\/wp\/v2\/posts"}],"about":[{"href":"https:\/\/centros.uepb.edu.br\/ccbsa\/wp-json\/wp\/v2\/types\/post"}],"author":[{"embeddable":true,"href":"https:\/\/centros.uepb.edu.br\/ccbsa\/wp-json\/wp\/v2\/users\/8"}],"replies":[{"embeddable":true,"href":"https:\/\/centros.uepb.edu.br\/ccbsa\/wp-json\/wp\/v2\/comments?post=4821"}],"version-history":[{"count":0,"href":"https:\/\/centros.uepb.edu.br\/ccbsa\/wp-json\/wp\/v2\/posts\/4821\/revisions"}],"wp:featuredmedia":[{"embeddable":true,"href":"https:\/\/centros.uepb.edu.br\/ccbsa\/wp-json\/wp\/v2\/media\/4822"}],"wp:attachment":[{"href":"https:\/\/centros.uepb.edu.br\/ccbsa\/wp-json\/wp\/v2\/media?parent=4821"}],"wp:term":[{"taxonomy":"category","embeddable":true,"href":"https:\/\/centros.uepb.edu.br\/ccbsa\/wp-json\/wp\/v2\/categories?post=4821"},{"taxonomy":"post_tag","embeddable":true,"href":"https:\/\/centros.uepb.edu.br\/ccbsa\/wp-json\/wp\/v2\/tags?post=4821"}],"curies":[{"name":"wp","href":"https:\/\/api.w.org\/{rel}","templated":true}]}}