{"id":4807,"date":"2018-03-19T16:35:29","date_gmt":"2018-03-19T16:35:29","guid":{"rendered":"https:\/\/centros.uepb.edu.br\/ccbsa\/?p=4807"},"modified":"2018-03-19T16:43:20","modified_gmt":"2018-03-19T16:43:20","slug":"congresso-nacional-de-arquivologia-ocorrera-de-8-a-11-de-outubro-em-joao-pessoa-com-o-apoio-da-uepb","status":"publish","type":"post","link":"https:\/\/centros.uepb.edu.br\/ccbsa\/congresso-nacional-de-arquivologia-ocorrera-de-8-a-11-de-outubro-em-joao-pessoa-com-o-apoio-da-uepb\/","title":{"rendered":"Congresso Nacional de Arquivologia ocorrer\u00e1 de 8 a 11 de outubro em Jo\u00e3o Pessoa com o apoio da UEPB"},"content":{"rendered":"\n\t\t<style type=\"text\/css\">\n\t\t\t#gallery-1 {\n\t\t\t\tmargin: auto;\n\t\t\t}\n\t\t\t#gallery-1 .gallery-item {\n\t\t\t\tfloat: left;\n\t\t\t\tmargin-top: 10px;\n\t\t\t\ttext-align: center;\n\t\t\t\twidth: 33%;\n\t\t\t}\n\t\t\t#gallery-1 img {\n\t\t\t\tborder: 2px solid #cfcfcf;\n\t\t\t}\n\t\t\t#gallery-1 .gallery-caption {\n\t\t\t\tmargin-left: 0;\n\t\t\t}\n\t\t\t\/* see gallery_shortcode() in wp-includes\/media.php *\/\n\t\t<\/style>\n\t\t<div id='gallery-1' class='gallery galleryid-4807 gallery-columns-3 gallery-size-full'><dl class='gallery-item'>\n\t\t\t<dt class='gallery-icon landscape'>\n\t\t\t\t<a href='https:\/\/centros.uepb.edu.br\/ccbsa\/congresso-nacional-de-arquivologia-ocorrera-de-8-a-11-de-outubro-em-joao-pessoa-com-o-apoio-da-uepb\/lancamento-cna-6\/'><img loading=\"lazy\" decoding=\"async\" width=\"840\" height=\"454\" src=\"https:\/\/centros.uepb.edu.br\/ccbsa\/files\/2018\/03\/LAN\u00c7AMENTO-CNA-6.jpg\" class=\"attachment-full size-full\" alt=\"\" srcset=\"https:\/\/centros.uepb.edu.br\/ccbsa\/files\/2018\/03\/LAN\u00c7AMENTO-CNA-6.jpg 840w, https:\/\/centros.uepb.edu.br\/ccbsa\/files\/2018\/03\/LAN\u00c7AMENTO-CNA-6-300x162.jpg 300w, https:\/\/centros.uepb.edu.br\/ccbsa\/files\/2018\/03\/LAN\u00c7AMENTO-CNA-6-768x415.jpg 768w, https:\/\/centros.uepb.edu.br\/ccbsa\/files\/2018\/03\/LAN\u00c7AMENTO-CNA-6-370x200.jpg 370w\" sizes=\"auto, (max-width: 840px) 100vw, 840px\" \/><\/a>\n\t\t\t<\/dt><\/dl><dl class='gallery-item'>\n\t\t\t<dt class='gallery-icon landscape'>\n\t\t\t\t<a href='https:\/\/centros.uepb.edu.br\/ccbsa\/congresso-nacional-de-arquivologia-ocorrera-de-8-a-11-de-outubro-em-joao-pessoa-com-o-apoio-da-uepb\/lancamento-cna1\/'><img loading=\"lazy\" decoding=\"async\" width=\"840\" height=\"454\" src=\"https:\/\/centros.uepb.edu.br\/ccbsa\/files\/2018\/03\/LAN\u00c7AMENTO-CNA1.jpg\" class=\"attachment-full size-full\" alt=\"\" srcset=\"https:\/\/centros.uepb.edu.br\/ccbsa\/files\/2018\/03\/LAN\u00c7AMENTO-CNA1.jpg 840w, https:\/\/centros.uepb.edu.br\/ccbsa\/files\/2018\/03\/LAN\u00c7AMENTO-CNA1-300x162.jpg 300w, https:\/\/centros.uepb.edu.br\/ccbsa\/files\/2018\/03\/LAN\u00c7AMENTO-CNA1-768x415.jpg 768w, https:\/\/centros.uepb.edu.br\/ccbsa\/files\/2018\/03\/LAN\u00c7AMENTO-CNA1-370x200.jpg 370w\" sizes=\"auto, (max-width: 840px) 100vw, 840px\" \/><\/a>\n\t\t\t<\/dt><\/dl><dl class='gallery-item'>\n\t\t\t<dt class='gallery-icon landscape'>\n\t\t\t\t<a href='https:\/\/centros.uepb.edu.br\/ccbsa\/congresso-nacional-de-arquivologia-ocorrera-de-8-a-11-de-outubro-em-joao-pessoa-com-o-apoio-da-uepb\/lancamento-cna2\/'><img loading=\"lazy\" decoding=\"async\" width=\"840\" height=\"454\" src=\"https:\/\/centros.uepb.edu.br\/ccbsa\/files\/2018\/03\/LAN\u00c7AMENTO-CNA2.jpg\" class=\"attachment-full size-full\" alt=\"\" srcset=\"https:\/\/centros.uepb.edu.br\/ccbsa\/files\/2018\/03\/LAN\u00c7AMENTO-CNA2.jpg 840w, https:\/\/centros.uepb.edu.br\/ccbsa\/files\/2018\/03\/LAN\u00c7AMENTO-CNA2-300x162.jpg 300w, https:\/\/centros.uepb.edu.br\/ccbsa\/files\/2018\/03\/LAN\u00c7AMENTO-CNA2-768x415.jpg 768w, https:\/\/centros.uepb.edu.br\/ccbsa\/files\/2018\/03\/LAN\u00c7AMENTO-CNA2-370x200.jpg 370w\" sizes=\"auto, (max-width: 840px) 100vw, 840px\" \/><\/a>\n\t\t\t<\/dt><\/dl><br style=\"clear: both\" \/><dl class='gallery-item'>\n\t\t\t<dt class='gallery-icon landscape'>\n\t\t\t\t<a href='https:\/\/centros.uepb.edu.br\/ccbsa\/congresso-nacional-de-arquivologia-ocorrera-de-8-a-11-de-outubro-em-joao-pessoa-com-o-apoio-da-uepb\/lancamento-cna3\/'><img loading=\"lazy\" decoding=\"async\" width=\"840\" height=\"454\" src=\"https:\/\/centros.uepb.edu.br\/ccbsa\/files\/2018\/03\/LAN\u00c7AMENTO-CNA3.jpg\" class=\"attachment-full size-full\" alt=\"\" srcset=\"https:\/\/centros.uepb.edu.br\/ccbsa\/files\/2018\/03\/LAN\u00c7AMENTO-CNA3.jpg 840w, https:\/\/centros.uepb.edu.br\/ccbsa\/files\/2018\/03\/LAN\u00c7AMENTO-CNA3-300x162.jpg 300w, https:\/\/centros.uepb.edu.br\/ccbsa\/files\/2018\/03\/LAN\u00c7AMENTO-CNA3-768x415.jpg 768w, https:\/\/centros.uepb.edu.br\/ccbsa\/files\/2018\/03\/LAN\u00c7AMENTO-CNA3-370x200.jpg 370w\" sizes=\"auto, (max-width: 840px) 100vw, 840px\" \/><\/a>\n\t\t\t<\/dt><\/dl><dl class='gallery-item'>\n\t\t\t<dt class='gallery-icon landscape'>\n\t\t\t\t<a href='https:\/\/centros.uepb.edu.br\/ccbsa\/congresso-nacional-de-arquivologia-ocorrera-de-8-a-11-de-outubro-em-joao-pessoa-com-o-apoio-da-uepb\/lancamento-cna5-2\/'><img loading=\"lazy\" decoding=\"async\" width=\"840\" height=\"454\" src=\"https:\/\/centros.uepb.edu.br\/ccbsa\/files\/2018\/03\/LAN\u00c7AMENTO-CNA5-1.jpg\" class=\"attachment-full size-full\" alt=\"\" srcset=\"https:\/\/centros.uepb.edu.br\/ccbsa\/files\/2018\/03\/LAN\u00c7AMENTO-CNA5-1.jpg 840w, https:\/\/centros.uepb.edu.br\/ccbsa\/files\/2018\/03\/LAN\u00c7AMENTO-CNA5-1-300x162.jpg 300w, https:\/\/centros.uepb.edu.br\/ccbsa\/files\/2018\/03\/LAN\u00c7AMENTO-CNA5-1-768x415.jpg 768w, https:\/\/centros.uepb.edu.br\/ccbsa\/files\/2018\/03\/LAN\u00c7AMENTO-CNA5-1-370x200.jpg 370w\" sizes=\"auto, (max-width: 840px) 100vw, 840px\" \/><\/a>\n\t\t\t<\/dt><\/dl><dl class='gallery-item'>\n\t\t\t<dt class='gallery-icon landscape'>\n\t\t\t\t<a href='https:\/\/centros.uepb.edu.br\/ccbsa\/congresso-nacional-de-arquivologia-ocorrera-de-8-a-11-de-outubro-em-joao-pessoa-com-o-apoio-da-uepb\/lancamento-cna7\/'><img loading=\"lazy\" decoding=\"async\" width=\"840\" height=\"454\" src=\"https:\/\/centros.uepb.edu.br\/ccbsa\/files\/2018\/03\/LAN\u00c7AMENTO-CNA7.jpg\" class=\"attachment-full size-full\" alt=\"\" aria-describedby=\"gallery-1-4814\" srcset=\"https:\/\/centros.uepb.edu.br\/ccbsa\/files\/2018\/03\/LAN\u00c7AMENTO-CNA7.jpg 840w, https:\/\/centros.uepb.edu.br\/ccbsa\/files\/2018\/03\/LAN\u00c7AMENTO-CNA7-300x162.jpg 300w, https:\/\/centros.uepb.edu.br\/ccbsa\/files\/2018\/03\/LAN\u00c7AMENTO-CNA7-768x415.jpg 768w, https:\/\/centros.uepb.edu.br\/ccbsa\/files\/2018\/03\/LAN\u00c7AMENTO-CNA7-370x200.jpg 370w\" sizes=\"auto, (max-width: 840px) 100vw, 840px\" \/><\/a>\n\t\t\t<\/dt>\n\t\t\t\t<dd class='wp-caption-text gallery-caption' id='gallery-1-4814'>\n\t\t\t\tNova diretoria da AAPB &#8211; 2018-2020\n\t\t\t\t<\/dd><\/dl><br style=\"clear: both\" \/><dl class='gallery-item'>\n\t\t\t<dt class='gallery-icon landscape'>\n\t\t\t\t<a href='https:\/\/centros.uepb.edu.br\/ccbsa\/congresso-nacional-de-arquivologia-ocorrera-de-8-a-11-de-outubro-em-joao-pessoa-com-o-apoio-da-uepb\/lancamento-cna5\/'><img loading=\"lazy\" decoding=\"async\" width=\"840\" height=\"454\" src=\"https:\/\/centros.uepb.edu.br\/ccbsa\/files\/2018\/03\/LAN\u00c7AMENTO-CNA5.jpg\" class=\"attachment-full size-full\" alt=\"\" srcset=\"https:\/\/centros.uepb.edu.br\/ccbsa\/files\/2018\/03\/LAN\u00c7AMENTO-CNA5.jpg 840w, https:\/\/centros.uepb.edu.br\/ccbsa\/files\/2018\/03\/LAN\u00c7AMENTO-CNA5-300x162.jpg 300w, https:\/\/centros.uepb.edu.br\/ccbsa\/files\/2018\/03\/LAN\u00c7AMENTO-CNA5-768x415.jpg 768w, https:\/\/centros.uepb.edu.br\/ccbsa\/files\/2018\/03\/LAN\u00c7AMENTO-CNA5-370x200.jpg 370w\" sizes=\"auto, (max-width: 840px) 100vw, 840px\" \/><\/a>\n\t\t\t<\/dt><\/dl>\n\t\t\t<br style='clear: both' \/>\n\t\t<\/div>\n\n<p>\u201c\u00c9tica, responsabilidade social e pol\u00edticas de acessibilidade para a arquivologia\u201d, \u00e9 o tema da 8\u00aa edi\u00e7\u00e3o do Congresso Nacional de Arquivologia (CNA), que ser\u00e1 realizado de 8 a 11 de outubro, no Centro de Conven\u00e7\u00f5es de Jo\u00e3o Pessoa, sob a organiza\u00e7\u00e3o da Associa\u00e7\u00e3o dos Arquivistas da Para\u00edba (AAPB) com o apoio da Universidade Estadual da Para\u00edba (UEPB) e Universidade Federal da Para\u00edba (UFPB). O lan\u00e7amento oficial do evento foi realizado na \u00faltima quinta-feira (15), \u00e0 noite, no audit\u00f3rio 211 da UFPB.<\/p>\n<p>Durante o evento de lan\u00e7amento do 8\u00ba CNA, foi apresentada a nova diretoria da AAPB bi\u00eanio 2018-2020, que conta com egressos, docentes e profissionais do curso de Arquivologia da UEPB na composi\u00e7\u00e3o. Al\u00e9m disso, foram apresentados aos presentes os portais da AAPB e do CNA, assim como o formul\u00e1rio de inscri\u00e7\u00e3o no Congresso.<\/p>\n<p>A presidente da AAPB, R\u00e9gia Sueli Felix, destacou o esfor\u00e7o da comiss\u00e3o organizadora para a organiza\u00e7\u00e3o do CNA e convocou os estudantes, professores e pesquisadores de Arquivologia e \u00e1reas afins para participar do Congresso apresentando trabalhos ou prestigiando as atividades como ouvintes. A coordenadora do curso de Arquivologia e vice-presidente da AAPB, professora Esmeralda Porf\u00edrio de Sales, enfatizou a import\u00e2ncia da parceria entre UEPB e UFPB para a promo\u00e7\u00e3o de grandes eventos na \u00e1rea de Arquivologia, a exemplo do que ocorreu durante a 4\u00aa Reuni\u00e3o Brasileira de Ensino e Pesquisa em Arquivologia (Reparq). J\u00e1 o coordenador do curso de Arquivologia da UFPB, professor Luiz Eduardo da Silva, evidenciou a import\u00e2ncia do CNA para fortalecer a Arquivologia paraibana e projet\u00e1-la no cen\u00e1rio brasileiro e internacional.<\/p>\n<p>O coordenador da comiss\u00e3o cient\u00edfica do CNA, professor Josemar Henrique de Melo, apresentou os eixos tem\u00e1ticos dos trabalhos a serem apresentados durante o CNA: Epistemologia Arquiv\u00edstica e Intedisciplinaridade; Gest\u00e3o Arquiv\u00edstica\/Gest\u00e3o de Documentos Arquiv\u00edsticos; Representa\u00e7\u00e3o Arquiv\u00edstica, Acesso e Acessibilidade; Documentos e Reposit\u00f3rios Digitais; Pol\u00edticas Arquiv\u00edsticas e\u00a0Diversidade; \u00c9tica e Responsabilidade Social; Patrim\u00f4nio e Mem\u00f3ria e Associativismo e Visibilidade Profissional.<\/p>\n<p>As inscri\u00e7\u00f5es para apresenta\u00e7\u00e3o de trabalhos e ouvintes ser\u00e3o realizadas a partir do dia 1\u00ba de abril, atrav\u00e9s de <a href=\"https:\/\/aapb.arq.br\/cna-2018\/\">formul\u00e1rio online<\/a>. Os trabalhos podem ser apresentados nos formatos: acad\u00eamico-cient\u00edfico e relatos de experi\u00eancia (que requer apresenta\u00e7\u00f5es orais) e graduando (com apresenta\u00e7\u00e3o em p\u00f4ster). De acordo com a comiss\u00e3o organizadora est\u00e3o sendo acertados os \u00faltimos detalhes para a divulga\u00e7\u00e3o da programa\u00e7\u00e3o do evento.<\/p>\n<p>Al\u00e9m da AAPB, que organiza o evento, com o apoio da UEPB e UFPB, o 8\u00ba CNA conta com a parceria da UFC Arquivos Deslizantes, Pedro Pereira Neto Advocacia Preventiva e Viva Mais Planos Odontol\u00f3gicos e de Sa\u00fade. Segundo R\u00e9gia Felix ainda est\u00e3o sendo ajustadas outras parcerias e patroc\u00ednios para o evento.<\/p>\n<p>O lan\u00e7amento do CNA e posse da nova diretoria da AAPB fez parte da programa\u00e7\u00e3o da 4\u00aa Semana Acad\u00eamica de Arquivologia, realizada de 13 a 16 de mar\u00e7o, pelo Centro Acad\u00eamico de Arquivologia da UEPB, com oficinas, palestras, mesas de discuss\u00e3o, atividades acad\u00eamicas e culturais.<\/p>\n<p><strong>Texto e fotos:<\/strong> <em>Juliana Marques<\/em><\/p>\n","protected":false},"excerpt":{"rendered":"<p>\u201c\u00c9tica, responsabilidade social e pol\u00edticas de acessibilidade para a arquivologia\u201d, \u00e9 o tema da 8\u00aa edi\u00e7\u00e3o do Congresso Nacional de Arquivologia (CNA), que ser\u00e1 realizado de 8 a 11 de outubro, no Centro de Conven\u00e7\u00f5es de Jo\u00e3o Pessoa, sob a organiza\u00e7\u00e3o da Associa\u00e7\u00e3o dos Arquivistas da Para\u00edba (AAPB) com o apoio da Universidade Estadual da <a class=\"leiamais\" href=\"https:\/\/centros.uepb.edu.br\/ccbsa\/congresso-nacional-de-arquivologia-ocorrera-de-8-a-11-de-outubro-em-joao-pessoa-com-o-apoio-da-uepb\/\">Leia Mais&#8230;<\/a><\/p>\n","protected":false},"author":8,"featured_media":4808,"comment_status":"closed","ping_status":"closed","sticky":false,"template":"","format":"standard","meta":{"footnotes":""},"categories":[3,11],"tags":[],"class_list":["post-4807","post","type-post","status-publish","format-standard","has-post-thumbnail","hentry","category-noticias","category-noticias-destaque-img"],"jetpack_featured_media_url":"https:\/\/centros.uepb.edu.br\/ccbsa\/files\/2018\/03\/LAN\u00c7AMENTO-CNA5.jpg","_links":{"self":[{"href":"https:\/\/centros.uepb.edu.br\/ccbsa\/wp-json\/wp\/v2\/posts\/4807","targetHints":{"allow":["GET"]}}],"collection":[{"href":"https:\/\/centros.uepb.edu.br\/ccbsa\/wp-json\/wp\/v2\/posts"}],"about":[{"href":"https:\/\/centros.uepb.edu.br\/ccbsa\/wp-json\/wp\/v2\/types\/post"}],"author":[{"embeddable":true,"href":"https:\/\/centros.uepb.edu.br\/ccbsa\/wp-json\/wp\/v2\/users\/8"}],"replies":[{"embeddable":true,"href":"https:\/\/centros.uepb.edu.br\/ccbsa\/wp-json\/wp\/v2\/comments?post=4807"}],"version-history":[{"count":0,"href":"https:\/\/centros.uepb.edu.br\/ccbsa\/wp-json\/wp\/v2\/posts\/4807\/revisions"}],"wp:featuredmedia":[{"embeddable":true,"href":"https:\/\/centros.uepb.edu.br\/ccbsa\/wp-json\/wp\/v2\/media\/4808"}],"wp:attachment":[{"href":"https:\/\/centros.uepb.edu.br\/ccbsa\/wp-json\/wp\/v2\/media?parent=4807"}],"wp:term":[{"taxonomy":"category","embeddable":true,"href":"https:\/\/centros.uepb.edu.br\/ccbsa\/wp-json\/wp\/v2\/categories?post=4807"},{"taxonomy":"post_tag","embeddable":true,"href":"https:\/\/centros.uepb.edu.br\/ccbsa\/wp-json\/wp\/v2\/tags?post=4807"}],"curies":[{"name":"wp","href":"https:\/\/api.w.org\/{rel}","templated":true}]}}