{"id":4801,"date":"2018-03-19T14:20:04","date_gmt":"2018-03-19T14:20:04","guid":{"rendered":"https:\/\/centros.uepb.edu.br\/ccbsa\/?p=4801"},"modified":"2018-03-19T14:21:10","modified_gmt":"2018-03-19T14:21:10","slug":"nucleo-de-linguas-do-campus-v-inscreve-para-curso-de-espanhol-instrumental-com-15-vagas","status":"publish","type":"post","link":"https:\/\/centros.uepb.edu.br\/ccbsa\/nucleo-de-linguas-do-campus-v-inscreve-para-curso-de-espanhol-instrumental-com-15-vagas\/","title":{"rendered":"N\u00facleo de l\u00ednguas do Campus V inscreve para curso de Espanhol instrumental com 15 vagas"},"content":{"rendered":"<p><a href=\"https:\/\/centros.uepb.edu.br\/ccbsa\/files\/2018\/03\/ESPANHOL-INSTRUMENTAL.jpg\"><img loading=\"lazy\" decoding=\"async\" class=\"aligncenter size-full wp-image-4802 img-responsive\" src=\"https:\/\/centros.uepb.edu.br\/ccbsa\/files\/2018\/03\/ESPANHOL-INSTRUMENTAL.jpg\" alt=\"\" width=\"840\" height=\"454\" srcset=\"https:\/\/centros.uepb.edu.br\/ccbsa\/files\/2018\/03\/ESPANHOL-INSTRUMENTAL.jpg 840w, https:\/\/centros.uepb.edu.br\/ccbsa\/files\/2018\/03\/ESPANHOL-INSTRUMENTAL-300x162.jpg 300w, https:\/\/centros.uepb.edu.br\/ccbsa\/files\/2018\/03\/ESPANHOL-INSTRUMENTAL-768x415.jpg 768w, https:\/\/centros.uepb.edu.br\/ccbsa\/files\/2018\/03\/ESPANHOL-INSTRUMENTAL-370x200.jpg 370w\" sizes=\"auto, (max-width: 840px) 100vw, 840px\" \/><\/a><\/p>\n<p>O N\u00facleo de L\u00ednguas do Campus V da Universidade Estadual da Para\u00edba (UEPB) inscreve, at\u00e9 o dia 30 de mar\u00e7o, os interessados em participar do curso de Espanhol Instrumental. As inscri\u00e7\u00f5es s\u00e3o realizadas, enquanto durarem as vagas, das 8 \u00e0s 17h, nas segundas, ter\u00e7as, quartas e sextas-feiras, e nas quintas-feiras das 13 \u00e0s 17h, na secretaria do setor, localizada \u00e0 Rua Hor\u00e1cio Trajano de Oliveira, S\/N, Cristo, Jo\u00e3o Pessoa.<\/p>\n<p>O curso de Espanhol Instrumental \u00e9 uma forma\u00e7\u00e3o de curta dura\u00e7\u00e3o com uma abordagem que evidencia estrat\u00e9gias facilitadoras para a leitura e apreens\u00e3o do conte\u00fado escrito. As aulas destinam-se, principalmente, \u00e0 prepara\u00e7\u00e3o para exames de profici\u00eancia, que s\u00e3o pr\u00e9-requisito para o ingresso na p\u00f3s-gradua\u00e7\u00e3o strictu sensu (Mestrado e Doutorado).<\/p>\n<p>De acordo com os respons\u00e1veis pela forma\u00e7\u00e3o, est\u00e3o sendo oferecidas 15 vagas. O curso tem in\u00edcio no dia 6 de abril e segue at\u00e9 15 de junho com aulas \u00e0s sextas-feiras das 8 \u00e0s 11h20.<\/p>\n<p>Outras informa\u00e7\u00f5es: (83) 3223-1128\/1138<\/p>\n","protected":false},"excerpt":{"rendered":"<p>O N\u00facleo de L\u00ednguas do Campus V da Universidade Estadual da Para\u00edba (UEPB) inscreve, at\u00e9 o dia 30 de mar\u00e7o, os interessados em participar do curso de Espanhol Instrumental. As inscri\u00e7\u00f5es s\u00e3o realizadas, enquanto durarem as vagas, das 8 \u00e0s 17h, nas segundas, ter\u00e7as, quartas e sextas-feiras, e nas quintas-feiras das 13 \u00e0s 17h, na <a class=\"leiamais\" href=\"https:\/\/centros.uepb.edu.br\/ccbsa\/nucleo-de-linguas-do-campus-v-inscreve-para-curso-de-espanhol-instrumental-com-15-vagas\/\">Leia Mais&#8230;<\/a><\/p>\n","protected":false},"author":8,"featured_media":4802,"comment_status":"closed","ping_status":"closed","sticky":false,"template":"","format":"standard","meta":{"footnotes":""},"categories":[3,11],"tags":[],"class_list":["post-4801","post","type-post","status-publish","format-standard","has-post-thumbnail","hentry","category-noticias","category-noticias-destaque-img"],"jetpack_featured_media_url":"https:\/\/centros.uepb.edu.br\/ccbsa\/files\/2018\/03\/ESPANHOL-INSTRUMENTAL.jpg","_links":{"self":[{"href":"https:\/\/centros.uepb.edu.br\/ccbsa\/wp-json\/wp\/v2\/posts\/4801","targetHints":{"allow":["GET"]}}],"collection":[{"href":"https:\/\/centros.uepb.edu.br\/ccbsa\/wp-json\/wp\/v2\/posts"}],"about":[{"href":"https:\/\/centros.uepb.edu.br\/ccbsa\/wp-json\/wp\/v2\/types\/post"}],"author":[{"embeddable":true,"href":"https:\/\/centros.uepb.edu.br\/ccbsa\/wp-json\/wp\/v2\/users\/8"}],"replies":[{"embeddable":true,"href":"https:\/\/centros.uepb.edu.br\/ccbsa\/wp-json\/wp\/v2\/comments?post=4801"}],"version-history":[{"count":0,"href":"https:\/\/centros.uepb.edu.br\/ccbsa\/wp-json\/wp\/v2\/posts\/4801\/revisions"}],"wp:featuredmedia":[{"embeddable":true,"href":"https:\/\/centros.uepb.edu.br\/ccbsa\/wp-json\/wp\/v2\/media\/4802"}],"wp:attachment":[{"href":"https:\/\/centros.uepb.edu.br\/ccbsa\/wp-json\/wp\/v2\/media?parent=4801"}],"wp:term":[{"taxonomy":"category","embeddable":true,"href":"https:\/\/centros.uepb.edu.br\/ccbsa\/wp-json\/wp\/v2\/categories?post=4801"},{"taxonomy":"post_tag","embeddable":true,"href":"https:\/\/centros.uepb.edu.br\/ccbsa\/wp-json\/wp\/v2\/tags?post=4801"}],"curies":[{"name":"wp","href":"https:\/\/api.w.org\/{rel}","templated":true}]}}