{"id":4785,"date":"2018-03-14T15:09:21","date_gmt":"2018-03-14T15:09:21","guid":{"rendered":"https:\/\/centros.uepb.edu.br\/ccbsa\/?p=4785"},"modified":"2018-03-14T15:32:36","modified_gmt":"2018-03-14T15:32:36","slug":"semana-academica-de-arquivologia-prossegue-com-oficinas-e-palestras-voltadas-aos-discentes-do-curso","status":"publish","type":"post","link":"https:\/\/centros.uepb.edu.br\/ccbsa\/semana-academica-de-arquivologia-prossegue-com-oficinas-e-palestras-voltadas-aos-discentes-do-curso\/","title":{"rendered":"Semana Acad\u00eamica de Arquivologia prossegue com oficinas e palestras voltadas aos discentes do curso"},"content":{"rendered":"\n\t\t<style type=\"text\/css\">\n\t\t\t#gallery-1 {\n\t\t\t\tmargin: auto;\n\t\t\t}\n\t\t\t#gallery-1 .gallery-item {\n\t\t\t\tfloat: left;\n\t\t\t\tmargin-top: 10px;\n\t\t\t\ttext-align: center;\n\t\t\t\twidth: 33%;\n\t\t\t}\n\t\t\t#gallery-1 img {\n\t\t\t\tborder: 2px solid #cfcfcf;\n\t\t\t}\n\t\t\t#gallery-1 .gallery-caption {\n\t\t\t\tmargin-left: 0;\n\t\t\t}\n\t\t\t\/* see gallery_shortcode() in wp-includes\/media.php *\/\n\t\t<\/style>\n\t\t<div id='gallery-1' class='gallery galleryid-4785 gallery-columns-3 gallery-size-full'><dl class='gallery-item'>\n\t\t\t<dt class='gallery-icon landscape'>\n\t\t\t\t<a href='https:\/\/centros.uepb.edu.br\/ccbsa\/files\/2018\/03\/IMG_0285.jpg'><img loading=\"lazy\" decoding=\"async\" width=\"840\" height=\"454\" src=\"https:\/\/centros.uepb.edu.br\/ccbsa\/files\/2018\/03\/IMG_0285.jpg\" class=\"attachment-full size-full\" alt=\"\" srcset=\"https:\/\/centros.uepb.edu.br\/ccbsa\/files\/2018\/03\/IMG_0285.jpg 840w, https:\/\/centros.uepb.edu.br\/ccbsa\/files\/2018\/03\/IMG_0285-300x162.jpg 300w, https:\/\/centros.uepb.edu.br\/ccbsa\/files\/2018\/03\/IMG_0285-768x415.jpg 768w, https:\/\/centros.uepb.edu.br\/ccbsa\/files\/2018\/03\/IMG_0285-370x200.jpg 370w\" sizes=\"auto, (max-width: 840px) 100vw, 840px\" \/><\/a>\n\t\t\t<\/dt><\/dl><dl class='gallery-item'>\n\t\t\t<dt class='gallery-icon landscape'>\n\t\t\t\t<a href='https:\/\/centros.uepb.edu.br\/ccbsa\/files\/2018\/03\/IMG_0279.jpg'><img loading=\"lazy\" decoding=\"async\" width=\"840\" height=\"454\" src=\"https:\/\/centros.uepb.edu.br\/ccbsa\/files\/2018\/03\/IMG_0279.jpg\" class=\"attachment-full size-full\" alt=\"\" srcset=\"https:\/\/centros.uepb.edu.br\/ccbsa\/files\/2018\/03\/IMG_0279.jpg 840w, https:\/\/centros.uepb.edu.br\/ccbsa\/files\/2018\/03\/IMG_0279-300x162.jpg 300w, https:\/\/centros.uepb.edu.br\/ccbsa\/files\/2018\/03\/IMG_0279-768x415.jpg 768w, https:\/\/centros.uepb.edu.br\/ccbsa\/files\/2018\/03\/IMG_0279-370x200.jpg 370w\" sizes=\"auto, (max-width: 840px) 100vw, 840px\" \/><\/a>\n\t\t\t<\/dt><\/dl><dl class='gallery-item'>\n\t\t\t<dt class='gallery-icon landscape'>\n\t\t\t\t<a href='https:\/\/centros.uepb.edu.br\/ccbsa\/files\/2018\/03\/IMG_0270.jpg'><img loading=\"lazy\" decoding=\"async\" width=\"840\" height=\"454\" src=\"https:\/\/centros.uepb.edu.br\/ccbsa\/files\/2018\/03\/IMG_0270.jpg\" class=\"attachment-full size-full\" alt=\"\" srcset=\"https:\/\/centros.uepb.edu.br\/ccbsa\/files\/2018\/03\/IMG_0270.jpg 840w, https:\/\/centros.uepb.edu.br\/ccbsa\/files\/2018\/03\/IMG_0270-300x162.jpg 300w, https:\/\/centros.uepb.edu.br\/ccbsa\/files\/2018\/03\/IMG_0270-768x415.jpg 768w, https:\/\/centros.uepb.edu.br\/ccbsa\/files\/2018\/03\/IMG_0270-370x200.jpg 370w\" sizes=\"auto, (max-width: 840px) 100vw, 840px\" \/><\/a>\n\t\t\t<\/dt><\/dl><br style=\"clear: both\" \/><dl class='gallery-item'>\n\t\t\t<dt class='gallery-icon landscape'>\n\t\t\t\t<a href='https:\/\/centros.uepb.edu.br\/ccbsa\/files\/2018\/03\/IMG_0265.jpg'><img loading=\"lazy\" decoding=\"async\" width=\"840\" height=\"454\" src=\"https:\/\/centros.uepb.edu.br\/ccbsa\/files\/2018\/03\/IMG_0265.jpg\" class=\"attachment-full size-full\" alt=\"\" srcset=\"https:\/\/centros.uepb.edu.br\/ccbsa\/files\/2018\/03\/IMG_0265.jpg 840w, https:\/\/centros.uepb.edu.br\/ccbsa\/files\/2018\/03\/IMG_0265-300x162.jpg 300w, https:\/\/centros.uepb.edu.br\/ccbsa\/files\/2018\/03\/IMG_0265-768x415.jpg 768w, https:\/\/centros.uepb.edu.br\/ccbsa\/files\/2018\/03\/IMG_0265-370x200.jpg 370w\" sizes=\"auto, (max-width: 840px) 100vw, 840px\" \/><\/a>\n\t\t\t<\/dt><\/dl>\n\t\t\t<br style='clear: both' \/>\n\t\t<\/div>\n\n<p>Gest\u00e3o da informa\u00e7\u00e3o em ambientes digitais, aspectos te\u00f3ricos e pr\u00e1ticos da Norma Brasileira de Descri\u00e7\u00e3o Arquiv\u00edstica, t\u00e9cnicas de orat\u00f3ria e fun\u00e7\u00f5es arquiv\u00edsticas, s\u00e3o alguns dos temas abordados durante a\u00a04\u00aa Semana Acad\u00eamica de Arquivologia, que segue\u00a0at\u00e9 a sexta-feira, 16 de mar\u00e7o, com mesas de discuss\u00e3o, palestras, oficinas, atividades culturais e esportivas.\u00a0O evento, promovido pelo\u00a0Centro Acad\u00eamico Briggida Louren\u00e7o, com o apoio da coordena\u00e7\u00e3o do curso de Arquivologia da Universidade Estadual da Para\u00edba (UEPB).<\/p>\n<p>Nesta quarta-feira (14) pela manh\u00e3 foi realizada a oficina\u00a0\u201cVoc\u00ea tem medo de falar em p\u00fablico? Algumas considera\u00e7\u00f5es sobre os g\u00eaneros acad\u00eamicos orais\u201d, ministrada pela professora Eliete Correia dos Santos, com uma abordagem das t\u00e9cnicas de Orat\u00f3ria e \u201cTCC: estrutura e elementos ret\u00f3ricos\u201d. Na sequ\u00eancia, o professor S\u00e2nderson Dorneles e a e a graduanda do curso de Arquivologia,\u00a0Brunelly Santos Pereira, apresentaram a palestra \u201cO Projeto Fun\u00e7\u00f5es Arquiv\u00edsticas em Ambiente Digital (FAAD)\u201d, que discutiu a aplicabilidade das oito fun\u00e7\u00f5es arquiv\u00edsticas: identifica\u00e7\u00e3o, produ\u00e7\u00e3o, aquisi\u00e7\u00e3o, classifica\u00e7\u00e3o, avalia\u00e7\u00e3o, descri\u00e7\u00e3o, acesso e difus\u00e3o, no ambiente digital.<\/p>\n<p>&#8220;A perspectiva dessa discuss\u00e3o \u00e9 preparar esses estudantes para o mercado de trabalho, porque hoje em dia a sociedade est\u00e1 muito digital, e como \u00e9 que vai ser o of\u00edcio deles em meio digital? Quebrando o paradigma que arquivista trata apenas de papel velho, documento velho. E as fun\u00e7\u00f5es independem do suporte da informa\u00e7\u00e3o.Essa \u00e9 base de nossa pesquisa, que \u00e9 aprovada na cota PIBIC\/UEPB &#8211; 2017\/2018 e re\u00fane uma equipe robusta de uma bolsista, 6 alunos e um t\u00e9cnico-administrativo da \u00e1rea de Tecnologia da Informa\u00e7\u00e3o&#8221;, explicou o docente.<\/p>\n<p>No turno da noite, \u00e0s 19h, a discuss\u00e3o ser\u00e1 norteada pelo questionamento \u201cPor que \u00e9 fundamental fazer Gest\u00e3o Arquiv\u00edstica de Documentos?, mediado pela presidente da Associa\u00e7\u00e3o dos Arquivistas da Para\u00edba (AAPB), R\u00e9gia F\u00e9lix.\u00a0Dia 15 de mar\u00e7o, \u00e0s 8h, ocorrer\u00e1 a oficina \u201cDescomplicando a ABNT: resumo, fichamento, cita\u00e7\u00e3o e refer\u00eancias\u201d, a ser ministrada pela professora\u00a0Claudialyne Ara\u00fajo. Tamb\u00e9m est\u00e1 prevista para ser realizada, a partir das 10h, a palestra \u201cArquivologia e Arquitetura da Informa\u00e7\u00e3o: rela\u00e7\u00f5es e similaridades\u201d, com o professor Danilo Ferreira.<\/p>\n<p>Paralelamente ao evento, na quinta-feira, 15 de mar\u00e7o, \u00e0s 19h, no audit\u00f3rio 211 da UFPB ocorrer\u00e1 ainda o Lan\u00e7amento do 8\u00ba Congresso Nacional de Arquivologia (CNA), que ocorrer\u00e1 de 8 a 11 de outubro, em Jo\u00e3o Pessoa, sob a organiza\u00e7\u00e3o da AAPB. Com o tema \u201c\u00c9tica, responsabilidade social e pol\u00edticas de acessibilidade para a arquivologia\u201d, o evento ser\u00e1 realizado no Centro de Conven\u00e7\u00f5es de Jo\u00e3o Pessoa, com a perspectiva de reunir cerca de 400 participantes de todo o pa\u00eds.<\/p>\n<p>No \u00faltimo dia de Semana Acad\u00eamica est\u00e1 programada uma competi\u00e7\u00e3o de futsal, a partir das 18h30, na quadra da escola, seguida de uma apresenta\u00e7\u00e3o cultural no hall da biblioteca.<\/p>\n<p><strong>Primeiro dia de evento<\/strong><\/p>\n<p>&nbsp;<\/p>\n<p>A mesa de abertura do evento contou com a presen\u00e7a da diretora do Centro de Ci\u00eancias Biol\u00f3gicas e Sociais Aplicadas (CCBSA), professora Jacqueline Echeverr\u00eda Barrancos; da coordenadora do bacharelado em Arquivologia, Esmeralda Porf\u00edrio de Sales; do coordenador de monitoria, professor Josemar Henrique de Melo; do coordenador de est\u00e1gio, S\u00e2nderson Lopes Dorneles e do representante dos estudantes e do Centro Acad\u00eamico da de Arquivologia, L\u00e1zaro Joaquim de Souza.<\/p>\n<p>Em seguida foi realizada a palestra \u201cGest\u00e3o e preserva\u00e7\u00e3o em ambientes digitais\u201d, tendo como ministrante o professor Josemar Henrique de Melo. Na oportunidade, o docente apresentou a import\u00e2ncia da forma\u00e7\u00e3o do arquivista, considerando as demandas de tecnologia da informa\u00e7\u00e3o na contemporaneidade, e a necessidade de embasamento cient\u00edfico necess\u00e1rio \u00e0 atua\u00e7\u00e3o profissional. \u201cO arquivista tem uma responsabilidade de se impor perante \u00e0s institui\u00e7\u00f5es buscando as melhores condi\u00e7\u00f5es de possibilitar o acesso \u00e0 informa\u00e7\u00e3o, exercendo o papel de gestor da informa\u00e7\u00e3o. Mas, para tanto, \u00e9 necess\u00e1rio que haja uma busca incessante e atualiza\u00e7\u00e3o do conhecimento, sobretudo o embasamento te\u00f3rico relacionado \u00e0 tecnologia, com o objetivo de facilitar o di\u00e1logo com outras \u00e1reas e, assim, criar solu\u00e7\u00f5es e atender demandas de informa\u00e7\u00e3o com agilidade e efici\u00eancia\u201d, explica o docente.<\/p>\n<p>\u00c0 noite o evento prosseguiu com a palestra \u201cAspectos te\u00f3ricos e pr\u00e1ticos da Norma Brasileira de Descri\u00e7\u00e3o Arquiv\u00edstica utilizando o ICA-AtoM (Sistema de gest\u00e3o eletr\u00f4nica de documentos), tendo como ministrante o professor da UFPB Luiz Eduardo.<\/p>\n<p>&nbsp;<\/p>\n<p>Outras informa\u00e7\u00f5es:\u00a0<a href=\"mailto:caarquivologia.uepb@gmail.com\" target=\"_blank\" rel=\"noopener\">caarquivologia.uepb@gmail.com<\/a>\u00a0\/\u00a0https:\/\/www.facebook.com\/ativarq<\/p>\n<p><strong>Texto e fotos:<\/strong> <em>Juliana Marques<\/em><\/p>\n","protected":false},"excerpt":{"rendered":"<p>Gest\u00e3o da informa\u00e7\u00e3o em ambientes digitais, aspectos te\u00f3ricos e pr\u00e1ticos da Norma Brasileira de Descri\u00e7\u00e3o Arquiv\u00edstica, t\u00e9cnicas de orat\u00f3ria e fun\u00e7\u00f5es arquiv\u00edsticas, s\u00e3o alguns dos temas abordados durante a\u00a04\u00aa Semana Acad\u00eamica de Arquivologia, que segue\u00a0at\u00e9 a sexta-feira, 16 de mar\u00e7o, com mesas de discuss\u00e3o, palestras, oficinas, atividades culturais e esportivas.\u00a0O evento, promovido pelo\u00a0Centro Acad\u00eamico Briggida <a class=\"leiamais\" href=\"https:\/\/centros.uepb.edu.br\/ccbsa\/semana-academica-de-arquivologia-prossegue-com-oficinas-e-palestras-voltadas-aos-discentes-do-curso\/\">Leia Mais&#8230;<\/a><\/p>\n","protected":false},"author":8,"featured_media":4786,"comment_status":"closed","ping_status":"closed","sticky":false,"template":"","format":"standard","meta":{"footnotes":""},"categories":[3,11],"tags":[],"class_list":["post-4785","post","type-post","status-publish","format-standard","has-post-thumbnail","hentry","category-noticias","category-noticias-destaque-img"],"jetpack_featured_media_url":"https:\/\/centros.uepb.edu.br\/ccbsa\/files\/2018\/03\/IMG_0279.jpg","_links":{"self":[{"href":"https:\/\/centros.uepb.edu.br\/ccbsa\/wp-json\/wp\/v2\/posts\/4785","targetHints":{"allow":["GET"]}}],"collection":[{"href":"https:\/\/centros.uepb.edu.br\/ccbsa\/wp-json\/wp\/v2\/posts"}],"about":[{"href":"https:\/\/centros.uepb.edu.br\/ccbsa\/wp-json\/wp\/v2\/types\/post"}],"author":[{"embeddable":true,"href":"https:\/\/centros.uepb.edu.br\/ccbsa\/wp-json\/wp\/v2\/users\/8"}],"replies":[{"embeddable":true,"href":"https:\/\/centros.uepb.edu.br\/ccbsa\/wp-json\/wp\/v2\/comments?post=4785"}],"version-history":[{"count":0,"href":"https:\/\/centros.uepb.edu.br\/ccbsa\/wp-json\/wp\/v2\/posts\/4785\/revisions"}],"wp:featuredmedia":[{"embeddable":true,"href":"https:\/\/centros.uepb.edu.br\/ccbsa\/wp-json\/wp\/v2\/media\/4786"}],"wp:attachment":[{"href":"https:\/\/centros.uepb.edu.br\/ccbsa\/wp-json\/wp\/v2\/media?parent=4785"}],"wp:term":[{"taxonomy":"category","embeddable":true,"href":"https:\/\/centros.uepb.edu.br\/ccbsa\/wp-json\/wp\/v2\/categories?post=4785"},{"taxonomy":"post_tag","embeddable":true,"href":"https:\/\/centros.uepb.edu.br\/ccbsa\/wp-json\/wp\/v2\/tags?post=4785"}],"curies":[{"name":"wp","href":"https:\/\/api.w.org\/{rel}","templated":true}]}}