{"id":4784,"date":"2018-03-15T15:53:31","date_gmt":"2018-03-15T15:53:31","guid":{"rendered":"https:\/\/centros.uepb.edu.br\/ccbsa\/?p=4784"},"modified":"2018-03-15T15:57:05","modified_gmt":"2018-03-15T15:57:05","slug":"centro-academico-de-relacoes-internacionais-divulga-programacao-da-semana-dos-feras-do-periodo-2017-2","status":"publish","type":"post","link":"https:\/\/centros.uepb.edu.br\/ccbsa\/centro-academico-de-relacoes-internacionais-divulga-programacao-da-semana-dos-feras-do-periodo-2017-2\/","title":{"rendered":"Centro Acad\u00eamico de Rela\u00e7\u00f5es Internacionais divulga programa\u00e7\u00e3o da semana dos feras do per\u00edodo 2017.2"},"content":{"rendered":"<p><a href=\"https:\/\/centros.uepb.edu.br\/ccbsa\/files\/2018\/03\/ARTE-2.png\"><img loading=\"lazy\" decoding=\"async\" class=\"aligncenter size-full wp-image-4796 img-responsive\" src=\"https:\/\/centros.uepb.edu.br\/ccbsa\/files\/2018\/03\/ARTE-2.png\" alt=\"\" width=\"840\" height=\"454\" srcset=\"https:\/\/centros.uepb.edu.br\/ccbsa\/files\/2018\/03\/ARTE-2.png 840w, https:\/\/centros.uepb.edu.br\/ccbsa\/files\/2018\/03\/ARTE-2-300x162.png 300w, https:\/\/centros.uepb.edu.br\/ccbsa\/files\/2018\/03\/ARTE-2-768x415.png 768w, https:\/\/centros.uepb.edu.br\/ccbsa\/files\/2018\/03\/ARTE-2-370x200.png 370w\" sizes=\"auto, (max-width: 840px) 100vw, 840px\" \/><\/a><\/p>\n<p>O Centro Acad\u00eamico Epit\u00e1cio Pessoa, do bacharelado em Rela\u00e7\u00f5es Internacionais (CARIEP) da Universidade Estadual da Para\u00edba (UEPB), promove, de 21 a 23 de mar\u00e7o, nos turnos da manh\u00e3 e noite, no audit\u00f3rio Pioneiros, a semana de recep\u00e7\u00e3o aos feras do per\u00edodo letivo 2017.2.<\/p>\n<p>A abertura do evento ocorrer\u00e1 na quarta-feira, 21 de mar\u00e7o, \u00e0s 9h, com a apresenta\u00e7\u00e3o do CARIEP, seguida da explana\u00e7\u00e3o sobre a defini\u00e7\u00e3o do curso de Rela\u00e7\u00f5es Internacionais, com a participa\u00e7\u00e3o do coordenador do bacharelado, professor Filipe Reis e o ex-aluno Onildo Veloso. No turno da noite, a partir de 18h30, est\u00e1 programada a palestra\u00a0\u201cCultura de Paz e N\u00e3o Viol\u00eancia\u201d \u2013 a ser ministrada pelos professores Paulo Kuhlmann e Deisiane Viana.<\/p>\n<p>No\u00a0segundo dia de evento, 22 de mar\u00e7o, \u00e0s 9h30, est\u00e1 programada a palestra \u201cOs golpes recentes e a interfer\u00eancia do capital internacional na America Latina\u201d, tendo como ministrante o professor Dmitri Felix (UEPB) e o professor Daniel Antiquera (UFPB). \u00c0 noite, a partir das 18h, ser\u00e1 realizada a palestra\u00a0\u201cReligi\u00e3o e Rela\u00e7\u00f5es Internacionais: O Retorno do Ex\u00edlio\u201d, com o professor F\u00e1bio Nobre (UEPB).<\/p>\n<p>Na sexta-feira, 23 de mar\u00e7o, \u00e0s 9h, ser\u00e1 realizado o minicurso &#8220;Transnacionaliza\u00e7\u00e3o de Terras e Soberania Alimentar&#8221;, tendo como ministrante o professor Alexandre Leite (UEPB). E \u00e0s 18h est\u00e1 previsto o encerramento do evento com a palestra\u00a0\u201c Golpe, Censura e Interven\u00e7\u00e3o: Que tempos s\u00e3o esses?\u201d, a ser ministrada pelos professores Paulo Kuhlmann e Dmitri Felix.<\/p>\n<p><strong>Texto:<\/strong> Juliana Marques<\/p>\n","protected":false},"excerpt":{"rendered":"<p>O Centro Acad\u00eamico Epit\u00e1cio Pessoa, do bacharelado em Rela\u00e7\u00f5es Internacionais (CARIEP) da Universidade Estadual da Para\u00edba (UEPB), promove, de 21 a 23 de mar\u00e7o, nos turnos da manh\u00e3 e noite, no audit\u00f3rio Pioneiros, a semana de recep\u00e7\u00e3o aos feras do per\u00edodo letivo 2017.2. A abertura do evento ocorrer\u00e1 na quarta-feira, 21 de mar\u00e7o, \u00e0s 9h, <a class=\"leiamais\" href=\"https:\/\/centros.uepb.edu.br\/ccbsa\/centro-academico-de-relacoes-internacionais-divulga-programacao-da-semana-dos-feras-do-periodo-2017-2\/\">Leia Mais&#8230;<\/a><\/p>\n","protected":false},"author":8,"featured_media":4796,"comment_status":"closed","ping_status":"closed","sticky":false,"template":"","format":"standard","meta":{"footnotes":""},"categories":[3,11],"tags":[],"class_list":["post-4784","post","type-post","status-publish","format-standard","has-post-thumbnail","hentry","category-noticias","category-noticias-destaque-img"],"jetpack_featured_media_url":"https:\/\/centros.uepb.edu.br\/ccbsa\/files\/2018\/03\/ARTE-2.png","_links":{"self":[{"href":"https:\/\/centros.uepb.edu.br\/ccbsa\/wp-json\/wp\/v2\/posts\/4784","targetHints":{"allow":["GET"]}}],"collection":[{"href":"https:\/\/centros.uepb.edu.br\/ccbsa\/wp-json\/wp\/v2\/posts"}],"about":[{"href":"https:\/\/centros.uepb.edu.br\/ccbsa\/wp-json\/wp\/v2\/types\/post"}],"author":[{"embeddable":true,"href":"https:\/\/centros.uepb.edu.br\/ccbsa\/wp-json\/wp\/v2\/users\/8"}],"replies":[{"embeddable":true,"href":"https:\/\/centros.uepb.edu.br\/ccbsa\/wp-json\/wp\/v2\/comments?post=4784"}],"version-history":[{"count":0,"href":"https:\/\/centros.uepb.edu.br\/ccbsa\/wp-json\/wp\/v2\/posts\/4784\/revisions"}],"wp:featuredmedia":[{"embeddable":true,"href":"https:\/\/centros.uepb.edu.br\/ccbsa\/wp-json\/wp\/v2\/media\/4796"}],"wp:attachment":[{"href":"https:\/\/centros.uepb.edu.br\/ccbsa\/wp-json\/wp\/v2\/media?parent=4784"}],"wp:term":[{"taxonomy":"category","embeddable":true,"href":"https:\/\/centros.uepb.edu.br\/ccbsa\/wp-json\/wp\/v2\/categories?post=4784"},{"taxonomy":"post_tag","embeddable":true,"href":"https:\/\/centros.uepb.edu.br\/ccbsa\/wp-json\/wp\/v2\/tags?post=4784"}],"curies":[{"name":"wp","href":"https:\/\/api.w.org\/{rel}","templated":true}]}}