{"id":4753,"date":"2018-03-12T13:27:06","date_gmt":"2018-03-12T13:27:06","guid":{"rendered":"https:\/\/centros.uepb.edu.br\/ccbsa\/?p=4753"},"modified":"2018-03-12T13:27:06","modified_gmt":"2018-03-12T13:27:06","slug":"centro-academico-de-arquivologia-promove-semana-academica-com-diversas-atividades-de-13-a-16-de-marco","status":"publish","type":"post","link":"https:\/\/centros.uepb.edu.br\/ccbsa\/centro-academico-de-arquivologia-promove-semana-academica-com-diversas-atividades-de-13-a-16-de-marco\/","title":{"rendered":"Centro Acad\u00eamico de Arquivologia promove Semana Acad\u00eamica com diversas atividades de 13 a 16 de mar\u00e7o"},"content":{"rendered":"<p>Mesas de discuss\u00e3o, palestras, oficinas, atividades culturais e esportivas, s\u00e3o a\u00e7\u00f5es que integram a programa\u00e7\u00e3o da 4\u00aa Semana Acad\u00eamica de Arquivologia, que ser\u00e1 realizada de 13 a 16 de mar\u00e7o, nos turnos da manh\u00e3 e noite, com o tema &#8220;A nova era da Arquivologia: vertentes da tecnologia da informa\u00e7\u00e3o&#8221;. As atividades, voltadas a estudantes de Arquivologia da UEPB, e de \u00e1reas afins de demais universidades da capital, s\u00e3o promovidas pelo Centro Acad\u00eamico Briggida Louren\u00e7o, com o apoio da coordena\u00e7\u00e3o do curso de Arquivologia. As inscri\u00e7\u00f5es para o evento s\u00e3o realizadas atrav\u00e9s de <a href=\"https:\/\/caarquivologiauepb.wixsite.com\/inscricoes\">formul\u00e1rio eletr\u00f4nico divulgado pelo CA de Arquivologia<\/a>.<\/p>\n<p>A abertura do evento ocorrer\u00e1 nesta ter\u00e7a-feira, 13 de mar\u00e7o, \u00e0s 9h, com a presen\u00e7a de representantes da dire\u00e7\u00e3o de centro, coordena\u00e7\u00e3o de curso, coordena\u00e7\u00e3o de monitoria e est\u00e1gio, DCE. Em seguida est\u00e1 programada a palestra &#8220;Gest\u00e3o e preserva\u00e7\u00e3o em ambientes digitais&#8221;, a ser ministrada pelo professor Josemar Henrique de Melo. \u00c0 noite, a partir das 19h, ser\u00e1 realizada a palestra &#8220;Aspectos te\u00f3ricos e pr\u00e1ticos da Norma Brasileira de Descri\u00e7\u00e3o Arquiv\u00edstica utilizando o ICA-AtoM (Sistema de gest\u00e3o eletr\u00f4nica de documentos), tendo como ministrante o professor Luiz Eduardo<\/p>\n<p>O segundo dia de evento, 14 de mar\u00e7o, iniciar\u00e1 \u00e0s 8h com a oficina &#8220;Voc\u00ea tem medo de falar em p\u00fablico? Algumas considera\u00e7\u00f5es sobre os g\u00eaneros acad\u00eamicos orais&#8221;, que abordar\u00e1 t\u00e9cnicas de Orat\u00f3ria e &#8220;TCC: estrutura e elementos ret\u00f3ricos&#8221;. Na sequ\u00eancia ser\u00e1 realizada a palestra &#8220;<span style=\"font-weight: 400\"> O Projeto Fun\u00e7\u00f5es Arquiv\u00edsticas em Ambiente Digital (FAAD)&#8221;, tendo como ministrantes o professor\u00a0 S\u00e2nderson Lopes Dorneles e a graduanda do curso de Arquivologia da UFPB,\u00a0Brunelly Santos Pereira. No turno da noite, \u00e0s 19h, a discuss\u00e3o ser\u00e1 norteada pelo questionamento &#8220;Por que \u00e9 fundamental fazer Gest\u00e3o Arquiv\u00edstica de Documentos?, mediado pela presidente da Associa\u00e7\u00e3o dos Arquivistas da Para\u00edba (AAPB), R\u00e9gia F\u00e9lix.\u00a0<\/span><\/p>\n<p>Dia 15 de mar\u00e7o, \u00e0s 8h, ocorrer\u00e1 a oficina &#8220;<span style=\"font-weight: 400\">Descomplicando a ABNT: resumo, fichamento, cita\u00e7\u00e3o e refer\u00eancias&#8221;, a ser ministrada pela professora\u00a0Claudialyne Ara\u00fajo. Tamb\u00e9m est\u00e1 prevista para ser realizada, a partir das 10h, a palestra &#8220;Arquivologia e Arquitetura da Informa\u00e7\u00e3o: rela\u00e7\u00f5es e similaridades&#8221;, com o professor Danilo Ferreira.\u00a0<\/span><\/p>\n<p>Paralelamente ao evento, na quinta-feira, 15 de mar\u00e7o, \u00e0s 19h, no audit\u00f3rio 211 da UFPB ocorrer\u00e1 ainda o Lan\u00e7amento do 8\u00ba Congresso Nacional de Arquivologia (CNA), que ocorrer\u00e1 de 8 a 11 de outubro, em Jo\u00e3o Pessoa, sob a organiza\u00e7\u00e3o da AAPB. C<span style=\"font-weight: 400\">om o tema <\/span>&#8220;\u00c9tica, responsabilidade social e pol\u00edticas de acessibilidade para a arquivologia&#8221;, o evento ser\u00e1 realizado no Centro de Conven\u00e7\u00f5es de Jo\u00e3o Pessoa, com a perspectiva de reunir cerca de 400 participantes de todo o pa\u00eds.<\/p>\n<p>No \u00faltimo dia de Semana Acad\u00eamica est\u00e1 programada uma competi\u00e7\u00e3o de futsal, a partir das 18h30, na quadra da escola, seguida de uma apresenta\u00e7\u00e3o cultural no hall da biblioteca.<\/p>\n<p>Outras informa\u00e7\u00f5es:\u00a0<a href=\"mailto:caarquivologia.uepb@gmail.com\" target=\"_blank\" rel=\"noopener\">caarquivologia.uepb@gmail.com<\/a>\u00a0\/\u00a0https:\/\/www.facebook.com\/ativarq<\/p>\n<p>&nbsp;<\/p>\n<p>&nbsp;<\/p>\n<p>&nbsp;<\/p>\n<p>&nbsp;<\/p>\n","protected":false},"excerpt":{"rendered":"<p>Mesas de discuss\u00e3o, palestras, oficinas, atividades culturais e esportivas, s\u00e3o a\u00e7\u00f5es que integram a programa\u00e7\u00e3o da 4\u00aa Semana Acad\u00eamica de Arquivologia, que ser\u00e1 realizada de 13 a 16 de mar\u00e7o, nos turnos da manh\u00e3 e noite, com o tema &#8220;A nova era da Arquivologia: vertentes da tecnologia da informa\u00e7\u00e3o&#8221;. As atividades, voltadas a estudantes de <a class=\"leiamais\" href=\"https:\/\/centros.uepb.edu.br\/ccbsa\/centro-academico-de-arquivologia-promove-semana-academica-com-diversas-atividades-de-13-a-16-de-marco\/\">Leia Mais&#8230;<\/a><\/p>\n","protected":false},"author":8,"featured_media":4773,"comment_status":"closed","ping_status":"closed","sticky":false,"template":"","format":"standard","meta":{"footnotes":""},"categories":[3,11],"tags":[],"class_list":["post-4753","post","type-post","status-publish","format-standard","has-post-thumbnail","hentry","category-noticias","category-noticias-destaque-img"],"jetpack_featured_media_url":"https:\/\/centros.uepb.edu.br\/ccbsa\/files\/2018\/03\/29063547_10208262695604020_8912435847941324800_n.jpg","_links":{"self":[{"href":"https:\/\/centros.uepb.edu.br\/ccbsa\/wp-json\/wp\/v2\/posts\/4753","targetHints":{"allow":["GET"]}}],"collection":[{"href":"https:\/\/centros.uepb.edu.br\/ccbsa\/wp-json\/wp\/v2\/posts"}],"about":[{"href":"https:\/\/centros.uepb.edu.br\/ccbsa\/wp-json\/wp\/v2\/types\/post"}],"author":[{"embeddable":true,"href":"https:\/\/centros.uepb.edu.br\/ccbsa\/wp-json\/wp\/v2\/users\/8"}],"replies":[{"embeddable":true,"href":"https:\/\/centros.uepb.edu.br\/ccbsa\/wp-json\/wp\/v2\/comments?post=4753"}],"version-history":[{"count":0,"href":"https:\/\/centros.uepb.edu.br\/ccbsa\/wp-json\/wp\/v2\/posts\/4753\/revisions"}],"wp:featuredmedia":[{"embeddable":true,"href":"https:\/\/centros.uepb.edu.br\/ccbsa\/wp-json\/wp\/v2\/media\/4773"}],"wp:attachment":[{"href":"https:\/\/centros.uepb.edu.br\/ccbsa\/wp-json\/wp\/v2\/media?parent=4753"}],"wp:term":[{"taxonomy":"category","embeddable":true,"href":"https:\/\/centros.uepb.edu.br\/ccbsa\/wp-json\/wp\/v2\/categories?post=4753"},{"taxonomy":"post_tag","embeddable":true,"href":"https:\/\/centros.uepb.edu.br\/ccbsa\/wp-json\/wp\/v2\/tags?post=4753"}],"curies":[{"name":"wp","href":"https:\/\/api.w.org\/{rel}","templated":true}]}}