{"id":4746,"date":"2018-03-06T12:55:03","date_gmt":"2018-03-06T12:55:03","guid":{"rendered":"https:\/\/centros.uepb.edu.br\/ccbsa\/?p=4746"},"modified":"2018-03-06T13:30:53","modified_gmt":"2018-03-06T13:30:53","slug":"campus-v-sedia-debate-no-dia-8-de-marco-sobre-assedio-e-violencia-contra-a-mulher","status":"publish","type":"post","link":"https:\/\/centros.uepb.edu.br\/ccbsa\/campus-v-sedia-debate-no-dia-8-de-marco-sobre-assedio-e-violencia-contra-a-mulher\/","title":{"rendered":"Campus V sedia debate no dia 8 de mar\u00e7o sobre ass\u00e9dio e viol\u00eancia contra a mulher"},"content":{"rendered":"<p><a href=\"https:\/\/centros.uepb.edu.br\/ccbsa\/files\/2018\/03\/Noticia-mulher-01-1.jpg\"><img loading=\"lazy\" decoding=\"async\" class=\"aligncenter size-full wp-image-4748 img-responsive\" src=\"https:\/\/centros.uepb.edu.br\/ccbsa\/files\/2018\/03\/Noticia-mulher-01-1.jpg\" alt=\"\" width=\"840\" height=\"454\" srcset=\"https:\/\/centros.uepb.edu.br\/ccbsa\/files\/2018\/03\/Noticia-mulher-01-1.jpg 840w, https:\/\/centros.uepb.edu.br\/ccbsa\/files\/2018\/03\/Noticia-mulher-01-1-300x162.jpg 300w, https:\/\/centros.uepb.edu.br\/ccbsa\/files\/2018\/03\/Noticia-mulher-01-1-768x415.jpg 768w, https:\/\/centros.uepb.edu.br\/ccbsa\/files\/2018\/03\/Noticia-mulher-01-1-370x200.jpg 370w\" sizes=\"auto, (max-width: 840px) 100vw, 840px\" \/><\/a><a href=\"https:\/\/centros.uepb.edu.br\/ccbsa\/files\/2018\/03\/Noticia-mulher-01.jpg\"><br \/>\n<\/a><\/p>\n<p>Viol\u00eancia f\u00edsica, moral, psicol\u00f3gica, sexual, patrimonial e econ\u00f4mica, s\u00e3o realidades vivenciadas por mulheres em todo o mundo independente de sexo, ra\u00e7a, condi\u00e7\u00e3o social, e que, invariavelmente, tamb\u00e9m atingem as estudantes, professoras e t\u00e9cnicas-administrativas da Universidade Estadual da Para\u00edba (UEPB). Em algumas situa\u00e7\u00f5es, esses casos de viol\u00eancia culminam em feminic\u00eddios, como ocorreu com a\u00a0professora do curso de Arquivologia Briggida Louren\u00e7o, a estudante do curso de Ci\u00eancias Biol\u00f3gicas Saara Rodrigues, ambas do Campus V da UEPB, e a estudante do Campus I\u00a0Isabela Paju\u00e7ara. Para discutir esse tipo de situa\u00e7\u00e3o a dire\u00e7\u00e3o do Centro de Ci\u00eancias Biol\u00f3gicas e Sociais Aplicadas (CCBSA) promove, no dia 8 de mar\u00e7o, \u00e0s 18h30, no audit\u00f3rio Pioneiros, um debate sobre Ass\u00e9dio e Viol\u00eancia contra a Mulher.<\/p>\n<p>O debate contar\u00e1 com a participa\u00e7\u00e3o da vereadora Sandra Marrocos; da pesquisadora do Campus V, professora Martha Simone; e da integrante do coletivo feminista Briggida Louren\u00e7o, Maria Eduarda C\u00e2mara. A discuss\u00e3o ser\u00e1 mediada pela diretora do CCBSA, professora Jacqueline Echeverr\u00eda Barrancos. O evento \u00e9 gratuito e direcionado \u00e0 comunidade acad\u00eamica e popula\u00e7\u00e3o pessoense.<\/p>\n<p>De acordo com dados da\u00a0Coordenadoria da Mulher em Situa\u00e7\u00e3o de Viol\u00eancia do Tribunal de Justi\u00e7a da Para\u00edba (TJPB) atualmente, est\u00e3o em tramita\u00e7\u00e3o em torno de 12 mil processos relativos \u00e0 viol\u00eancia contra a mulher. Esses n\u00fameros refletem uma realidade que se torna mais preocupante sobretudo em face dos dados de feminic\u00eddios no Estado, que em 2017 teve\u00a0setenta e seis mulheres assassinadas (levantamento da Secretaria da Seguran\u00e7a e da Defesa Social do Estado da Para\u00edba).<\/p>\n<p>Diante disso, e considerando os casos de viol\u00eancia envolvendo membros da comunidade acad\u00eamica, a diretora do CCBSA, professora Jacqueline Barrancos destaca que &#8220;resolveu promover essa discuss\u00e3o no dia 8 de mar\u00e7o, para oportunizar uma reflex\u00e3o sobre essa situa\u00e7\u00e3o com a participa\u00e7\u00e3o das mulheres do Campus V e comunidade pessoense, com a colabora\u00e7\u00e3o de pesquisadoras, o coletivo feminista do Campus V e a vereadora Sandra Marrocos, que \u00e9 militante nessa \u00e1rea e trabalha diretamente com pol\u00edticas p\u00fablicas de aten\u00e7\u00e3o \u00e0 mulher&#8221;, explicou.<\/p>\n<p>&nbsp;<\/p>\n<p>&nbsp;<\/p>\n<p>&nbsp;<\/p>\n","protected":false},"excerpt":{"rendered":"<p>Viol\u00eancia f\u00edsica, moral, psicol\u00f3gica, sexual, patrimonial e econ\u00f4mica, s\u00e3o realidades vivenciadas por mulheres em todo o mundo independente de sexo, ra\u00e7a, condi\u00e7\u00e3o social, e que, invariavelmente, tamb\u00e9m atingem as estudantes, professoras e t\u00e9cnicas-administrativas da Universidade Estadual da Para\u00edba (UEPB). Em algumas situa\u00e7\u00f5es, esses casos de viol\u00eancia culminam em feminic\u00eddios, como ocorreu com a\u00a0professora do curso <a class=\"leiamais\" href=\"https:\/\/centros.uepb.edu.br\/ccbsa\/campus-v-sedia-debate-no-dia-8-de-marco-sobre-assedio-e-violencia-contra-a-mulher\/\">Leia Mais&#8230;<\/a><\/p>\n","protected":false},"author":8,"featured_media":4748,"comment_status":"closed","ping_status":"closed","sticky":false,"template":"","format":"standard","meta":{"footnotes":""},"categories":[3,11],"tags":[],"class_list":["post-4746","post","type-post","status-publish","format-standard","has-post-thumbnail","hentry","category-noticias","category-noticias-destaque-img"],"jetpack_featured_media_url":"https:\/\/centros.uepb.edu.br\/ccbsa\/files\/2018\/03\/Noticia-mulher-01-1.jpg","_links":{"self":[{"href":"https:\/\/centros.uepb.edu.br\/ccbsa\/wp-json\/wp\/v2\/posts\/4746","targetHints":{"allow":["GET"]}}],"collection":[{"href":"https:\/\/centros.uepb.edu.br\/ccbsa\/wp-json\/wp\/v2\/posts"}],"about":[{"href":"https:\/\/centros.uepb.edu.br\/ccbsa\/wp-json\/wp\/v2\/types\/post"}],"author":[{"embeddable":true,"href":"https:\/\/centros.uepb.edu.br\/ccbsa\/wp-json\/wp\/v2\/users\/8"}],"replies":[{"embeddable":true,"href":"https:\/\/centros.uepb.edu.br\/ccbsa\/wp-json\/wp\/v2\/comments?post=4746"}],"version-history":[{"count":0,"href":"https:\/\/centros.uepb.edu.br\/ccbsa\/wp-json\/wp\/v2\/posts\/4746\/revisions"}],"wp:featuredmedia":[{"embeddable":true,"href":"https:\/\/centros.uepb.edu.br\/ccbsa\/wp-json\/wp\/v2\/media\/4748"}],"wp:attachment":[{"href":"https:\/\/centros.uepb.edu.br\/ccbsa\/wp-json\/wp\/v2\/media?parent=4746"}],"wp:term":[{"taxonomy":"category","embeddable":true,"href":"https:\/\/centros.uepb.edu.br\/ccbsa\/wp-json\/wp\/v2\/categories?post=4746"},{"taxonomy":"post_tag","embeddable":true,"href":"https:\/\/centros.uepb.edu.br\/ccbsa\/wp-json\/wp\/v2\/tags?post=4746"}],"curies":[{"name":"wp","href":"https:\/\/api.w.org\/{rel}","templated":true}]}}