{"id":4721,"date":"2018-02-28T15:20:51","date_gmt":"2018-02-28T15:20:51","guid":{"rendered":"https:\/\/centros.uepb.edu.br\/ccbsa\/?p=4721"},"modified":"2018-03-01T12:20:02","modified_gmt":"2018-03-01T12:20:02","slug":"livros-de-pesquisador-do-campus-v-da-uepb-serao-lancados-no-dia-7-de-marco-em-joao-pessoa","status":"publish","type":"post","link":"https:\/\/centros.uepb.edu.br\/ccbsa\/livros-de-pesquisador-do-campus-v-da-uepb-serao-lancados-no-dia-7-de-marco-em-joao-pessoa\/","title":{"rendered":"Livros de pesquisador do Campus V da UEPB ser\u00e3o lan\u00e7ados no dia 7 de mar\u00e7o em Jo\u00e3o Pessoa"},"content":{"rendered":"<p><a href=\"https:\/\/centros.uepb.edu.br\/ccbsa\/files\/2018\/02\/LIVROS.jpg\"><img loading=\"lazy\" decoding=\"async\" class=\"aligncenter size-full wp-image-4732 img-responsive\" src=\"https:\/\/centros.uepb.edu.br\/ccbsa\/files\/2018\/02\/LIVROS.jpg\" alt=\"\" width=\"840\" height=\"454\" srcset=\"https:\/\/centros.uepb.edu.br\/ccbsa\/files\/2018\/02\/LIVROS.jpg 840w, https:\/\/centros.uepb.edu.br\/ccbsa\/files\/2018\/02\/LIVROS-300x162.jpg 300w, https:\/\/centros.uepb.edu.br\/ccbsa\/files\/2018\/02\/LIVROS-768x415.jpg 768w, https:\/\/centros.uepb.edu.br\/ccbsa\/files\/2018\/02\/LIVROS-370x200.jpg 370w\" sizes=\"auto, (max-width: 840px) 100vw, 840px\" \/><\/a><\/p>\n<p>Discursos da educa\u00e7\u00e3o popular contempor\u00e2nea, mudan\u00e7as paradigm\u00e1ticas nas pr\u00e1ticas educativas, a ditadura militar brasileira e os reflexos na pol\u00edtica e educa\u00e7\u00e3o, s\u00e3o as tem\u00e1ticas abordadas nas novas publica\u00e7\u00f5es do professor do Campus V da Universidade Estadual da Para\u00edba (UEPB) Afonso Celso Scocuglia, que ser\u00e3o lan\u00e7adas no dia 7 de mar\u00e7o, \u00e0s 17h, na Biblioteca Central da Universidade Federal da Para\u00edba (UFPB).<\/p>\n<p>Os t\u00edtulos a serem lan\u00e7ados s\u00e3o: \u201cHist\u00f3rias da Educa\u00e7\u00e3o Popular do Tempo Presente\u201d, organizado por Scocuglia em parceria com o pesquisador Luci\u00e9lio Marinho da Costa, \u201cDitadura militar no Brasil: a vez e a voz dos perseguidos\u201d, \u201cAs provas da ditadura na pol\u00edtica e na Educa\u00e7\u00e3o: o Inqu\u00e9rito Policial Militar (IPM) na Para\u00edba (1964-1969)\u201d e \u201cDiscursos da Educa\u00e7\u00e3o Popular contempor\u00e2nea: encontros com Michel Foucault e Paulo Freire\u201d, este sendo fruto de uma parceria com o pesquisador Volmir Jos\u00e9 Brutscher.<\/p>\n<p>De acordo com o professor Afonso Scocuglia tais publica\u00e7\u00f5es s\u00e3o fruto de pesquisas desenvolvidas nos \u00faltimos anos, finalizadas e publicadas entre 2016 e 2017. O autor destaca que tais produ\u00e7\u00f5es podem servir de referencial te\u00f3rico para pesquisadores de campos do saber distintos tais como: Hist\u00f3ria, Educa\u00e7\u00e3o, Ci\u00eancia da Informa\u00e7\u00e3o, Arquivologia.<\/p>\n","protected":false},"excerpt":{"rendered":"<p>Discursos da educa\u00e7\u00e3o popular contempor\u00e2nea, mudan\u00e7as paradigm\u00e1ticas nas pr\u00e1ticas educativas, a ditadura militar brasileira e os reflexos na pol\u00edtica e educa\u00e7\u00e3o, s\u00e3o as tem\u00e1ticas abordadas nas novas publica\u00e7\u00f5es do professor do Campus V da Universidade Estadual da Para\u00edba (UEPB) Afonso Celso Scocuglia, que ser\u00e3o lan\u00e7adas no dia 7 de mar\u00e7o, \u00e0s 17h, na Biblioteca Central <a class=\"leiamais\" href=\"https:\/\/centros.uepb.edu.br\/ccbsa\/livros-de-pesquisador-do-campus-v-da-uepb-serao-lancados-no-dia-7-de-marco-em-joao-pessoa\/\">Leia Mais&#8230;<\/a><\/p>\n","protected":false},"author":8,"featured_media":4732,"comment_status":"closed","ping_status":"closed","sticky":false,"template":"","format":"standard","meta":{"footnotes":""},"categories":[3,11],"tags":[],"class_list":["post-4721","post","type-post","status-publish","format-standard","has-post-thumbnail","hentry","category-noticias","category-noticias-destaque-img"],"jetpack_featured_media_url":"https:\/\/centros.uepb.edu.br\/ccbsa\/files\/2018\/02\/LIVROS.jpg","_links":{"self":[{"href":"https:\/\/centros.uepb.edu.br\/ccbsa\/wp-json\/wp\/v2\/posts\/4721","targetHints":{"allow":["GET"]}}],"collection":[{"href":"https:\/\/centros.uepb.edu.br\/ccbsa\/wp-json\/wp\/v2\/posts"}],"about":[{"href":"https:\/\/centros.uepb.edu.br\/ccbsa\/wp-json\/wp\/v2\/types\/post"}],"author":[{"embeddable":true,"href":"https:\/\/centros.uepb.edu.br\/ccbsa\/wp-json\/wp\/v2\/users\/8"}],"replies":[{"embeddable":true,"href":"https:\/\/centros.uepb.edu.br\/ccbsa\/wp-json\/wp\/v2\/comments?post=4721"}],"version-history":[{"count":0,"href":"https:\/\/centros.uepb.edu.br\/ccbsa\/wp-json\/wp\/v2\/posts\/4721\/revisions"}],"wp:featuredmedia":[{"embeddable":true,"href":"https:\/\/centros.uepb.edu.br\/ccbsa\/wp-json\/wp\/v2\/media\/4732"}],"wp:attachment":[{"href":"https:\/\/centros.uepb.edu.br\/ccbsa\/wp-json\/wp\/v2\/media?parent=4721"}],"wp:term":[{"taxonomy":"category","embeddable":true,"href":"https:\/\/centros.uepb.edu.br\/ccbsa\/wp-json\/wp\/v2\/categories?post=4721"},{"taxonomy":"post_tag","embeddable":true,"href":"https:\/\/centros.uepb.edu.br\/ccbsa\/wp-json\/wp\/v2\/tags?post=4721"}],"curies":[{"name":"wp","href":"https:\/\/api.w.org\/{rel}","templated":true}]}}