{"id":4705,"date":"2018-02-27T14:15:09","date_gmt":"2018-02-27T14:15:09","guid":{"rendered":"https:\/\/centros.uepb.edu.br\/ccbsa\/?p=4705"},"modified":"2018-02-27T14:39:27","modified_gmt":"2018-02-27T14:39:27","slug":"direcao-do-ccbsa-realiza-reuniao-geral-do-periodo-letivo-2017-2-com-recepcao-aos-calouros","status":"publish","type":"post","link":"https:\/\/centros.uepb.edu.br\/ccbsa\/direcao-do-ccbsa-realiza-reuniao-geral-do-periodo-letivo-2017-2-com-recepcao-aos-calouros\/","title":{"rendered":"Dire\u00e7\u00e3o do CCBSA realiza reuni\u00e3o geral do per\u00edodo letivo 2017.2 com recep\u00e7\u00e3o aos calouros"},"content":{"rendered":"\n\t\t<style type=\"text\/css\">\n\t\t\t#gallery-1 {\n\t\t\t\tmargin: auto;\n\t\t\t}\n\t\t\t#gallery-1 .gallery-item {\n\t\t\t\tfloat: left;\n\t\t\t\tmargin-top: 10px;\n\t\t\t\ttext-align: center;\n\t\t\t\twidth: 33%;\n\t\t\t}\n\t\t\t#gallery-1 img {\n\t\t\t\tborder: 2px solid #cfcfcf;\n\t\t\t}\n\t\t\t#gallery-1 .gallery-caption {\n\t\t\t\tmargin-left: 0;\n\t\t\t}\n\t\t\t\/* see gallery_shortcode() in wp-includes\/media.php *\/\n\t\t<\/style>\n\t\t<div id='gallery-1' class='gallery galleryid-4705 gallery-columns-3 gallery-size-thumbnail'><dl class='gallery-item'>\n\t\t\t<dt class='gallery-icon landscape'>\n\t\t\t\t<a href='https:\/\/centros.uepb.edu.br\/ccbsa\/files\/2018\/02\/IMG_0145.jpg'><img loading=\"lazy\" decoding=\"async\" width=\"150\" height=\"150\" src=\"https:\/\/centros.uepb.edu.br\/ccbsa\/files\/2018\/02\/IMG_0145-150x150.jpg\" class=\"attachment-thumbnail size-thumbnail\" alt=\"\" \/><\/a>\n\t\t\t<\/dt><\/dl><dl class='gallery-item'>\n\t\t\t<dt class='gallery-icon landscape'>\n\t\t\t\t<a href='https:\/\/centros.uepb.edu.br\/ccbsa\/files\/2018\/02\/IMG_0150.jpg'><img loading=\"lazy\" decoding=\"async\" width=\"150\" height=\"150\" src=\"https:\/\/centros.uepb.edu.br\/ccbsa\/files\/2018\/02\/IMG_0150-150x150.jpg\" class=\"attachment-thumbnail size-thumbnail\" alt=\"\" \/><\/a>\n\t\t\t<\/dt><\/dl><dl class='gallery-item'>\n\t\t\t<dt class='gallery-icon landscape'>\n\t\t\t\t<a href='https:\/\/centros.uepb.edu.br\/ccbsa\/files\/2018\/02\/IMG_0157.jpg'><img loading=\"lazy\" decoding=\"async\" width=\"150\" height=\"150\" src=\"https:\/\/centros.uepb.edu.br\/ccbsa\/files\/2018\/02\/IMG_0157-150x150.jpg\" class=\"attachment-thumbnail size-thumbnail\" alt=\"\" \/><\/a>\n\t\t\t<\/dt><\/dl><br style=\"clear: both\" \/><dl class='gallery-item'>\n\t\t\t<dt class='gallery-icon landscape'>\n\t\t\t\t<a href='https:\/\/centros.uepb.edu.br\/ccbsa\/files\/2018\/02\/IMG_0164.jpg'><img loading=\"lazy\" decoding=\"async\" width=\"150\" height=\"150\" src=\"https:\/\/centros.uepb.edu.br\/ccbsa\/files\/2018\/02\/IMG_0164-150x150.jpg\" class=\"attachment-thumbnail size-thumbnail\" alt=\"\" \/><\/a>\n\t\t\t<\/dt><\/dl><dl class='gallery-item'>\n\t\t\t<dt class='gallery-icon landscape'>\n\t\t\t\t<a href='https:\/\/centros.uepb.edu.br\/ccbsa\/files\/2018\/02\/IMG_0170.jpg'><img loading=\"lazy\" decoding=\"async\" width=\"150\" height=\"150\" src=\"https:\/\/centros.uepb.edu.br\/ccbsa\/files\/2018\/02\/IMG_0170-150x150.jpg\" class=\"attachment-thumbnail size-thumbnail\" alt=\"\" \/><\/a>\n\t\t\t<\/dt><\/dl><dl class='gallery-item'>\n\t\t\t<dt class='gallery-icon landscape'>\n\t\t\t\t<a href='https:\/\/centros.uepb.edu.br\/ccbsa\/files\/2018\/02\/IMG_0172.jpg'><img loading=\"lazy\" decoding=\"async\" width=\"150\" height=\"150\" src=\"https:\/\/centros.uepb.edu.br\/ccbsa\/files\/2018\/02\/IMG_0172-150x150.jpg\" class=\"attachment-thumbnail size-thumbnail\" alt=\"\" \/><\/a>\n\t\t\t<\/dt><\/dl><br style=\"clear: both\" \/><dl class='gallery-item'>\n\t\t\t<dt class='gallery-icon landscape'>\n\t\t\t\t<a href='https:\/\/centros.uepb.edu.br\/ccbsa\/files\/2018\/02\/IMG_0174.jpg'><img loading=\"lazy\" decoding=\"async\" width=\"150\" height=\"150\" src=\"https:\/\/centros.uepb.edu.br\/ccbsa\/files\/2018\/02\/IMG_0174-150x150.jpg\" class=\"attachment-thumbnail size-thumbnail\" alt=\"\" \/><\/a>\n\t\t\t<\/dt><\/dl>\n\t\t\t<br style='clear: both' \/>\n\t\t<\/div>\n\n<p>A dire\u00e7\u00e3o do Centro de Ci\u00eancias Biol\u00f3gicas e Sociais Aplicadas (CCBSA) da Universidade Estadual da Para\u00edba (UEPB) realizou, na manh\u00e3 desta segunda-feira (26), a reuni\u00e3o geral do per\u00edodo letivo 2017.2. Estiveram presentes estudantes, docentes e t\u00e9cnicos-administrativos do Campus V.<\/p>\n<p>Participaram da atividade, a diretora do CCBSA, professora Jacqueline Echeverr\u00eda Barrancos; a coordenadora do Bacharelado em Arquivologia, professora Esmeralda Porf\u00edrio de Sales; o coordenador do curso de Ci\u00eancias Biol\u00f3gicas, professor Cleber S\u00e1limon; o coordena\u00e7\u00e3o da gradua\u00e7\u00e3o em Rela\u00e7\u00f5es Internacionais, professor Filipe Reis; o representante do N\u00facleo de L\u00ednguas, professor Jos\u00e9 Augusto de Oliveira Neto; o docente do Campus V Jos\u00e9 Wilker Lima e o ouvidor da UEPB, Professor Ant\u00f4nio Germano Ramalho.<\/p>\n<p>Na oportunidade, foram repassados comunicados sobre obras e servi\u00e7os de manuten\u00e7\u00e3o e constru\u00e7\u00e3o do novo bloco de salas de aula (que dever\u00e1 ser iniciada nos pr\u00f3ximos dias); informes sobres as atividades de ensino, pesquisa e extens\u00e3o desenvolvidos no Campus V; organograma da UEPB e do Campus V; fun\u00e7\u00f5es do Conselho de Centro. Dentre os desafios apresentados pela dire\u00e7\u00e3o de centro est\u00e3o o incremento do n\u00famero de alunos do Campus V em interc\u00e2mbios, o aumento de parcerias para a realiza\u00e7\u00e3o de est\u00e1gios, incentivo \u00e0 capacita\u00e7\u00e3o constante de docentes e t\u00e9cnicos, aumento na participa\u00e7\u00e3o de projetos do CCBSA em editais de fomento, entre outros.<\/p>\n<p>&nbsp;<\/p>\n","protected":false},"excerpt":{"rendered":"<p>A dire\u00e7\u00e3o do Centro de Ci\u00eancias Biol\u00f3gicas e Sociais Aplicadas (CCBSA) da Universidade Estadual da Para\u00edba (UEPB) realizou, na manh\u00e3 desta segunda-feira (26), a reuni\u00e3o geral do per\u00edodo letivo 2017.2. Estiveram presentes estudantes, docentes e t\u00e9cnicos-administrativos do Campus V. Participaram da atividade, a diretora do CCBSA, professora Jacqueline Echeverr\u00eda Barrancos; a coordenadora do Bacharelado em <a class=\"leiamais\" href=\"https:\/\/centros.uepb.edu.br\/ccbsa\/direcao-do-ccbsa-realiza-reuniao-geral-do-periodo-letivo-2017-2-com-recepcao-aos-calouros\/\">Leia Mais&#8230;<\/a><\/p>\n","protected":false},"author":8,"featured_media":4711,"comment_status":"closed","ping_status":"closed","sticky":false,"template":"","format":"standard","meta":{"footnotes":""},"categories":[3,11],"tags":[],"class_list":["post-4705","post","type-post","status-publish","format-standard","has-post-thumbnail","hentry","category-noticias","category-noticias-destaque-img"],"jetpack_featured_media_url":"https:\/\/centros.uepb.edu.br\/ccbsa\/files\/2018\/02\/IMG_0145.jpg","_links":{"self":[{"href":"https:\/\/centros.uepb.edu.br\/ccbsa\/wp-json\/wp\/v2\/posts\/4705","targetHints":{"allow":["GET"]}}],"collection":[{"href":"https:\/\/centros.uepb.edu.br\/ccbsa\/wp-json\/wp\/v2\/posts"}],"about":[{"href":"https:\/\/centros.uepb.edu.br\/ccbsa\/wp-json\/wp\/v2\/types\/post"}],"author":[{"embeddable":true,"href":"https:\/\/centros.uepb.edu.br\/ccbsa\/wp-json\/wp\/v2\/users\/8"}],"replies":[{"embeddable":true,"href":"https:\/\/centros.uepb.edu.br\/ccbsa\/wp-json\/wp\/v2\/comments?post=4705"}],"version-history":[{"count":0,"href":"https:\/\/centros.uepb.edu.br\/ccbsa\/wp-json\/wp\/v2\/posts\/4705\/revisions"}],"wp:featuredmedia":[{"embeddable":true,"href":"https:\/\/centros.uepb.edu.br\/ccbsa\/wp-json\/wp\/v2\/media\/4711"}],"wp:attachment":[{"href":"https:\/\/centros.uepb.edu.br\/ccbsa\/wp-json\/wp\/v2\/media?parent=4705"}],"wp:term":[{"taxonomy":"category","embeddable":true,"href":"https:\/\/centros.uepb.edu.br\/ccbsa\/wp-json\/wp\/v2\/categories?post=4705"},{"taxonomy":"post_tag","embeddable":true,"href":"https:\/\/centros.uepb.edu.br\/ccbsa\/wp-json\/wp\/v2\/tags?post=4705"}],"curies":[{"name":"wp","href":"https:\/\/api.w.org\/{rel}","templated":true}]}}