{"id":4691,"date":"2018-02-22T14:00:19","date_gmt":"2018-02-22T14:00:19","guid":{"rendered":"https:\/\/centros.uepb.edu.br\/ccbsa\/?p=4691"},"modified":"2018-02-23T12:09:20","modified_gmt":"2018-02-23T12:09:20","slug":"calouros-de-arquivologia-do-periodo-2017-2-sao-recepcionados-por-equipe-de-arquivistas-e-coordenacao-do-curso","status":"publish","type":"post","link":"https:\/\/centros.uepb.edu.br\/ccbsa\/calouros-de-arquivologia-do-periodo-2017-2-sao-recepcionados-por-equipe-de-arquivistas-e-coordenacao-do-curso\/","title":{"rendered":"Calouros de Arquivologia do per\u00edodo 2017.2 s\u00e3o recepcionados por equipe de arquivistas e coordena\u00e7\u00e3o do curso"},"content":{"rendered":"<p><a href=\"https:\/\/centros.uepb.edu.br\/ccbsa\/files\/2018\/02\/IMG_0129.jpg\"><img loading=\"lazy\" decoding=\"async\" class=\"aligncenter size-full wp-image-4692 img-responsive\" src=\"https:\/\/centros.uepb.edu.br\/ccbsa\/files\/2018\/02\/IMG_0129.jpg\" alt=\"\" width=\"840\" height=\"454\" srcset=\"https:\/\/centros.uepb.edu.br\/ccbsa\/files\/2018\/02\/IMG_0129.jpg 840w, https:\/\/centros.uepb.edu.br\/ccbsa\/files\/2018\/02\/IMG_0129-300x162.jpg 300w, https:\/\/centros.uepb.edu.br\/ccbsa\/files\/2018\/02\/IMG_0129-768x415.jpg 768w, https:\/\/centros.uepb.edu.br\/ccbsa\/files\/2018\/02\/IMG_0129-370x200.jpg 370w\" sizes=\"auto, (max-width: 840px) 100vw, 840px\" \/><\/a><\/p>\n<p>Com o objetivo de recepcionar os calouros do per\u00edodo letivo 2017.2 a coordena\u00e7\u00e3o do Bacharelado em Arquivologia da Universidade Estadual da Para\u00edba (UEPB) e a equipe de arquivistas do referido curso promoveu uma visita aos diversos setores do Campus V.<\/p>\n<p>Na oportunidade, os estudantes puderam conhecer as coordena\u00e7\u00f5es dos cursos, laborat\u00f3rios, biblioteca, secretaria de centro, e, cadastro biblioteca, reserva de espa\u00e7os para atividades, acesso \u00e0 internet wi-fi, normas para utiliza\u00e7\u00e3o do laborat\u00f3rio de inform\u00e1tica. De acordo com a coordenadora do Laborat\u00f3rio Integrado Mara Cordeiro, a arquivista Hilza Cavalcante, h\u00e1 tr\u00eas per\u00edodos essa atividade \u00e9 realizada com os calouros como uma acolhida e uma forma de divulga\u00e7\u00e3o do laborat\u00f3rio.<\/p>\n<p>Al\u00e9m desta iniciativa, o Centro Acad\u00eamico Briggida Louren\u00e7o est\u00e1 organizando a 4\u00aa Semana Acad\u00eamica de Arquivologia, que dever\u00e1 ocorrer de 13 a 16 de mar\u00e7o, com atividades variadas para os estudantes dos dois turnos (manh\u00e3 e noite).<\/p>\n","protected":false},"excerpt":{"rendered":"<p>Com o objetivo de recepcionar os calouros do per\u00edodo letivo 2017.2 a coordena\u00e7\u00e3o do Bacharelado em Arquivologia da Universidade Estadual da Para\u00edba (UEPB) e a equipe de arquivistas do referido curso promoveu uma visita aos diversos setores do Campus V. Na oportunidade, os estudantes puderam conhecer as coordena\u00e7\u00f5es dos cursos, laborat\u00f3rios, biblioteca, secretaria de centro, <a class=\"leiamais\" href=\"https:\/\/centros.uepb.edu.br\/ccbsa\/calouros-de-arquivologia-do-periodo-2017-2-sao-recepcionados-por-equipe-de-arquivistas-e-coordenacao-do-curso\/\">Leia Mais&#8230;<\/a><\/p>\n","protected":false},"author":8,"featured_media":4692,"comment_status":"closed","ping_status":"closed","sticky":false,"template":"","format":"standard","meta":{"footnotes":""},"categories":[3,11],"tags":[],"class_list":["post-4691","post","type-post","status-publish","format-standard","has-post-thumbnail","hentry","category-noticias","category-noticias-destaque-img"],"jetpack_featured_media_url":"https:\/\/centros.uepb.edu.br\/ccbsa\/files\/2018\/02\/IMG_0129.jpg","_links":{"self":[{"href":"https:\/\/centros.uepb.edu.br\/ccbsa\/wp-json\/wp\/v2\/posts\/4691","targetHints":{"allow":["GET"]}}],"collection":[{"href":"https:\/\/centros.uepb.edu.br\/ccbsa\/wp-json\/wp\/v2\/posts"}],"about":[{"href":"https:\/\/centros.uepb.edu.br\/ccbsa\/wp-json\/wp\/v2\/types\/post"}],"author":[{"embeddable":true,"href":"https:\/\/centros.uepb.edu.br\/ccbsa\/wp-json\/wp\/v2\/users\/8"}],"replies":[{"embeddable":true,"href":"https:\/\/centros.uepb.edu.br\/ccbsa\/wp-json\/wp\/v2\/comments?post=4691"}],"version-history":[{"count":0,"href":"https:\/\/centros.uepb.edu.br\/ccbsa\/wp-json\/wp\/v2\/posts\/4691\/revisions"}],"wp:featuredmedia":[{"embeddable":true,"href":"https:\/\/centros.uepb.edu.br\/ccbsa\/wp-json\/wp\/v2\/media\/4692"}],"wp:attachment":[{"href":"https:\/\/centros.uepb.edu.br\/ccbsa\/wp-json\/wp\/v2\/media?parent=4691"}],"wp:term":[{"taxonomy":"category","embeddable":true,"href":"https:\/\/centros.uepb.edu.br\/ccbsa\/wp-json\/wp\/v2\/categories?post=4691"},{"taxonomy":"post_tag","embeddable":true,"href":"https:\/\/centros.uepb.edu.br\/ccbsa\/wp-json\/wp\/v2\/tags?post=4691"}],"curies":[{"name":"wp","href":"https:\/\/api.w.org\/{rel}","templated":true}]}}