{"id":4683,"date":"2018-02-22T12:38:33","date_gmt":"2018-02-22T12:38:33","guid":{"rendered":"https:\/\/centros.uepb.edu.br\/ccbsa\/?p=4683"},"modified":"2018-02-22T12:38:33","modified_gmt":"2018-02-22T12:38:33","slug":"graduacao-e-pos-graduacao-em-relacoes-internacionais-promovem-palestra-de-abertura-do-periodo-letivo-2017-2","status":"publish","type":"post","link":"https:\/\/centros.uepb.edu.br\/ccbsa\/graduacao-e-pos-graduacao-em-relacoes-internacionais-promovem-palestra-de-abertura-do-periodo-letivo-2017-2\/","title":{"rendered":"Gradua\u00e7\u00e3o e p\u00f3s-gradua\u00e7\u00e3o em Rela\u00e7\u00f5es Internacionais promovem palestra de abertura do per\u00edodo letivo 2017.2"},"content":{"rendered":"<p><a href=\"https:\/\/centros.uepb.edu.br\/ccbsa\/files\/2018\/02\/IMG_0118.jpg\"><img loading=\"lazy\" decoding=\"async\" class=\"aligncenter size-full wp-image-4684 img-responsive\" src=\"https:\/\/centros.uepb.edu.br\/ccbsa\/files\/2018\/02\/IMG_0118.jpg\" alt=\"\" width=\"840\" height=\"454\" srcset=\"https:\/\/centros.uepb.edu.br\/ccbsa\/files\/2018\/02\/IMG_0118.jpg 840w, https:\/\/centros.uepb.edu.br\/ccbsa\/files\/2018\/02\/IMG_0118-300x162.jpg 300w, https:\/\/centros.uepb.edu.br\/ccbsa\/files\/2018\/02\/IMG_0118-768x415.jpg 768w, https:\/\/centros.uepb.edu.br\/ccbsa\/files\/2018\/02\/IMG_0118-370x200.jpg 370w\" sizes=\"auto, (max-width: 840px) 100vw, 840px\" \/><\/a><\/p>\n<p>&nbsp;<\/p>\n<p>&#8220;O jogo de poder na defini\u00e7\u00e3o dos acordos comerciais no Leste Asi\u00e1tico&#8221;, esse \u00e9 o tema da palestra promovida pela gradua\u00e7\u00e3o e mestrado em Rela\u00e7\u00f5es Internacionais da Universidade Estadual da Para\u00edba (UEPB) como abertura do semestre 2017.2, com a participa\u00e7\u00e3o do professor Henrique Altemani.<\/p>\n<p>Na oportunidade, o docente destacou a import\u00e2ncia de pesquisadores da \u00e1rea de Rela\u00e7\u00f5es Internacionais aprofundarem os estudos sobre \u00c1sia. &#8220;Infelizmente, o Brasil deixa de lado os estudos sobre a \u00c1sia. Devemos pensar que n\u00f3s dependemos do externo, sobretudo, quando consideramos que a \u00c1sia j\u00e1 \u00e9 o principal centro do mundo, do ponto de vista econ\u00f4mico, tecnol\u00f3gico. N\u00e3o podemos pensar em desenvolver pesquisas apenas voltadas aos cen\u00e1rios da Am\u00e9rica Latina, Europa, e desconsiderar esse continente&#8221;, avalia o docente.<\/p>\n<p>Doutor em Sociologia pela Universidade de S\u00e3o Paulo, Henrique Altemani foi professor na Universidade de Bras\u00edlia, na Pontif\u00edcia Universidade Cat\u00f3lica de S\u00e3o Paulo e na Universidade Estadual da Para\u00edba, onde foi um dos fundadores da p\u00f3s-gradua\u00e7\u00e3o em Rela\u00e7\u00f5es Internacionais. Atualmente \u00e9 coordenador do Grupo de Estudos \u00c1sia Pac\u00edfico, membro da Rede de Estudos de Am\u00e9rica Latina e Caribe sobre Asia e Pac\u00edfico (REDEALAP), pesquisador do Observat\u00f3rio Iberoamericano de Asia-Pac\u00edfico, membro da Rede Iberoamericana de Sinologia, membro da Rede Acad\u00eamica de Am\u00e9rica Latina e Caribe sobre China (RED ALC-China), membro do Foro Acad\u00eamico do Observat\u00f3rio Am\u00e9rica Latina Asia Pac\u00edfico (iniciativa conjunta da ALADI, CAF e CEPAL). Tem experi\u00eancia na \u00e1rea de Rela\u00e7\u00f5es Internacionais, com \u00eanfase em Pol\u00edtica Externa do Brasil, atuando principalmente nos seguintes temas: Pol\u00edtica Externa Brasileira, Desenvolvimento, Seguran\u00e7a Estrat\u00e9gica, \u00c1sia Pacifico, Jap\u00e3o e China.<\/p>\n<p>A estudante do primeiro per\u00edodo de Rela\u00e7\u00f5es Internacionais, Izabella Falc\u00e3o, celebra a identifica\u00e7\u00e3o com as tem\u00e1ticas abordadas no in\u00edcio do curso e com o corpo docente respons\u00e1vel pelos componentes curriculares do primeiro per\u00edodo. &#8220;Eu queria optar por Rela\u00e7\u00f5es Internacionais o ensino m\u00e9dio inteiro, a\u00ed acabei escolhendo Direito, cursei 2 anos e n\u00e3o me encontrei, estava mais interessada em Direito Internacional e Direitos Humanos. E agora consegui ingressar no curso de RI, e desde o primeiro dia de aula estou encantada com os professores,\u00a0incr\u00edveis, extremamente preparados. Escolhi esse curso da UEPB porque ouvi falar muito bem e estou amando&#8221;, avaliou a aluna.<\/p>\n<p>&nbsp;<\/p>\n<p>&nbsp;<\/p>\n<p>&nbsp;<\/p>\n","protected":false},"excerpt":{"rendered":"<p>&nbsp; &#8220;O jogo de poder na defini\u00e7\u00e3o dos acordos comerciais no Leste Asi\u00e1tico&#8221;, esse \u00e9 o tema da palestra promovida pela gradua\u00e7\u00e3o e mestrado em Rela\u00e7\u00f5es Internacionais da Universidade Estadual da Para\u00edba (UEPB) como abertura do semestre 2017.2, com a participa\u00e7\u00e3o do professor Henrique Altemani. Na oportunidade, o docente destacou a import\u00e2ncia de pesquisadores da <a class=\"leiamais\" href=\"https:\/\/centros.uepb.edu.br\/ccbsa\/graduacao-e-pos-graduacao-em-relacoes-internacionais-promovem-palestra-de-abertura-do-periodo-letivo-2017-2\/\">Leia Mais&#8230;<\/a><\/p>\n","protected":false},"author":8,"featured_media":4684,"comment_status":"closed","ping_status":"closed","sticky":false,"template":"","format":"standard","meta":{"footnotes":""},"categories":[3,11],"tags":[],"class_list":["post-4683","post","type-post","status-publish","format-standard","has-post-thumbnail","hentry","category-noticias","category-noticias-destaque-img"],"jetpack_featured_media_url":"https:\/\/centros.uepb.edu.br\/ccbsa\/files\/2018\/02\/IMG_0118.jpg","_links":{"self":[{"href":"https:\/\/centros.uepb.edu.br\/ccbsa\/wp-json\/wp\/v2\/posts\/4683","targetHints":{"allow":["GET"]}}],"collection":[{"href":"https:\/\/centros.uepb.edu.br\/ccbsa\/wp-json\/wp\/v2\/posts"}],"about":[{"href":"https:\/\/centros.uepb.edu.br\/ccbsa\/wp-json\/wp\/v2\/types\/post"}],"author":[{"embeddable":true,"href":"https:\/\/centros.uepb.edu.br\/ccbsa\/wp-json\/wp\/v2\/users\/8"}],"replies":[{"embeddable":true,"href":"https:\/\/centros.uepb.edu.br\/ccbsa\/wp-json\/wp\/v2\/comments?post=4683"}],"version-history":[{"count":0,"href":"https:\/\/centros.uepb.edu.br\/ccbsa\/wp-json\/wp\/v2\/posts\/4683\/revisions"}],"wp:featuredmedia":[{"embeddable":true,"href":"https:\/\/centros.uepb.edu.br\/ccbsa\/wp-json\/wp\/v2\/media\/4684"}],"wp:attachment":[{"href":"https:\/\/centros.uepb.edu.br\/ccbsa\/wp-json\/wp\/v2\/media?parent=4683"}],"wp:term":[{"taxonomy":"category","embeddable":true,"href":"https:\/\/centros.uepb.edu.br\/ccbsa\/wp-json\/wp\/v2\/categories?post=4683"},{"taxonomy":"post_tag","embeddable":true,"href":"https:\/\/centros.uepb.edu.br\/ccbsa\/wp-json\/wp\/v2\/tags?post=4683"}],"curies":[{"name":"wp","href":"https:\/\/api.w.org\/{rel}","templated":true}]}}