{"id":4611,"date":"2018-01-30T14:48:53","date_gmt":"2018-01-30T14:48:53","guid":{"rendered":"https:\/\/centros.uepb.edu.br\/ccbsa\/?p=4611"},"modified":"2018-01-31T12:26:59","modified_gmt":"2018-01-31T12:26:59","slug":"comissao-cientifica-do-8o-cna-realiza-reuniao-para-organizar-os-detalhes-do-evento-que-ocorre-em-outubro","status":"publish","type":"post","link":"https:\/\/centros.uepb.edu.br\/ccbsa\/comissao-cientifica-do-8o-cna-realiza-reuniao-para-organizar-os-detalhes-do-evento-que-ocorre-em-outubro\/","title":{"rendered":"Comiss\u00e3o cient\u00edfica do 8\u00ba CNA realiza reuni\u00e3o para organizar os detalhes do evento que ocorre em outubro"},"content":{"rendered":"<p>&nbsp;<\/p>\n<p><a href=\"https:\/\/centros.uepb.edu.br\/ccbsa\/files\/2018\/01\/unnamed-3.jpg\"><img loading=\"lazy\" decoding=\"async\" class=\"aligncenter size-full wp-image-4622 img-responsive\" src=\"https:\/\/centros.uepb.edu.br\/ccbsa\/files\/2018\/01\/unnamed-3.jpg\" alt=\"\" width=\"840\" height=\"454\" srcset=\"https:\/\/centros.uepb.edu.br\/ccbsa\/files\/2018\/01\/unnamed-3.jpg 840w, https:\/\/centros.uepb.edu.br\/ccbsa\/files\/2018\/01\/unnamed-3-300x162.jpg 300w, https:\/\/centros.uepb.edu.br\/ccbsa\/files\/2018\/01\/unnamed-3-768x415.jpg 768w, https:\/\/centros.uepb.edu.br\/ccbsa\/files\/2018\/01\/unnamed-3-370x200.jpg 370w\" sizes=\"auto, (max-width: 840px) 100vw, 840px\" \/><\/a><\/p>\n<p>Com o objetivo de definir alguns detalhes da organiza\u00e7\u00e3o do 8\u00ba Congresso Nacional de Arquivologia, que ocorrer\u00e1 de 8 a 11 de outubro, no Centro de Conven\u00e7\u00f5es de Jo\u00e3o Pessoa, parte dos integrantes da comiss\u00e3o cient\u00edfica e comiss\u00e3o organizadora do evento, sob a responsabilidade da Associa\u00e7\u00e3o dos Arquivistas da Para\u00edba (AAPB) e os curso de Arquivologia da Universidade Estadual da Para\u00edba (UEPB) e Universidade Federal da Para\u00edba (UFPB), esteve reunida, na manh\u00e3 desta sexta-feira (26), no Campus V da UEPB.<\/p>\n<p>A submiss\u00e3o de trabalhos ocorrer\u00e1 de 1\u00b0 de maio a 1\u00b0 de julho, e as inscri\u00e7\u00f5es ser\u00e3o a partir do dia 1\u00b0 de maio atrav\u00e9s do site do evento, que dever\u00e1 ser lan\u00e7ado em breve.<\/p>\n<p>Considerado o\u00a0maior evento da \u00e1rea de Arquivologia em \u00e2mbito nacional o\u00a0 CNA re\u00fane, a cada dois anos, estudantes, professores, pesquisadores e profissionais para discutir as perspectivas da Arquivologia no Brasil e em outros pa\u00edses\u00a0O tema desse ano ser\u00e1 &#8220;\u00c9tica, responsabilidade social e pol\u00edticas de acessibilidade para a Arquivologia&#8221;.<\/p>\n","protected":false},"excerpt":{"rendered":"<p>&nbsp; Com o objetivo de definir alguns detalhes da organiza\u00e7\u00e3o do 8\u00ba Congresso Nacional de Arquivologia, que ocorrer\u00e1 de 8 a 11 de outubro, no Centro de Conven\u00e7\u00f5es de Jo\u00e3o Pessoa, parte dos integrantes da comiss\u00e3o cient\u00edfica e comiss\u00e3o organizadora do evento, sob a responsabilidade da Associa\u00e7\u00e3o dos Arquivistas da Para\u00edba (AAPB) e os curso <a class=\"leiamais\" href=\"https:\/\/centros.uepb.edu.br\/ccbsa\/comissao-cientifica-do-8o-cna-realiza-reuniao-para-organizar-os-detalhes-do-evento-que-ocorre-em-outubro\/\">Leia Mais&#8230;<\/a><\/p>\n","protected":false},"author":8,"featured_media":4622,"comment_status":"closed","ping_status":"closed","sticky":false,"template":"","format":"standard","meta":{"footnotes":""},"categories":[3,11,1],"tags":[],"class_list":["post-4611","post","type-post","status-publish","format-standard","has-post-thumbnail","hentry","category-noticias","category-noticias-destaque-img","category-sem-categoria"],"jetpack_featured_media_url":"https:\/\/centros.uepb.edu.br\/ccbsa\/files\/2018\/01\/unnamed-3.jpg","_links":{"self":[{"href":"https:\/\/centros.uepb.edu.br\/ccbsa\/wp-json\/wp\/v2\/posts\/4611","targetHints":{"allow":["GET"]}}],"collection":[{"href":"https:\/\/centros.uepb.edu.br\/ccbsa\/wp-json\/wp\/v2\/posts"}],"about":[{"href":"https:\/\/centros.uepb.edu.br\/ccbsa\/wp-json\/wp\/v2\/types\/post"}],"author":[{"embeddable":true,"href":"https:\/\/centros.uepb.edu.br\/ccbsa\/wp-json\/wp\/v2\/users\/8"}],"replies":[{"embeddable":true,"href":"https:\/\/centros.uepb.edu.br\/ccbsa\/wp-json\/wp\/v2\/comments?post=4611"}],"version-history":[{"count":0,"href":"https:\/\/centros.uepb.edu.br\/ccbsa\/wp-json\/wp\/v2\/posts\/4611\/revisions"}],"wp:featuredmedia":[{"embeddable":true,"href":"https:\/\/centros.uepb.edu.br\/ccbsa\/wp-json\/wp\/v2\/media\/4622"}],"wp:attachment":[{"href":"https:\/\/centros.uepb.edu.br\/ccbsa\/wp-json\/wp\/v2\/media?parent=4611"}],"wp:term":[{"taxonomy":"category","embeddable":true,"href":"https:\/\/centros.uepb.edu.br\/ccbsa\/wp-json\/wp\/v2\/categories?post=4611"},{"taxonomy":"post_tag","embeddable":true,"href":"https:\/\/centros.uepb.edu.br\/ccbsa\/wp-json\/wp\/v2\/tags?post=4611"}],"curies":[{"name":"wp","href":"https:\/\/api.w.org\/{rel}","templated":true}]}}