{"id":459,"date":"2013-07-16T13:50:21","date_gmt":"2013-07-16T13:50:21","guid":{"rendered":"\/ccbsa\/?p=459"},"modified":"2013-07-16T14:09:40","modified_gmt":"2013-07-16T14:09:40","slug":"docente-da-uepb-lanca-um-novo-olhar-sobre-politica-e-economia-em-pagina-nas-redes-sociais","status":"publish","type":"post","link":"https:\/\/centros.uepb.edu.br\/ccbsa\/docente-da-uepb-lanca-um-novo-olhar-sobre-politica-e-economia-em-pagina-nas-redes-sociais\/","title":{"rendered":"Em p\u00e1gina nas redes sociais docente da UEPB lan\u00e7a um novo olhar sobre pol\u00edtica e economia"},"content":{"rendered":"<p><a href=\"http:\/\/centros.ascom.uepb.edu.br\/ccbsa\/files\/2013\/07\/1013115_177288029114839_1034805664_n.jpg\"><img loading=\"lazy\" decoding=\"async\" class=\"alignleft size-thumbnail wp-image-460 img-responsive\" alt=\"1013115_177288029114839_1034805664_n\" src=\"http:\/\/centros.ascom.uepb.edu.br\/ccbsa\/files\/2013\/07\/1013115_177288029114839_1034805664_n-150x150.jpg\" width=\"150\" height=\"150\" \/><\/a>Abordar quest\u00f5es ligadas \u00e0 pol\u00edtica e economia nacional e internacional, com bom humor e intelig\u00eancia, essa tem sido a linha de atua\u00e7\u00e3o da p\u00e1gina \u201cContos do Uirapur\u00fa\u201d, de autoria do coordenador do curso de Rela\u00e7\u00f5es Internacionais da Universidade Estadual da Para\u00edba, professor Jos\u00e9 Carlos de Assis, que tem atra\u00eddo a cada dia mais seguidores de todo o pa\u00eds, interessados na an\u00e1lise dos temas de forma cr\u00edtica, atualizada e de f\u00e1cil compreens\u00e3o.<\/p>\n<p>Na p\u00e1gina s\u00e3o difundidas diariamente cr\u00f4nicas com cr\u00edticas aos fatos que marcam a pol\u00edtica e economia, com o intuito de suscitar nos estudantes, docentes e pesquisadores, que acessam as est\u00f3rias, um car\u00e1ter reflexivo em rela\u00e7\u00e3o \u00e0s quest\u00f5es que s\u00e3o abordadas. Os contos publicados seguem uma sequ\u00eancia, que faz com que o leitor acompanhe a rotina do personagem principal, denominado \u201cSimpl\u00edcio\u201d, com curiosidade para descobrir o desenrolar dos fatos. Segundo o professor Jos\u00e9 Carlos Simpl\u00edcio \u201csimboliza a figura de brasileiros inquietos e generosos, sonhadores, ut\u00f3picos, realizadores<a href=\"http:\/\/centros.ascom.uepb.edu.br\/ccbsa\/files\/2013\/07\/1075298_179770038866638_1729059821_n.jpg\"><img loading=\"lazy\" decoding=\"async\" class=\"alignright size-thumbnail wp-image-463 img-responsive\" alt=\"1075298_179770038866638_1729059821_n\" src=\"http:\/\/centros.ascom.uepb.edu.br\/ccbsa\/files\/2013\/07\/1075298_179770038866638_1729059821_n-150x150.jpg\" width=\"150\" height=\"150\" \/><\/a> da vida\u201d.<\/p>\n<p>O idealizador da p\u00e1gina e autor dos textos, professor Jos\u00e9 Carlos \u00e9 economista, professor de Economia Internacional, j\u00e1 atuou como rep\u00f3rter de economia na \u201cFolha de S\u00e3o Paulo\u201d, \u201cJornal do Brasil\u201d, \u201cO Jornal\u201d do Rio de Janeiro; foi vencedor do \u201cPr\u00eamio Esso de Reportagem\u201d; \u00e9 colunista da \u201cCarta Maior\u201d e autor de v\u00e1rias publica\u00e7\u00f5es, entre elas o livro \u201cA Raz\u00e3o de Deus\u201d, da editora Civiliza\u00e7\u00e3o Brasileira. Segundo ele a p\u00e1gina \u201cContos do Uirapur\u00fa\u201d foi criada como uma forma de simplificar temas como super\u00e1vit prim\u00e1rio, infla\u00e7\u00e3o, taxa b\u00e1sica de juros, impostos, obras p\u00fablicas, gest\u00e3o de recursos, aproximando essas quest\u00f5es do p\u00fablico e tornando essa discuss\u00e3o prazerosa.<\/p>\n<p>Todas as cr\u00f4nicas contam com o trabalho de ilustra\u00e7\u00e3o do estudante de RI Nivaldo Pires. Tamb\u00e9m foram respons\u00e1veis pela editora\u00e7\u00e3o gr\u00e1fica da p\u00e1gina os estudantes Jos\u00e9 Robson e Valter \u00c2ngelo, e o aluno Nillo Carlos, presta assessoria ao projeto.<\/p>\n<p>A <a href=\"https:\/\/www.facebook.com\/ContosdoUirapuru\">p\u00e1gina<\/a> pode ser acessada diretamente pelo Facebook ou no link dispon\u00edvel ao lado direito da p\u00e1gina principal do CCBSA, no espa\u00e7o destinado ao acesso r\u00e1pido.<\/p>\n","protected":false},"excerpt":{"rendered":"<p>Abordar quest\u00f5es ligadas \u00e0 pol\u00edtica e economia nacional e internacional, com bom humor e intelig\u00eancia, essa tem sido a linha de atua\u00e7\u00e3o da p\u00e1gina \u201cContos do Uirapur\u00fa\u201d, de autoria do coordenador do curso de Rela\u00e7\u00f5es Internacionais da Universidade Estadual da Para\u00edba, professor Jos\u00e9 Carlos de Assis, que tem atra\u00eddo a cada dia mais seguidores de <a class=\"leiamais\" href=\"https:\/\/centros.uepb.edu.br\/ccbsa\/docente-da-uepb-lanca-um-novo-olhar-sobre-politica-e-economia-em-pagina-nas-redes-sociais\/\">Leia Mais&#8230;<\/a><\/p>\n","protected":false},"author":8,"featured_media":461,"comment_status":"open","ping_status":"open","sticky":false,"template":"","format":"standard","meta":{"footnotes":""},"categories":[6],"tags":[],"class_list":["post-459","post","type-post","status-publish","format-standard","has-post-thumbnail","hentry","category-slide"],"jetpack_featured_media_url":"https:\/\/centros.uepb.edu.br\/ccbsa\/files\/2013\/07\/MODDDD.jpg","_links":{"self":[{"href":"https:\/\/centros.uepb.edu.br\/ccbsa\/wp-json\/wp\/v2\/posts\/459","targetHints":{"allow":["GET"]}}],"collection":[{"href":"https:\/\/centros.uepb.edu.br\/ccbsa\/wp-json\/wp\/v2\/posts"}],"about":[{"href":"https:\/\/centros.uepb.edu.br\/ccbsa\/wp-json\/wp\/v2\/types\/post"}],"author":[{"embeddable":true,"href":"https:\/\/centros.uepb.edu.br\/ccbsa\/wp-json\/wp\/v2\/users\/8"}],"replies":[{"embeddable":true,"href":"https:\/\/centros.uepb.edu.br\/ccbsa\/wp-json\/wp\/v2\/comments?post=459"}],"version-history":[{"count":0,"href":"https:\/\/centros.uepb.edu.br\/ccbsa\/wp-json\/wp\/v2\/posts\/459\/revisions"}],"wp:featuredmedia":[{"embeddable":true,"href":"https:\/\/centros.uepb.edu.br\/ccbsa\/wp-json\/wp\/v2\/media\/461"}],"wp:attachment":[{"href":"https:\/\/centros.uepb.edu.br\/ccbsa\/wp-json\/wp\/v2\/media?parent=459"}],"wp:term":[{"taxonomy":"category","embeddable":true,"href":"https:\/\/centros.uepb.edu.br\/ccbsa\/wp-json\/wp\/v2\/categories?post=459"},{"taxonomy":"post_tag","embeddable":true,"href":"https:\/\/centros.uepb.edu.br\/ccbsa\/wp-json\/wp\/v2\/tags?post=459"}],"curies":[{"name":"wp","href":"https:\/\/api.w.org\/{rel}","templated":true}]}}