{"id":4584,"date":"2018-01-22T15:09:51","date_gmt":"2018-01-22T15:09:51","guid":{"rendered":"https:\/\/centros.uepb.edu.br\/ccbsa\/?p=4584"},"modified":"2018-01-25T14:30:21","modified_gmt":"2018-01-25T14:30:21","slug":"instalacoes-do-campus-v-passam-por-servicos-de-manutencao-antes-do-inicio-do-periodo-letivo-2017-2","status":"publish","type":"post","link":"https:\/\/centros.uepb.edu.br\/ccbsa\/instalacoes-do-campus-v-passam-por-servicos-de-manutencao-antes-do-inicio-do-periodo-letivo-2017-2\/","title":{"rendered":"Instala\u00e7\u00f5es do Campus V passam por servi\u00e7os de manuten\u00e7\u00e3o antes do in\u00edcio do per\u00edodo letivo 2017.2"},"content":{"rendered":"<p>&nbsp;<\/p>\n\n\t\t<style type=\"text\/css\">\n\t\t\t#gallery-1 {\n\t\t\t\tmargin: auto;\n\t\t\t}\n\t\t\t#gallery-1 .gallery-item {\n\t\t\t\tfloat: left;\n\t\t\t\tmargin-top: 10px;\n\t\t\t\ttext-align: center;\n\t\t\t\twidth: 33%;\n\t\t\t}\n\t\t\t#gallery-1 img {\n\t\t\t\tborder: 2px solid #cfcfcf;\n\t\t\t}\n\t\t\t#gallery-1 .gallery-caption {\n\t\t\t\tmargin-left: 0;\n\t\t\t}\n\t\t\t\/* see gallery_shortcode() in wp-includes\/media.php *\/\n\t\t<\/style>\n\t\t<div id='gallery-1' class='gallery galleryid-4584 gallery-columns-3 gallery-size-thumbnail'><dl class='gallery-item'>\n\t\t\t<dt class='gallery-icon landscape'>\n\t\t\t\t<a href='https:\/\/centros.uepb.edu.br\/ccbsa\/files\/2018\/01\/20180108_103037-1.jpg'><img loading=\"lazy\" decoding=\"async\" width=\"150\" height=\"150\" src=\"https:\/\/centros.uepb.edu.br\/ccbsa\/files\/2018\/01\/20180108_103037-1-150x150.jpg\" class=\"attachment-thumbnail size-thumbnail\" alt=\"\" \/><\/a>\n\t\t\t<\/dt><\/dl><dl class='gallery-item'>\n\t\t\t<dt class='gallery-icon landscape'>\n\t\t\t\t<a href='https:\/\/centros.uepb.edu.br\/ccbsa\/files\/2018\/01\/unnamed-2.jpg'><img loading=\"lazy\" decoding=\"async\" width=\"150\" height=\"150\" src=\"https:\/\/centros.uepb.edu.br\/ccbsa\/files\/2018\/01\/unnamed-2-150x150.jpg\" class=\"attachment-thumbnail size-thumbnail\" alt=\"\" \/><\/a>\n\t\t\t<\/dt><\/dl><dl class='gallery-item'>\n\t\t\t<dt class='gallery-icon landscape'>\n\t\t\t\t<a href='https:\/\/centros.uepb.edu.br\/ccbsa\/files\/2018\/01\/DSC09045.jpg'><img loading=\"lazy\" decoding=\"async\" width=\"150\" height=\"150\" src=\"https:\/\/centros.uepb.edu.br\/ccbsa\/files\/2018\/01\/DSC09045-150x150.jpg\" class=\"attachment-thumbnail size-thumbnail\" alt=\"\" \/><\/a>\n\t\t\t<\/dt><\/dl><br style=\"clear: both\" \/><dl class='gallery-item'>\n\t\t\t<dt class='gallery-icon landscape'>\n\t\t\t\t<a href='https:\/\/centros.uepb.edu.br\/ccbsa\/files\/2018\/01\/DSC09043.jpg'><img loading=\"lazy\" decoding=\"async\" width=\"150\" height=\"150\" src=\"https:\/\/centros.uepb.edu.br\/ccbsa\/files\/2018\/01\/DSC09043-150x150.jpg\" class=\"attachment-thumbnail size-thumbnail\" alt=\"\" \/><\/a>\n\t\t\t<\/dt><\/dl><dl class='gallery-item'>\n\t\t\t<dt class='gallery-icon landscape'>\n\t\t\t\t<a href='https:\/\/centros.uepb.edu.br\/ccbsa\/files\/2018\/01\/20180108_112634.jpg'><img loading=\"lazy\" decoding=\"async\" width=\"150\" height=\"150\" src=\"https:\/\/centros.uepb.edu.br\/ccbsa\/files\/2018\/01\/20180108_112634-150x150.jpg\" class=\"attachment-thumbnail size-thumbnail\" alt=\"\" \/><\/a>\n\t\t\t<\/dt><\/dl>\n\t\t\t<br style='clear: both' \/>\n\t\t<\/div>\n\n<p>Enquanto t\u00e9cnicos-administrativos, docentes e estudantes do Campus V da Universidade Estadual da Para\u00edba est\u00e3o em per\u00edodo de f\u00e9rias, a equipe de manuten\u00e7\u00e3o do Centro de Ci\u00eancias Biol\u00f3gicas e Sociais Aplicadas est\u00e1 realizando diversos reparos nas salas de aula, corredores, \u00e1reas externas e n\u00facleo de l\u00ednguas, com o objetivo de oferecer \u00e0 comunidade antes do in\u00edcio do per\u00edodo letivo 2017.2 um ambiente confort\u00e1vel e adequado para o desenvolvimento das atividades acad\u00eamicas.<\/p>\n<p>Foi realizada a adequa\u00e7\u00e3o das salas de aula com a veda\u00e7\u00e3o das aberturas na parede e instala\u00e7\u00e3o dos ar-condicionados; pintura de salas de aula e corredores; poda das \u00e1rvores; dedetiza\u00e7\u00e3o; capinagem das \u00e1reas verdes. Tamb\u00e9m foi realizada a prepara\u00e7\u00e3o no piso para a remo\u00e7\u00e3o dos containers do local onde estavam instalados e remo\u00e7\u00e3o para a nova \u00e1rea de viv\u00eancia que fica pr\u00f3ximo \u00e0 X\u00e9rox (a mudan\u00e7a ocorre para que seja realizada neste espa\u00e7o a constru\u00e7\u00e3o do bloco de salas de aula &#8211; j\u00e1 aprovado em licita\u00e7\u00e3o do Governo do Estado). Nesse sentido, a equipe de Tecnologia da Informa\u00e7\u00e3o do Campus V est\u00e1 realizando a expans\u00e3o da rede de dados para a nova \u00e1rea, amplia\u00e7\u00e3o da rede hidr\u00e1ulica, assim como est\u00e1 sendo providenciado o\u00a0projeto el\u00e9trico e est\u00e3o sendo implementadas\u00a0medidas de seguran\u00e7a tais como levantamento do muro e isolamento do local com a cria\u00e7\u00e3o de um \u00fanico acesso ao centro de viv\u00eancia.<\/p>\n<p>Al\u00e9m disso, desde o in\u00edcio do m\u00eas de janeiro de 2018 o N\u00facleo de L\u00ednguas tamb\u00e9m est\u00e1 passando por uma readequa\u00e7\u00e3o dos espa\u00e7os com pintura, mudan\u00e7as na ilumina\u00e7\u00e3o, com o objetivo de oferecer ao p\u00fablico um local adequado ao ensino de idiomas.<\/p>\n<p>De acordo com a diretora do CCBSA, professora Jacqueline Echeverr\u00eda Barrancos, todas as reformas e readequa\u00e7\u00f5es de espa\u00e7os buscam oferecer \u00e0 comunidade acad\u00eamica e popula\u00e7\u00e3o que utiliza os servi\u00e7os e espa\u00e7os do Campus V uma estrutura mais confort\u00e1vel e adequada \u00e0s atividades de ensino, pesquisa e extens\u00e3o.<\/p>\n<p><strong>Texto:<\/strong> Juliana Marques<\/p>\n<p><strong>Foto:<\/strong> Rodolfo Fran\u00e7a<\/p>\n","protected":false},"excerpt":{"rendered":"<p>&nbsp; Enquanto t\u00e9cnicos-administrativos, docentes e estudantes do Campus V da Universidade Estadual da Para\u00edba est\u00e3o em per\u00edodo de f\u00e9rias, a equipe de manuten\u00e7\u00e3o do Centro de Ci\u00eancias Biol\u00f3gicas e Sociais Aplicadas est\u00e1 realizando diversos reparos nas salas de aula, corredores, \u00e1reas externas e n\u00facleo de l\u00ednguas, com o objetivo de oferecer \u00e0 comunidade antes do <a class=\"leiamais\" href=\"https:\/\/centros.uepb.edu.br\/ccbsa\/instalacoes-do-campus-v-passam-por-servicos-de-manutencao-antes-do-inicio-do-periodo-letivo-2017-2\/\">Leia Mais&#8230;<\/a><\/p>\n","protected":false},"author":8,"featured_media":4585,"comment_status":"closed","ping_status":"closed","sticky":false,"template":"","format":"standard","meta":{"footnotes":""},"categories":[3,11],"tags":[],"class_list":["post-4584","post","type-post","status-publish","format-standard","has-post-thumbnail","hentry","category-noticias","category-noticias-destaque-img"],"jetpack_featured_media_url":"https:\/\/centros.uepb.edu.br\/ccbsa\/files\/2018\/01\/20180108_112634.jpg","_links":{"self":[{"href":"https:\/\/centros.uepb.edu.br\/ccbsa\/wp-json\/wp\/v2\/posts\/4584","targetHints":{"allow":["GET"]}}],"collection":[{"href":"https:\/\/centros.uepb.edu.br\/ccbsa\/wp-json\/wp\/v2\/posts"}],"about":[{"href":"https:\/\/centros.uepb.edu.br\/ccbsa\/wp-json\/wp\/v2\/types\/post"}],"author":[{"embeddable":true,"href":"https:\/\/centros.uepb.edu.br\/ccbsa\/wp-json\/wp\/v2\/users\/8"}],"replies":[{"embeddable":true,"href":"https:\/\/centros.uepb.edu.br\/ccbsa\/wp-json\/wp\/v2\/comments?post=4584"}],"version-history":[{"count":0,"href":"https:\/\/centros.uepb.edu.br\/ccbsa\/wp-json\/wp\/v2\/posts\/4584\/revisions"}],"wp:featuredmedia":[{"embeddable":true,"href":"https:\/\/centros.uepb.edu.br\/ccbsa\/wp-json\/wp\/v2\/media\/4585"}],"wp:attachment":[{"href":"https:\/\/centros.uepb.edu.br\/ccbsa\/wp-json\/wp\/v2\/media?parent=4584"}],"wp:term":[{"taxonomy":"category","embeddable":true,"href":"https:\/\/centros.uepb.edu.br\/ccbsa\/wp-json\/wp\/v2\/categories?post=4584"},{"taxonomy":"post_tag","embeddable":true,"href":"https:\/\/centros.uepb.edu.br\/ccbsa\/wp-json\/wp\/v2\/tags?post=4584"}],"curies":[{"name":"wp","href":"https:\/\/api.w.org\/{rel}","templated":true}]}}