{"id":4544,"date":"2017-11-14T15:00:33","date_gmt":"2017-11-14T15:00:33","guid":{"rendered":"https:\/\/centros.uepb.edu.br\/ccbsa\/?p=4544"},"modified":"2017-11-14T15:05:24","modified_gmt":"2017-11-14T15:05:24","slug":"arquivistas-da-uepb-realizam-reuniao-com-coordenacao-de-arquivologia-para-discutir-reforma-administrativa","status":"publish","type":"post","link":"https:\/\/centros.uepb.edu.br\/ccbsa\/arquivistas-da-uepb-realizam-reuniao-com-coordenacao-de-arquivologia-para-discutir-reforma-administrativa\/","title":{"rendered":"Arquivistas da UEPB realizam reuni\u00e3o com coordena\u00e7\u00e3o de Arquivologia para discutir reforma administrativa"},"content":{"rendered":"<p><a href=\"https:\/\/centros.uepb.edu.br\/ccbsa\/files\/2017\/11\/unnamed-1.jpg\"><img loading=\"lazy\" decoding=\"async\" class=\"aligncenter size-full wp-image-4546 img-responsive\" src=\"https:\/\/centros.uepb.edu.br\/ccbsa\/files\/2017\/11\/unnamed-1.jpg\" alt=\"\" width=\"840\" height=\"454\" srcset=\"https:\/\/centros.uepb.edu.br\/ccbsa\/files\/2017\/11\/unnamed-1.jpg 840w, https:\/\/centros.uepb.edu.br\/ccbsa\/files\/2017\/11\/unnamed-1-300x162.jpg 300w, https:\/\/centros.uepb.edu.br\/ccbsa\/files\/2017\/11\/unnamed-1-768x415.jpg 768w, https:\/\/centros.uepb.edu.br\/ccbsa\/files\/2017\/11\/unnamed-1-370x200.jpg 370w\" sizes=\"auto, (max-width: 840px) 100vw, 840px\" \/><\/a><\/p>\n<p>Com o objetivo de formular contribui\u00e7\u00f5es a serem apresentadas \u00e0 reitoria e pro-reitoria de Planejamento da Universidade Estadual da Para\u00edba (UEPB), um grupo de Arquivistas da administra\u00e7\u00e3o central e do Campus V, esteve reunido com a coordena\u00e7\u00e3o do bacharelado em Arquivologia da UEPB, na manh\u00e3 desta ter\u00e7a-feira (14), no laborat\u00f3rio integrado do referido curso.<\/p>\n<p>Segundo a coordenadora do Bacharelado em Arquivologia, professora Esmeralda Porf\u00edrio de Sales, a proposta \u00e9 que seja sugerida a cria\u00e7\u00e3o do arquivo central da UEPB que reunir\u00e1 toda a documenta\u00e7\u00e3o institucional, e o curso est\u00e1 prestando a assessoria e orienta\u00e7\u00e3o necess\u00e1rios \u00e0 equipe de arquivistas da UEPB para delinear tal propositura.<\/p>\n<p>A\u00a0<a href=\"http:\/\/www.uepb.edu.br\/download\/documentos\/documentos_2017\/Reforma-Administrativa-Proposta-para-Consulta-Publica.pdf\">proposta de reforma administrativa<\/a>\u00a0da UEPB est\u00e1 aberta para o debate no \u00e2mbito institucional, ficando para consulta p\u00fablica,\u00a0<strong>at\u00e9 o dia 10 de dezembro<\/strong>.<\/p>\n<p>&nbsp;<\/p>\n","protected":false},"excerpt":{"rendered":"<p>Com o objetivo de formular contribui\u00e7\u00f5es a serem apresentadas \u00e0 reitoria e pro-reitoria de Planejamento da Universidade Estadual da Para\u00edba (UEPB), um grupo de Arquivistas da administra\u00e7\u00e3o central e do Campus V, esteve reunido com a coordena\u00e7\u00e3o do bacharelado em Arquivologia da UEPB, na manh\u00e3 desta ter\u00e7a-feira (14), no laborat\u00f3rio integrado do referido curso. Segundo <a class=\"leiamais\" href=\"https:\/\/centros.uepb.edu.br\/ccbsa\/arquivistas-da-uepb-realizam-reuniao-com-coordenacao-de-arquivologia-para-discutir-reforma-administrativa\/\">Leia Mais&#8230;<\/a><\/p>\n","protected":false},"author":8,"featured_media":4546,"comment_status":"closed","ping_status":"closed","sticky":false,"template":"","format":"standard","meta":{"footnotes":""},"categories":[3,11],"tags":[],"class_list":["post-4544","post","type-post","status-publish","format-standard","has-post-thumbnail","hentry","category-noticias","category-noticias-destaque-img"],"jetpack_featured_media_url":"https:\/\/centros.uepb.edu.br\/ccbsa\/files\/2017\/11\/unnamed-1.jpg","_links":{"self":[{"href":"https:\/\/centros.uepb.edu.br\/ccbsa\/wp-json\/wp\/v2\/posts\/4544","targetHints":{"allow":["GET"]}}],"collection":[{"href":"https:\/\/centros.uepb.edu.br\/ccbsa\/wp-json\/wp\/v2\/posts"}],"about":[{"href":"https:\/\/centros.uepb.edu.br\/ccbsa\/wp-json\/wp\/v2\/types\/post"}],"author":[{"embeddable":true,"href":"https:\/\/centros.uepb.edu.br\/ccbsa\/wp-json\/wp\/v2\/users\/8"}],"replies":[{"embeddable":true,"href":"https:\/\/centros.uepb.edu.br\/ccbsa\/wp-json\/wp\/v2\/comments?post=4544"}],"version-history":[{"count":0,"href":"https:\/\/centros.uepb.edu.br\/ccbsa\/wp-json\/wp\/v2\/posts\/4544\/revisions"}],"wp:featuredmedia":[{"embeddable":true,"href":"https:\/\/centros.uepb.edu.br\/ccbsa\/wp-json\/wp\/v2\/media\/4546"}],"wp:attachment":[{"href":"https:\/\/centros.uepb.edu.br\/ccbsa\/wp-json\/wp\/v2\/media?parent=4544"}],"wp:term":[{"taxonomy":"category","embeddable":true,"href":"https:\/\/centros.uepb.edu.br\/ccbsa\/wp-json\/wp\/v2\/categories?post=4544"},{"taxonomy":"post_tag","embeddable":true,"href":"https:\/\/centros.uepb.edu.br\/ccbsa\/wp-json\/wp\/v2\/tags?post=4544"}],"curies":[{"name":"wp","href":"https:\/\/api.w.org\/{rel}","templated":true}]}}