{"id":451,"date":"2013-07-16T12:42:32","date_gmt":"2013-07-16T12:42:32","guid":{"rendered":"\/ccbsa\/?p=451"},"modified":"2013-07-16T12:42:32","modified_gmt":"2013-07-16T12:42:32","slug":"biologa-do-projeto-tartarugas-urbanas-ministra-palestra-voltada-aos-graduandos-de-ciencias-biologicas","status":"publish","type":"post","link":"https:\/\/centros.uepb.edu.br\/ccbsa\/biologa-do-projeto-tartarugas-urbanas-ministra-palestra-voltada-aos-graduandos-de-ciencias-biologicas\/","title":{"rendered":"Bi\u00f3loga do Projeto Tartarugas Urbanas ministra palestra voltada aos graduandos de Ci\u00eancias Biol\u00f3gicas"},"content":{"rendered":"<p><a href=\"http:\/\/centros.ascom.uepb.edu.br\/ccbsa\/files\/2013\/07\/SAM_6287mod.jpg\"><img loading=\"lazy\" decoding=\"async\" class=\"alignleft size-thumbnail wp-image-452 img-responsive\" alt=\"SAM_6287mod\" src=\"http:\/\/centros.ascom.uepb.edu.br\/ccbsa\/files\/2013\/07\/SAM_6287mod-150x150.jpg\" width=\"150\" height=\"150\" \/><\/a>Apresentar aos estudantes os campos de est\u00e1gio na \u00e1rea de estudo, esse \u00e9 o intuito do componente curricular \u201cPesquisa e Extens\u00e3o\u201d, do bacharelado em Ci\u00eancias Biol\u00f3gicas do Campus V da Universidade Estadual da Para\u00edba, que nesta segunda-feira (16) trouxe para a institui\u00e7\u00e3o a Bi\u00f3loga Rita Mascarenhas, coordenadora do Projeto Tartarugas Urbanas na ONG Guajiru, para discutir pr\u00e1ticas de prote\u00e7\u00e3o ambiental voltadas \u00e0s tartarugas marinhas.<\/p>\n<p>De acordo com a professora Elis\u00e2ngela Mendon\u00e7a, ministrante deste componente curricular, a perspectiva \u00e9 que, frequentemente, professores e pesquisadores sejam convidados a ministrar palestras sobre suas linhas de pesquisa e extens\u00e3o, para que os estudantes tenham contato com as possibilidades de atua\u00e7\u00e3o na \u00e1rea de <a href=\"http:\/\/centros.ascom.uepb.edu.br\/ccbsa\/files\/2013\/07\/SAM_6292mod.jpg\"><img loading=\"lazy\" decoding=\"async\" class=\"alignright size-thumbnail wp-image-453 img-responsive\" alt=\"SAM_6292mod\" src=\"http:\/\/centros.ascom.uepb.edu.br\/ccbsa\/files\/2013\/07\/SAM_6292mod-150x150.jpg\" width=\"150\" height=\"150\" \/><\/a>Ci\u00eancias Biol\u00f3gicas.<\/p>\n<p>O Projeto Tartarugas Urbanas (PTU) oferece campo de est\u00e1gio para estudantes de biologia que queiram participar das atividades de prote\u00e7\u00e3o ambiental. Atualmente a UEPB est\u00e1 negociando um conv\u00eanio com a ONG para que estudantes possam fazer o est\u00e1gio Curricular e TCC junto com a coordenadora, Rita Mascarenhas. Alguns estudantes do Campus V j\u00e1 desenvolvem atividades na ONG como volunt\u00e1rios, contando apenas como carga hor\u00e1ria complementar.<\/p>\n<p><a href=\"http:\/\/centros.ascom.uepb.edu.br\/ccbsa\/files\/2013\/07\/SAM_6296mod.jpg\"><img loading=\"lazy\" decoding=\"async\" class=\"alignleft size-thumbnail wp-image-454 img-responsive\" alt=\"SAM_6296mod\" src=\"http:\/\/centros.ascom.uepb.edu.br\/ccbsa\/files\/2013\/07\/SAM_6296mod-150x150.jpg\" width=\"150\" height=\"150\" \/><\/a>Durante a palestra, a professora Rita Mascarenhas, que \u00e9 mestre em Biologia Animal pela UNAM (M\u00e9xico), doutora em Zoologia pela UNESP e p\u00f3s-doutora em Conserva\u00e7\u00e3o de Tartarugas Marinhas, abordou as formas de identifica\u00e7\u00e3o das esp\u00e9cies, o sexo, como se d\u00e1 a desova,a prote\u00e7\u00e3o de ninhos, as caracter\u00edsticas da Tartaruga-de-pente, que \u00e9 a esp\u00e9cie mais encontrada no litoral paraibano e apresentou a ONG Guajir\u00fa.<\/p>\n<p><strong>Sobre a Guajir\u00fa<\/strong><\/p>\n<p>A ONG Guajiru \u00e9 uma organiza\u00e7\u00e3o de prote\u00e7\u00e3o ao meio ambiente, fundada em 2002, com o principal intuito de prote\u00e7\u00e3o das \u00e1reas de reprodu\u00e7\u00e3o das Tartarugas-de-pente que desovam no litoral da Para\u00edba. A associa\u00e7\u00e3o conta com a colabora\u00e7\u00e3o t\u00e9cnica de bi\u00f3logos, estudantes de Biologia, Ecologia e \u00e1reas afins. O principal projeto da Guajiru chama-se Projeto Tartarugas Urbanas (PTU), que tem como objetivo a prote\u00e7\u00e3o de \u00e1reas de alimenta\u00e7\u00e3o e reprodu\u00e7\u00e3o de tartarugas marinhas (amea\u00e7adas de extin\u00e7\u00e3o) em praias urbanizadas de Jo\u00e3o Pessoa, especialmente Bessa e Intermares.<\/p>\n<p>Atualmente a ONG encontra-se sem sede em virtude da derrubada do Bar do Surfista em Intermares (antiga sede). A coordenadora espera em breve uma contrapartida da prefeitura para doa\u00e7\u00e3o do local constru\u00e7\u00e3o de sua sede, para isso est\u00e3o realizando um abaixo assinado com uma <a href=\"http:\/\/www.peticaopublica.com.br\/PeticaoListaSignatarios.aspx?pi=Guajiru1\">peti\u00e7\u00e3o publica<\/a> para a constru\u00e7\u00e3o da sua sede.<\/p>\n","protected":false},"excerpt":{"rendered":"<p>Apresentar aos estudantes os campos de est\u00e1gio na \u00e1rea de estudo, esse \u00e9 o intuito do componente curricular \u201cPesquisa e Extens\u00e3o\u201d, do bacharelado em Ci\u00eancias Biol\u00f3gicas do Campus V da Universidade Estadual da Para\u00edba, que nesta segunda-feira (16) trouxe para a institui\u00e7\u00e3o a Bi\u00f3loga Rita Mascarenhas, coordenadora do Projeto Tartarugas Urbanas na ONG Guajiru, para <a class=\"leiamais\" href=\"https:\/\/centros.uepb.edu.br\/ccbsa\/biologa-do-projeto-tartarugas-urbanas-ministra-palestra-voltada-aos-graduandos-de-ciencias-biologicas\/\">Leia Mais&#8230;<\/a><\/p>\n","protected":false},"author":8,"featured_media":452,"comment_status":"open","ping_status":"open","sticky":false,"template":"","format":"standard","meta":{"footnotes":""},"categories":[6],"tags":[],"class_list":["post-451","post","type-post","status-publish","format-standard","has-post-thumbnail","hentry","category-slide"],"jetpack_featured_media_url":"https:\/\/centros.uepb.edu.br\/ccbsa\/files\/2013\/07\/SAM_6287mod.jpg","_links":{"self":[{"href":"https:\/\/centros.uepb.edu.br\/ccbsa\/wp-json\/wp\/v2\/posts\/451","targetHints":{"allow":["GET"]}}],"collection":[{"href":"https:\/\/centros.uepb.edu.br\/ccbsa\/wp-json\/wp\/v2\/posts"}],"about":[{"href":"https:\/\/centros.uepb.edu.br\/ccbsa\/wp-json\/wp\/v2\/types\/post"}],"author":[{"embeddable":true,"href":"https:\/\/centros.uepb.edu.br\/ccbsa\/wp-json\/wp\/v2\/users\/8"}],"replies":[{"embeddable":true,"href":"https:\/\/centros.uepb.edu.br\/ccbsa\/wp-json\/wp\/v2\/comments?post=451"}],"version-history":[{"count":0,"href":"https:\/\/centros.uepb.edu.br\/ccbsa\/wp-json\/wp\/v2\/posts\/451\/revisions"}],"wp:featuredmedia":[{"embeddable":true,"href":"https:\/\/centros.uepb.edu.br\/ccbsa\/wp-json\/wp\/v2\/media\/452"}],"wp:attachment":[{"href":"https:\/\/centros.uepb.edu.br\/ccbsa\/wp-json\/wp\/v2\/media?parent=451"}],"wp:term":[{"taxonomy":"category","embeddable":true,"href":"https:\/\/centros.uepb.edu.br\/ccbsa\/wp-json\/wp\/v2\/categories?post=451"},{"taxonomy":"post_tag","embeddable":true,"href":"https:\/\/centros.uepb.edu.br\/ccbsa\/wp-json\/wp\/v2\/tags?post=451"}],"curies":[{"name":"wp","href":"https:\/\/api.w.org\/{rel}","templated":true}]}}