{"id":4506,"date":"2017-10-27T14:08:32","date_gmt":"2017-10-27T14:08:32","guid":{"rendered":"https:\/\/centros.uepb.edu.br\/ccbsa\/?p=4506"},"modified":"2017-10-27T15:20:34","modified_gmt":"2017-10-27T15:20:34","slug":"campus-v-sedia-comemoracoes-alusivas-ao-dia-do-servidor-e-do-professor-com-palestra-e-lancamento-de-campanha-de-humanizacao","status":"publish","type":"post","link":"https:\/\/centros.uepb.edu.br\/ccbsa\/campus-v-sedia-comemoracoes-alusivas-ao-dia-do-servidor-e-do-professor-com-palestra-e-lancamento-de-campanha-de-humanizacao\/","title":{"rendered":"Campus V sedia comemora\u00e7\u00f5es alusivas aos dias do servidor e do professor com palestra e lan\u00e7amento de campanha de humaniza\u00e7\u00e3o"},"content":{"rendered":"\n\t\t<style type=\"text\/css\">\n\t\t\t#gallery-1 {\n\t\t\t\tmargin: auto;\n\t\t\t}\n\t\t\t#gallery-1 .gallery-item {\n\t\t\t\tfloat: left;\n\t\t\t\tmargin-top: 10px;\n\t\t\t\ttext-align: center;\n\t\t\t\twidth: 33%;\n\t\t\t}\n\t\t\t#gallery-1 img {\n\t\t\t\tborder: 2px solid #cfcfcf;\n\t\t\t}\n\t\t\t#gallery-1 .gallery-caption {\n\t\t\t\tmargin-left: 0;\n\t\t\t}\n\t\t\t\/* see gallery_shortcode() in wp-includes\/media.php *\/\n\t\t<\/style>\n\t\t<div id='gallery-1' class='gallery galleryid-4506 gallery-columns-3 gallery-size-full'><dl class='gallery-item'>\n\t\t\t<dt class='gallery-icon landscape'>\n\t\t\t\t<a href='https:\/\/centros.uepb.edu.br\/ccbsa\/campus-v-sedia-comemoracoes-alusivas-ao-dia-do-servidor-e-do-professor-com-palestra-e-lancamento-de-campanha-de-humanizacao\/sony-dsc-200\/'><img loading=\"lazy\" decoding=\"async\" width=\"840\" height=\"454\" src=\"https:\/\/centros.uepb.edu.br\/ccbsa\/files\/2017\/10\/DSC08678.jpg\" class=\"attachment-full size-full\" alt=\"\" srcset=\"https:\/\/centros.uepb.edu.br\/ccbsa\/files\/2017\/10\/DSC08678.jpg 840w, https:\/\/centros.uepb.edu.br\/ccbsa\/files\/2017\/10\/DSC08678-300x162.jpg 300w, https:\/\/centros.uepb.edu.br\/ccbsa\/files\/2017\/10\/DSC08678-768x415.jpg 768w, https:\/\/centros.uepb.edu.br\/ccbsa\/files\/2017\/10\/DSC08678-370x200.jpg 370w\" sizes=\"auto, (max-width: 840px) 100vw, 840px\" \/><\/a>\n\t\t\t<\/dt><\/dl><dl class='gallery-item'>\n\t\t\t<dt class='gallery-icon landscape'>\n\t\t\t\t<a href='https:\/\/centros.uepb.edu.br\/ccbsa\/campus-v-sedia-comemoracoes-alusivas-ao-dia-do-servidor-e-do-professor-com-palestra-e-lancamento-de-campanha-de-humanizacao\/sony-dsc-201\/'><img loading=\"lazy\" decoding=\"async\" width=\"840\" height=\"454\" src=\"https:\/\/centros.uepb.edu.br\/ccbsa\/files\/2017\/10\/DSC08689.jpg\" class=\"attachment-full size-full\" alt=\"\" srcset=\"https:\/\/centros.uepb.edu.br\/ccbsa\/files\/2017\/10\/DSC08689.jpg 840w, https:\/\/centros.uepb.edu.br\/ccbsa\/files\/2017\/10\/DSC08689-300x162.jpg 300w, https:\/\/centros.uepb.edu.br\/ccbsa\/files\/2017\/10\/DSC08689-768x415.jpg 768w, https:\/\/centros.uepb.edu.br\/ccbsa\/files\/2017\/10\/DSC08689-370x200.jpg 370w\" sizes=\"auto, (max-width: 840px) 100vw, 840px\" \/><\/a>\n\t\t\t<\/dt><\/dl>\n\t\t\t<br style='clear: both' \/>\n\t\t<\/div>\n\n<p>Bem-estar, qualidade de vida, sa\u00fade mental, s\u00e3o alguns elementos visados por quem busca a realiza\u00e7\u00e3o profissional, sobretudo no contexto de liquidez e instantaneidade caracter\u00edsticos das rela\u00e7\u00f5es na contemporaneidade. E foi com o objetivo de promover o autoconhecimento profissional e refletir sobre a trajet\u00f3ria de vida dos t\u00e9cnicos-administrativos e docentes do Campus V da Universidade Estadual da Para\u00edba (UEPB), que a dire\u00e7\u00e3o do Centro Ci\u00eancias Biol\u00f3gicas e Sociais Aplicadas (CCBSA) promoveu, na manh\u00e3 desta sexta-feira (27) o evento alusivo ao dia do servidor p\u00fablico e o dia do professor.<\/p>\n<p>Durante o evento, a <em>coach<\/em> de vida e carreira e mestranda em Neuroci\u00eancia Cognitiva e Comportamental Izolda Carvalho apresentou informa\u00e7\u00f5es com o objetivo de enfatizar a import\u00e2ncia do autoconhecimento, o gerenciamento de emo\u00e7\u00f5es, para a conquista da qualidade de vida.<\/p>\n<p>Na oportunidade, a dire\u00e7\u00e3o do CCBSA realizou o lan\u00e7amento da campanha \u201cHumaniza\u00e7\u00e3o das Rela\u00e7\u00f5es Interpessoais no Campus V\u201d, que dever\u00e1 ser realizada com as vertentes: amor, respeito, integridade, diversidade, \u00e9tica. De acordo com a diretora do CCBSA, professora Jacqueline Echeverr\u00eda Barrancos, a campanha foi pensada como forma de atender demandas internas relacionadas a ass\u00e9dio moral e relacionamento entre o p\u00fablico. A gestora destaca que est\u00e3o sendo pensados, por uma equipe multidisciplinar, a metodologia e o calend\u00e1rio das a\u00e7\u00f5es da campanha.<\/p>\n<p>O encerramento do evento contou com um lanche compartilhado.<\/p>\n","protected":false},"excerpt":{"rendered":"<p>Bem-estar, qualidade de vida, sa\u00fade mental, s\u00e3o alguns elementos visados por quem busca a realiza\u00e7\u00e3o profissional, sobretudo no contexto de liquidez e instantaneidade caracter\u00edsticos das rela\u00e7\u00f5es na contemporaneidade. E foi com o objetivo de promover o autoconhecimento profissional e refletir sobre a trajet\u00f3ria de vida dos t\u00e9cnicos-administrativos e docentes do Campus V da Universidade Estadual <a class=\"leiamais\" href=\"https:\/\/centros.uepb.edu.br\/ccbsa\/campus-v-sedia-comemoracoes-alusivas-ao-dia-do-servidor-e-do-professor-com-palestra-e-lancamento-de-campanha-de-humanizacao\/\">Leia Mais&#8230;<\/a><\/p>\n","protected":false},"author":8,"featured_media":4507,"comment_status":"closed","ping_status":"closed","sticky":false,"template":"","format":"standard","meta":{"footnotes":""},"categories":[3,11],"tags":[],"class_list":["post-4506","post","type-post","status-publish","format-standard","has-post-thumbnail","hentry","category-noticias","category-noticias-destaque-img"],"jetpack_featured_media_url":"https:\/\/centros.uepb.edu.br\/ccbsa\/files\/2017\/10\/DSC08678.jpg","_links":{"self":[{"href":"https:\/\/centros.uepb.edu.br\/ccbsa\/wp-json\/wp\/v2\/posts\/4506","targetHints":{"allow":["GET"]}}],"collection":[{"href":"https:\/\/centros.uepb.edu.br\/ccbsa\/wp-json\/wp\/v2\/posts"}],"about":[{"href":"https:\/\/centros.uepb.edu.br\/ccbsa\/wp-json\/wp\/v2\/types\/post"}],"author":[{"embeddable":true,"href":"https:\/\/centros.uepb.edu.br\/ccbsa\/wp-json\/wp\/v2\/users\/8"}],"replies":[{"embeddable":true,"href":"https:\/\/centros.uepb.edu.br\/ccbsa\/wp-json\/wp\/v2\/comments?post=4506"}],"version-history":[{"count":0,"href":"https:\/\/centros.uepb.edu.br\/ccbsa\/wp-json\/wp\/v2\/posts\/4506\/revisions"}],"wp:featuredmedia":[{"embeddable":true,"href":"https:\/\/centros.uepb.edu.br\/ccbsa\/wp-json\/wp\/v2\/media\/4507"}],"wp:attachment":[{"href":"https:\/\/centros.uepb.edu.br\/ccbsa\/wp-json\/wp\/v2\/media?parent=4506"}],"wp:term":[{"taxonomy":"category","embeddable":true,"href":"https:\/\/centros.uepb.edu.br\/ccbsa\/wp-json\/wp\/v2\/categories?post=4506"},{"taxonomy":"post_tag","embeddable":true,"href":"https:\/\/centros.uepb.edu.br\/ccbsa\/wp-json\/wp\/v2\/tags?post=4506"}],"curies":[{"name":"wp","href":"https:\/\/api.w.org\/{rel}","templated":true}]}}