{"id":4497,"date":"2017-10-26T15:45:44","date_gmt":"2017-10-26T15:45:44","guid":{"rendered":"https:\/\/centros.uepb.edu.br\/ccbsa\/?p=4497"},"modified":"2017-10-26T15:48:11","modified_gmt":"2017-10-26T15:48:11","slug":"centro-academico-de-relacoes-internacionais-realiza-semana-de-recepcao-aos-calouros-do-periodo-letivo-2017-1","status":"publish","type":"post","link":"https:\/\/centros.uepb.edu.br\/ccbsa\/centro-academico-de-relacoes-internacionais-realiza-semana-de-recepcao-aos-calouros-do-periodo-letivo-2017-1\/","title":{"rendered":"Centro Acad\u00eamico de Rela\u00e7\u00f5es Internacionais realiza semana de recep\u00e7\u00e3o aos calouros do per\u00edodo letivo 2017.1"},"content":{"rendered":"\n\t\t<style type=\"text\/css\">\n\t\t\t#gallery-1 {\n\t\t\t\tmargin: auto;\n\t\t\t}\n\t\t\t#gallery-1 .gallery-item {\n\t\t\t\tfloat: left;\n\t\t\t\tmargin-top: 10px;\n\t\t\t\ttext-align: center;\n\t\t\t\twidth: 33%;\n\t\t\t}\n\t\t\t#gallery-1 img {\n\t\t\t\tborder: 2px solid #cfcfcf;\n\t\t\t}\n\t\t\t#gallery-1 .gallery-caption {\n\t\t\t\tmargin-left: 0;\n\t\t\t}\n\t\t\t\/* see gallery_shortcode() in wp-includes\/media.php *\/\n\t\t<\/style>\n\t\t<div id='gallery-1' class='gallery galleryid-4497 gallery-columns-3 gallery-size-full'><dl class='gallery-item'>\n\t\t\t<dt class='gallery-icon landscape'>\n\t\t\t\t<a href='https:\/\/centros.uepb.edu.br\/ccbsa\/centro-academico-de-relacoes-internacionais-realiza-semana-de-recepcao-aos-calouros-do-periodo-letivo-2017-1\/sony-dsc-198\/'><img loading=\"lazy\" decoding=\"async\" width=\"840\" height=\"454\" src=\"https:\/\/centros.uepb.edu.br\/ccbsa\/files\/2017\/10\/DSC08675.jpg\" class=\"attachment-full size-full\" alt=\"\" srcset=\"https:\/\/centros.uepb.edu.br\/ccbsa\/files\/2017\/10\/DSC08675.jpg 840w, https:\/\/centros.uepb.edu.br\/ccbsa\/files\/2017\/10\/DSC08675-300x162.jpg 300w, https:\/\/centros.uepb.edu.br\/ccbsa\/files\/2017\/10\/DSC08675-768x415.jpg 768w, https:\/\/centros.uepb.edu.br\/ccbsa\/files\/2017\/10\/DSC08675-370x200.jpg 370w\" sizes=\"auto, (max-width: 840px) 100vw, 840px\" \/><\/a>\n\t\t\t<\/dt><\/dl><dl class='gallery-item'>\n\t\t\t<dt class='gallery-icon landscape'>\n\t\t\t\t<a href='https:\/\/centros.uepb.edu.br\/ccbsa\/centro-academico-de-relacoes-internacionais-realiza-semana-de-recepcao-aos-calouros-do-periodo-letivo-2017-1\/sony-dsc-199\/'><img loading=\"lazy\" decoding=\"async\" width=\"840\" height=\"454\" src=\"https:\/\/centros.uepb.edu.br\/ccbsa\/files\/2017\/10\/DSC08660.jpg\" class=\"attachment-full size-full\" alt=\"\" srcset=\"https:\/\/centros.uepb.edu.br\/ccbsa\/files\/2017\/10\/DSC08660.jpg 840w, https:\/\/centros.uepb.edu.br\/ccbsa\/files\/2017\/10\/DSC08660-300x162.jpg 300w, https:\/\/centros.uepb.edu.br\/ccbsa\/files\/2017\/10\/DSC08660-768x415.jpg 768w, https:\/\/centros.uepb.edu.br\/ccbsa\/files\/2017\/10\/DSC08660-370x200.jpg 370w\" sizes=\"auto, (max-width: 840px) 100vw, 840px\" \/><\/a>\n\t\t\t<\/dt><\/dl>\n\t\t\t<br style='clear: both' \/>\n\t\t<\/div>\n\n<p>Palestras, mostra de projetos de pesquisa e extens\u00e3o e apresenta\u00e7\u00e3o de informes, s\u00e3o as atividades que marcam a Semana de Recep\u00e7\u00e3o aos calouros do curso de gradua\u00e7\u00e3o em Rela\u00e7\u00f5es Internacionais da Universidade Estadual da Para\u00edba, per\u00edodo letivo 2017.1. O evento \u00e9 promovido pelo Centro Acad\u00eamico de Rela\u00e7\u00f5es Internacionais Epit\u00e1cio Pessoa, gest\u00e3o Enfrente.<\/p>\n<p>A palestra de abertura \u201cAscens\u00e3o da onda conservadora e neoliberal na Am\u00e9rica Latina\u201d, foi realizada no audit\u00f3rio Pioneiros, da manh\u00e3 desta quarta-feira (25) com o mestre em Hist\u00f3ria Matheus Silveira Guimar\u00e3es e o mestrando de Rela\u00e7\u00f5es Internacionais Gabriel Fernandes Caetano. Na sequ\u00eancia foi realizada uma apresenta\u00e7\u00e3o de informes sobre a biblioteca, com a bibliotec\u00e1ria Ivaneide Soares e o Coletivo Br\u00edgida Louren\u00e7o. O primeiro dia de atividades tamb\u00e9m contou com a palestra \u201cO estudo do feminismo nas Rela\u00e7\u00f5es Internacionais\u201d, ministrada pela professora Ana Paula Maielo Silva.<\/p>\n<p>Tanto na noite do primeiro dia de evento quanto nesta quinta-feira (26) foi realizada a palestra \u201cMercado de Trabalho nas Rela\u00e7\u00f5es Internacionais\u201d, com o doutorando em Ci\u00eancia Pol\u00edtica e egresso da gradua\u00e7\u00e3o e p\u00f3s-gradua\u00e7\u00e3o em Rela\u00e7\u00f5es Internacionais Jan Marcel Lacerda e o Gerente Operacional de Com\u00e9rcio Exterior da Secretaria de Turismo e Desenvolvimento Econ\u00f4mico da Para\u00edba, Nivaldo Pires.<\/p>\n<p>Na oportunidade, o professor da Universidade Federal do Tocantins Jan Marcel apresentou sua trajet\u00f3ria acad\u00eamica e profissional, e exp\u00f4s dados relacionados ao perfil dos egressos de Rela\u00e7\u00f5es internacionais (sal\u00e1rio m\u00e9dio, flu\u00eancia em outro idioma, ocupa\u00e7\u00f5es profissionais, p\u00f3s-gradua\u00e7\u00e3o). J\u00e1 o egresso da UEPB Nivaldo Pires, tra\u00e7ou o panorama do mercado de trabalho nas institui\u00e7\u00f5es p\u00fablicas para os graduados em Rela\u00e7\u00f5es Internacionais e Com\u00e9rcio Exterior.<\/p>\n<p>De acordo com a coordenadora geral do Centro Acad\u00eamico Epit\u00e1cio Pessoa, Monalisa Lustosa, esse evento foi pensado como forma de apresentar aos calouros o curso de Rela\u00e7\u00f5es Internacionais da UEPB, os projetos desenvolvidos, os servi\u00e7os prestados na UEPB, os temas de relev\u00e2ncia na \u00e1rea. A estudante do 1\u00ba per\u00edodo de Rela\u00e7\u00f5es Internacionais, Luana Silvestre, destacou a import\u00e2ncia da acolhida proporcionada aos estudantes. \u201c\u00c9 importante esse tipo de evento, porque n\u00f3s sa\u00edmos do ensino m\u00e9dio sem no\u00e7\u00e3o do que \u00e9 de fato o curso, e de como as coisas funcionam na universidade. E eu posso dizer quer fiquei surpresa com a recep\u00e7\u00e3o que tivemos n\u00e3o s\u00f3 por parte do Centro Acad\u00eamico mas tamb\u00e9m pela coordena\u00e7\u00e3o do curso\u201d, avaliou.<\/p>\n<p>Nesta quinta-feira (26), nos turnos da manh\u00e3 e noite, o evento conta com uma mostra dos projetos de pesquisa e extens\u00e3o do curso. Na sexta-feira (27) \u00e0s 13h, ser\u00e1 realizada o \u201cC\u00edrculo de di\u00e1logo inclusivo: troca de experi\u00eancias entre veteranos e feras\u201d, coordenado pelo Projeto UEPB em A\u00e7\u00e3o. O encerramento do evento est\u00e1 previsto para essa sexta-feira, 27 de outubro, \u00e0s 22h, no Campus V, com a calourada do Campus V.<\/p>\n<p><strong>Texto e fotos<\/strong>: Juliana Marques<\/p>\n","protected":false},"excerpt":{"rendered":"<p>Palestras, mostra de projetos de pesquisa e extens\u00e3o e apresenta\u00e7\u00e3o de informes, s\u00e3o as atividades que marcam a Semana de Recep\u00e7\u00e3o aos calouros do curso de gradua\u00e7\u00e3o em Rela\u00e7\u00f5es Internacionais da Universidade Estadual da Para\u00edba, per\u00edodo letivo 2017.1. O evento \u00e9 promovido pelo Centro Acad\u00eamico de Rela\u00e7\u00f5es Internacionais Epit\u00e1cio Pessoa, gest\u00e3o Enfrente. A palestra de <a class=\"leiamais\" href=\"https:\/\/centros.uepb.edu.br\/ccbsa\/centro-academico-de-relacoes-internacionais-realiza-semana-de-recepcao-aos-calouros-do-periodo-letivo-2017-1\/\">Leia Mais&#8230;<\/a><\/p>\n","protected":false},"author":8,"featured_media":4498,"comment_status":"closed","ping_status":"closed","sticky":false,"template":"","format":"standard","meta":{"footnotes":""},"categories":[3,11],"tags":[],"class_list":["post-4497","post","type-post","status-publish","format-standard","has-post-thumbnail","hentry","category-noticias","category-noticias-destaque-img"],"jetpack_featured_media_url":"https:\/\/centros.uepb.edu.br\/ccbsa\/files\/2017\/10\/DSC08675.jpg","_links":{"self":[{"href":"https:\/\/centros.uepb.edu.br\/ccbsa\/wp-json\/wp\/v2\/posts\/4497","targetHints":{"allow":["GET"]}}],"collection":[{"href":"https:\/\/centros.uepb.edu.br\/ccbsa\/wp-json\/wp\/v2\/posts"}],"about":[{"href":"https:\/\/centros.uepb.edu.br\/ccbsa\/wp-json\/wp\/v2\/types\/post"}],"author":[{"embeddable":true,"href":"https:\/\/centros.uepb.edu.br\/ccbsa\/wp-json\/wp\/v2\/users\/8"}],"replies":[{"embeddable":true,"href":"https:\/\/centros.uepb.edu.br\/ccbsa\/wp-json\/wp\/v2\/comments?post=4497"}],"version-history":[{"count":0,"href":"https:\/\/centros.uepb.edu.br\/ccbsa\/wp-json\/wp\/v2\/posts\/4497\/revisions"}],"wp:featuredmedia":[{"embeddable":true,"href":"https:\/\/centros.uepb.edu.br\/ccbsa\/wp-json\/wp\/v2\/media\/4498"}],"wp:attachment":[{"href":"https:\/\/centros.uepb.edu.br\/ccbsa\/wp-json\/wp\/v2\/media?parent=4497"}],"wp:term":[{"taxonomy":"category","embeddable":true,"href":"https:\/\/centros.uepb.edu.br\/ccbsa\/wp-json\/wp\/v2\/categories?post=4497"},{"taxonomy":"post_tag","embeddable":true,"href":"https:\/\/centros.uepb.edu.br\/ccbsa\/wp-json\/wp\/v2\/tags?post=4497"}],"curies":[{"name":"wp","href":"https:\/\/api.w.org\/{rel}","templated":true}]}}