{"id":4486,"date":"2017-10-20T14:16:02","date_gmt":"2017-10-20T14:16:02","guid":{"rendered":"https:\/\/centros.uepb.edu.br\/ccbsa\/?p=4486"},"modified":"2017-10-20T15:03:54","modified_gmt":"2017-10-20T15:03:54","slug":"jornada-do-arquivista-e-realizada-em-joao-pessoa-para-celebrar-o-dia-do-arquivista-e-discutir-temas-de-relevancia-na-area","status":"publish","type":"post","link":"https:\/\/centros.uepb.edu.br\/ccbsa\/jornada-do-arquivista-e-realizada-em-joao-pessoa-para-celebrar-o-dia-do-arquivista-e-discutir-temas-de-relevancia-na-area\/","title":{"rendered":"Jornada do Arquivista \u00e9 realizada em Jo\u00e3o Pessoa para celebrar o dia do arquivista e discutir temas de relev\u00e2ncia na \u00e1rea"},"content":{"rendered":"<p><a href=\"https:\/\/centros.uepb.edu.br\/ccbsa\/files\/2017\/10\/DSC08659.jpg\"><img loading=\"lazy\" decoding=\"async\" class=\"aligncenter size-full wp-image-4487 img-responsive\" src=\"https:\/\/centros.uepb.edu.br\/ccbsa\/files\/2017\/10\/DSC08659.jpg\" alt=\"\" width=\"840\" height=\"454\" srcset=\"https:\/\/centros.uepb.edu.br\/ccbsa\/files\/2017\/10\/DSC08659.jpg 840w, https:\/\/centros.uepb.edu.br\/ccbsa\/files\/2017\/10\/DSC08659-300x162.jpg 300w, https:\/\/centros.uepb.edu.br\/ccbsa\/files\/2017\/10\/DSC08659-768x415.jpg 768w, https:\/\/centros.uepb.edu.br\/ccbsa\/files\/2017\/10\/DSC08659-370x200.jpg 370w\" sizes=\"auto, (max-width: 840px) 100vw, 840px\" \/><\/a><\/p>\n<p>Com uma programa\u00e7\u00e3o diversificada voltada a estudantes e profissionais da \u00e1rea, est\u00e1 sendo realizada, at\u00e9 este s\u00e1bado, 21 de outubro, em Jo\u00e3o Pessoa, por meio de uma parceria entre as coordena\u00e7\u00f5es de curso e Centros Acad\u00eamicos de Arquivologia da Universidade Estadual da Para\u00edba (UEPB) e Universidade Federal da Para\u00edba (UFPB) e Associa\u00e7\u00e3o dos Arquivistas da Para\u00edba (AAPB), a Jornada do Arquivista.<\/p>\n<p>O evento, que teve in\u00edcio na quarta-feira, 18 de outubro, contou com palestras, visitas t\u00e9cnicas, ato p\u00fablico, mesas de discuss\u00e3o e apresenta\u00e7\u00f5es culturais. A abertura do evento foi realizada na quarta-feira (18) \u00e0 noite, com a palestra \u201cArquivos digitais: proposta para o s\u00e9culo da Informa\u00e7\u00e3o\u201d, ministrada pelo professor Josemar Henrique de Melo, sob media\u00e7\u00e3o do professor Luiz Eduardo da Silva. Na quinta-feira (19), \u00e0s 8h foi realizado um ato p\u00fablico na Pra\u00e7a Ven\u00e2ncio Neiva, e \u00e0s 18h, no audit\u00f3rio do Campus V da UEPB, foi discutido o tema \u201cReposit\u00f3rios e preserva\u00e7\u00e3o digital\u201d, com a participa\u00e7\u00e3o do professor Charlley Luz, e media\u00e7\u00e3o do professor Josemar Henrique de Melo.<\/p>\n<p>Na oportunidade, o professor Charlley Luz destacou a import\u00e2ncia da abordagem dessa tem\u00e1tica para estudantes e profissionais da \u00e1rea. \u201cNa minha vis\u00e3o essa \u00e9 a pr\u00f3xima fronteira que a gente est\u00e1 se encaminhando do ponto de vista profissional. O reposit\u00f3rio digital vai ser o arquivo permanente do futuro. Para n\u00f3s \u00e9 um desafio que precisamos entender cada vez mais, um assunto que a gente precisa dominar\u201d, enfatizou.<\/p>\n<p>A coordenadora do curso de Arquivologia, professora Esmeralda Porf\u00edrio de Sales, lembrou da import\u00e2ncia de serem realizadas iniciativas como esse evento, que fortalece a parceria entre os cursos de Arquivologia da UEPB e UFPB, possibilita o aprofundamento de quest\u00f5es inerentes \u00e0 \u00e1rea e marca as comemora\u00e7\u00f5es alusivas ao dia do arquivista, celebrado nesta sexta-feira, 20 de outubro. \u201cDurante o evento abordamos discuss\u00f5es necess\u00e1rias \u00e0 consolida\u00e7\u00e3o da Arquivologia paraibana, temas de relev\u00e2ncia, como o Projeto de Lei 7.920, conhecido como PL da queima de arquivo, e lembramos o dia do arquivista com atividades voltadas n\u00e3o s\u00f3 aos estudantes como aos profissionais que j\u00e1 est\u00e3o atuando no mercado de trabalho\u201d, explicou.<\/p>\n<p>A Jornada do Arquivista prossegue nesta sexta-feira, 20 de outubro, \u00e0s 18h30, na UFPB, com uma palestra do professor Charlley Luz que visa aprofundar a discuss\u00e3o sobre o Projeto de lei 7.920. E o encerramento do evento ser\u00e1 neste s\u00e1bado, 21 de outubro, \u00e0s 17h, no Campus V da UEPB com uma programa\u00e7\u00e3o cultural.<\/p>\n<p><em><strong>Texto e foto:<\/strong> Juliana Marques<\/em><\/p>\n","protected":false},"excerpt":{"rendered":"<p>Com uma programa\u00e7\u00e3o diversificada voltada a estudantes e profissionais da \u00e1rea, est\u00e1 sendo realizada, at\u00e9 este s\u00e1bado, 21 de outubro, em Jo\u00e3o Pessoa, por meio de uma parceria entre as coordena\u00e7\u00f5es de curso e Centros Acad\u00eamicos de Arquivologia da Universidade Estadual da Para\u00edba (UEPB) e Universidade Federal da Para\u00edba (UFPB) e Associa\u00e7\u00e3o dos Arquivistas da <a class=\"leiamais\" href=\"https:\/\/centros.uepb.edu.br\/ccbsa\/jornada-do-arquivista-e-realizada-em-joao-pessoa-para-celebrar-o-dia-do-arquivista-e-discutir-temas-de-relevancia-na-area\/\">Leia Mais&#8230;<\/a><\/p>\n","protected":false},"author":8,"featured_media":4487,"comment_status":"closed","ping_status":"closed","sticky":false,"template":"","format":"standard","meta":{"footnotes":""},"categories":[3,11],"tags":[],"class_list":["post-4486","post","type-post","status-publish","format-standard","has-post-thumbnail","hentry","category-noticias","category-noticias-destaque-img"],"jetpack_featured_media_url":"https:\/\/centros.uepb.edu.br\/ccbsa\/files\/2017\/10\/DSC08659.jpg","_links":{"self":[{"href":"https:\/\/centros.uepb.edu.br\/ccbsa\/wp-json\/wp\/v2\/posts\/4486","targetHints":{"allow":["GET"]}}],"collection":[{"href":"https:\/\/centros.uepb.edu.br\/ccbsa\/wp-json\/wp\/v2\/posts"}],"about":[{"href":"https:\/\/centros.uepb.edu.br\/ccbsa\/wp-json\/wp\/v2\/types\/post"}],"author":[{"embeddable":true,"href":"https:\/\/centros.uepb.edu.br\/ccbsa\/wp-json\/wp\/v2\/users\/8"}],"replies":[{"embeddable":true,"href":"https:\/\/centros.uepb.edu.br\/ccbsa\/wp-json\/wp\/v2\/comments?post=4486"}],"version-history":[{"count":0,"href":"https:\/\/centros.uepb.edu.br\/ccbsa\/wp-json\/wp\/v2\/posts\/4486\/revisions"}],"wp:featuredmedia":[{"embeddable":true,"href":"https:\/\/centros.uepb.edu.br\/ccbsa\/wp-json\/wp\/v2\/media\/4487"}],"wp:attachment":[{"href":"https:\/\/centros.uepb.edu.br\/ccbsa\/wp-json\/wp\/v2\/media?parent=4486"}],"wp:term":[{"taxonomy":"category","embeddable":true,"href":"https:\/\/centros.uepb.edu.br\/ccbsa\/wp-json\/wp\/v2\/categories?post=4486"},{"taxonomy":"post_tag","embeddable":true,"href":"https:\/\/centros.uepb.edu.br\/ccbsa\/wp-json\/wp\/v2\/tags?post=4486"}],"curies":[{"name":"wp","href":"https:\/\/api.w.org\/{rel}","templated":true}]}}