{"id":4470,"date":"2017-10-17T15:59:00","date_gmt":"2017-10-17T15:59:00","guid":{"rendered":"https:\/\/centros.uepb.edu.br\/ccbsa\/?p=4470"},"modified":"2017-10-17T15:59:51","modified_gmt":"2017-10-17T15:59:51","slug":"encontro-nordestino-de-arborizacao-urbana-e-realizado-em-joao-pessoa-ate-quarta-18-com-o-apoio-da-uepb","status":"publish","type":"post","link":"https:\/\/centros.uepb.edu.br\/ccbsa\/encontro-nordestino-de-arborizacao-urbana-e-realizado-em-joao-pessoa-ate-quarta-18-com-o-apoio-da-uepb\/","title":{"rendered":"Encontro Nordestino de Arboriza\u00e7\u00e3o Urbana \u00e9 realizado em Jo\u00e3o Pessoa at\u00e9 quarta (18) com o apoio da UEPB"},"content":{"rendered":"\n\t\t<style type=\"text\/css\">\n\t\t\t#gallery-1 {\n\t\t\t\tmargin: auto;\n\t\t\t}\n\t\t\t#gallery-1 .gallery-item {\n\t\t\t\tfloat: left;\n\t\t\t\tmargin-top: 10px;\n\t\t\t\ttext-align: center;\n\t\t\t\twidth: 33%;\n\t\t\t}\n\t\t\t#gallery-1 img {\n\t\t\t\tborder: 2px solid #cfcfcf;\n\t\t\t}\n\t\t\t#gallery-1 .gallery-caption {\n\t\t\t\tmargin-left: 0;\n\t\t\t}\n\t\t\t\/* see gallery_shortcode() in wp-includes\/media.php *\/\n\t\t<\/style>\n\t\t<div id='gallery-1' class='gallery galleryid-4470 gallery-columns-3 gallery-size-full'><dl class='gallery-item'>\n\t\t\t<dt class='gallery-icon landscape'>\n\t\t\t\t<a href='https:\/\/centros.uepb.edu.br\/ccbsa\/encontro-nordestino-de-arborizacao-urbana-e-realizado-em-joao-pessoa-ate-quarta-18-com-o-apoio-da-uepb\/sony-dsc-193\/'><img loading=\"lazy\" decoding=\"async\" width=\"840\" height=\"454\" src=\"https:\/\/centros.uepb.edu.br\/ccbsa\/files\/2017\/10\/DSC07102.jpg\" class=\"attachment-full size-full\" alt=\"\" srcset=\"https:\/\/centros.uepb.edu.br\/ccbsa\/files\/2017\/10\/DSC07102.jpg 840w, https:\/\/centros.uepb.edu.br\/ccbsa\/files\/2017\/10\/DSC07102-300x162.jpg 300w, https:\/\/centros.uepb.edu.br\/ccbsa\/files\/2017\/10\/DSC07102-768x415.jpg 768w, https:\/\/centros.uepb.edu.br\/ccbsa\/files\/2017\/10\/DSC07102-370x200.jpg 370w\" sizes=\"auto, (max-width: 840px) 100vw, 840px\" \/><\/a>\n\t\t\t<\/dt><\/dl><dl class='gallery-item'>\n\t\t\t<dt class='gallery-icon landscape'>\n\t\t\t\t<a href='https:\/\/centros.uepb.edu.br\/ccbsa\/encontro-nordestino-de-arborizacao-urbana-e-realizado-em-joao-pessoa-ate-quarta-18-com-o-apoio-da-uepb\/sony-dsc-194\/'><img loading=\"lazy\" decoding=\"async\" width=\"840\" height=\"454\" src=\"https:\/\/centros.uepb.edu.br\/ccbsa\/files\/2017\/10\/DSC08594.jpg\" class=\"attachment-full size-full\" alt=\"\" srcset=\"https:\/\/centros.uepb.edu.br\/ccbsa\/files\/2017\/10\/DSC08594.jpg 840w, https:\/\/centros.uepb.edu.br\/ccbsa\/files\/2017\/10\/DSC08594-300x162.jpg 300w, https:\/\/centros.uepb.edu.br\/ccbsa\/files\/2017\/10\/DSC08594-768x415.jpg 768w, https:\/\/centros.uepb.edu.br\/ccbsa\/files\/2017\/10\/DSC08594-370x200.jpg 370w\" sizes=\"auto, (max-width: 840px) 100vw, 840px\" \/><\/a>\n\t\t\t<\/dt><\/dl><dl class='gallery-item'>\n\t\t\t<dt class='gallery-icon landscape'>\n\t\t\t\t<a href='https:\/\/centros.uepb.edu.br\/ccbsa\/encontro-nordestino-de-arborizacao-urbana-e-realizado-em-joao-pessoa-ate-quarta-18-com-o-apoio-da-uepb\/sony-dsc-196\/'><img loading=\"lazy\" decoding=\"async\" width=\"840\" height=\"454\" src=\"https:\/\/centros.uepb.edu.br\/ccbsa\/files\/2017\/10\/DSC08630.jpg\" class=\"attachment-full size-full\" alt=\"\" srcset=\"https:\/\/centros.uepb.edu.br\/ccbsa\/files\/2017\/10\/DSC08630.jpg 840w, https:\/\/centros.uepb.edu.br\/ccbsa\/files\/2017\/10\/DSC08630-300x162.jpg 300w, https:\/\/centros.uepb.edu.br\/ccbsa\/files\/2017\/10\/DSC08630-768x415.jpg 768w, https:\/\/centros.uepb.edu.br\/ccbsa\/files\/2017\/10\/DSC08630-370x200.jpg 370w\" sizes=\"auto, (max-width: 840px) 100vw, 840px\" \/><\/a>\n\t\t\t<\/dt><\/dl><br style=\"clear: both\" \/><dl class='gallery-item'>\n\t\t\t<dt class='gallery-icon landscape'>\n\t\t\t\t<a href='https:\/\/centros.uepb.edu.br\/ccbsa\/encontro-nordestino-de-arborizacao-urbana-e-realizado-em-joao-pessoa-ate-quarta-18-com-o-apoio-da-uepb\/sony-dsc-195\/'><img loading=\"lazy\" decoding=\"async\" width=\"840\" height=\"454\" src=\"https:\/\/centros.uepb.edu.br\/ccbsa\/files\/2017\/10\/DSC08595.jpg\" class=\"attachment-full size-full\" alt=\"\" srcset=\"https:\/\/centros.uepb.edu.br\/ccbsa\/files\/2017\/10\/DSC08595.jpg 840w, https:\/\/centros.uepb.edu.br\/ccbsa\/files\/2017\/10\/DSC08595-300x162.jpg 300w, https:\/\/centros.uepb.edu.br\/ccbsa\/files\/2017\/10\/DSC08595-768x415.jpg 768w, https:\/\/centros.uepb.edu.br\/ccbsa\/files\/2017\/10\/DSC08595-370x200.jpg 370w\" sizes=\"auto, (max-width: 840px) 100vw, 840px\" \/><\/a>\n\t\t\t<\/dt><\/dl>\n\t\t\t<br style='clear: both' \/>\n\t\t<\/div>\n\n<p>Com a participa\u00e7\u00e3o de aproximadamente 300 estudantes e profissionais de Agronomia, Engenharia Ambiental, Biologia, Engenharia Florestal, al\u00e9m de paisagistas, consultores de floras, representantes de condom\u00ednios, gestores da \u00e1rea de meio ambiente, foi realizada, na tarde desta ter\u00e7a-feira (16) a abertura oficial do quarta edi\u00e7\u00e3o do Encontro Nordestino de Arboriza\u00e7\u00e3o Urbana (ENAU). O evento, promovido pela Universidade Estadual da Para\u00edba (UEPB) em parceria com a Sociedade Brasileira de Arboriza\u00e7\u00e3o Urbana (SBAU) e a Prefeitura Municipal de Jo\u00e3o Pessoa (PMJP), segue at\u00e9 o dia 18 de outubro.<\/p>\n<p>A abertura solene do evento contou com a participa\u00e7\u00e3o do Coral Jovem da Unimed. Ap\u00f3s a apresenta\u00e7\u00e3o cultural foi formada a mesa de abertura do 4\u00b0 ENAU com a presen\u00e7a da representante do reitor da UEPB, professora Jacqueline Echeverr\u00eda Barrancos; o Presidente da SBAU, Heitor Liberato; o Secret\u00e1rio Municipal de Meio Ambiente de Jo\u00e3o Pessoa, Abelardo Jurema Neto; o Secret\u00e1rio Municipal de Desenvolvimento e Controle Urbano, Jo\u00e3o da Silva Furtado; o Diretor Regional Nordeste da SBAU, Anderson Fontes; o presidente da comiss\u00e3o organizadora do 4\u00b0 ENAU e diretor de paisagismo da Prefeitura Municpal de Jo\u00e3o Pessoa, S\u00e9rgio Chaves; o representante do Sindicato da Ind\u00fastria da Constru\u00e7\u00e3o Civil de Jo\u00e3o Pessoa, Jos\u00e9 Willams Montenegro; a diretora da Uninassau, Daniela Teixeira; o Secret\u00e1rio Municipal de Meio Ambiente de Aracaju, Augusto Cesar Viana e o Secret\u00e1rio Municipal de Meio Ambiente de Cabedelo, Walber Farias Marques.<\/p>\n<p>Na ocasi\u00e3o, foi institu\u00eddo o pr\u00eamio \u201cChapela\u00e7o de Couro\u201d, entregue como forma de homenagear aqueles que colaboraram com a realiza\u00e7\u00e3o do ENAU desde a primeira edi\u00e7\u00e3o e que propagam a\u00e7\u00f5es de relev\u00e2ncia relacionadas \u00e0 arboriza\u00e7\u00e3o. Neste ano, dentre os homenageados esteve o reitor da UEPB, professor Ant\u00f4nio Guedes Rangel J\u00fanior, e o vice-presidente da comiss\u00e3o organizadora do 4\u00b0 ENAU, Secret\u00e1rio Regional Nordeste da SBAU e fundador do projeto da UEPB \u201cAdote uma \u00c1rvore\u201d, Arnaldo Bezerra.<\/p>\n<p>Ap\u00f3s a mesa de abertura do evento foi realizada a palestra magistral \u201cUma vida dedicada \u00e0s \u00e1rvores brasileiras\u201d, ministrada pelo fundador o Instituto Plantarum de Estudos da Flora, Harri Lorenzi. Na oportunidade o palestrante abordou a experi\u00eancia ao longo dos 40 anos de expedi\u00e7\u00f5es realizadas por todo o Brasil para descobrir \u00e1rvores e vegetais, sobretudo as esp\u00e9cies nativas do pa\u00eds.<\/p>\n<p>De acordo com Arnaldo Bezerra, esse evento busca discutir quest\u00f5es relacionadas \u00e0 qualidade de vida da popula\u00e7\u00e3o, que est\u00e1 diretamente ligada a a\u00e7\u00f5es como a arboriza\u00e7\u00e3o. O representante da UEPB enalteceu, ainda, a contribui\u00e7\u00e3o da UEPB com iniciativas dessa natureza.<\/p>\n<p>\u201cQualidade de vida depende de um espa\u00e7o arborizado, e n\u00f3s como universidade podemos contribuir promovendo eventos como o ENAU e com a\u00e7\u00f5es como o projeto \u2018Adote uma \u00e1rvore\u2019, que desde 2007 j\u00e1 distribuiu mais de 150 mil arvores, passando por mais de 30 munic\u00edpios paraibanos. Hoje somos um programa extremamente requisitado. E o objetivo da UEPB \u00e9 continuar as a\u00e7\u00f5es, buscando contribuir para melhorar a qualidade de vida as pessoas que moram nas cidades\u201d, avaliou Arnaldo.<\/p>\n<p>Para o presidente da SBAU, Heitor Liberato, iniciativas como essa devem ser expandidas pelo interior dos Estados, para regionalizar cada vez mais o tema. \u201cFicamos felizes em saber nesse evento que a perspectiva \u00e9 que no pr\u00f3ximo ano seja lan\u00e7ado o F\u00f3rum F\u00f3rum Paraibano de Arboriza\u00e7\u00e3o e Paisagismo que nos possibilitar\u00e1 a realiza\u00e7\u00e3o de eventos como esse em todo o interior da Para\u00edba, essa \u00e9 uma meta que temos e que gra\u00e7as ao apoio dos nossos parceiros vem sendo alcan\u00e7ada em todo o pa\u00eds\u201d, ponderou.<\/p>\n<p>Durante os tr\u00eas dias de evento est\u00e3o sendo realizadas atividades como minicursos, palestras, mesas redondas, pain\u00e9is, visitas t\u00e9cnicas e um workshop. Segundo Arnaldo Bezerra, coordenador do Programa de Arboriza\u00e7\u00e3o Urbana da UEPB e vice-presidente do 4\u00ba ENAU, o evento tem como objetivo ampliar as discuss\u00f5es e sensibilizar a popula\u00e7\u00e3o para a conserva\u00e7\u00e3o e amplia\u00e7\u00e3o das \u00e1reas verdes urbanas, ampliando o alcance das pol\u00edticas p\u00fablicas voltadas \u00e0s quest\u00f5es de arboriza\u00e7\u00e3o.<\/p>\n<p><strong>Texto e fotos:<\/strong> Juliana Marques<\/p>\n","protected":false},"excerpt":{"rendered":"<p>Com a participa\u00e7\u00e3o de aproximadamente 300 estudantes e profissionais de Agronomia, Engenharia Ambiental, Biologia, Engenharia Florestal, al\u00e9m de paisagistas, consultores de floras, representantes de condom\u00ednios, gestores da \u00e1rea de meio ambiente, foi realizada, na tarde desta ter\u00e7a-feira (16) a abertura oficial do quarta edi\u00e7\u00e3o do Encontro Nordestino de Arboriza\u00e7\u00e3o Urbana (ENAU). O evento, promovido pela <a class=\"leiamais\" href=\"https:\/\/centros.uepb.edu.br\/ccbsa\/encontro-nordestino-de-arborizacao-urbana-e-realizado-em-joao-pessoa-ate-quarta-18-com-o-apoio-da-uepb\/\">Leia Mais&#8230;<\/a><\/p>\n","protected":false},"author":8,"featured_media":4472,"comment_status":"closed","ping_status":"closed","sticky":false,"template":"","format":"standard","meta":{"footnotes":""},"categories":[3,11],"tags":[],"class_list":["post-4470","post","type-post","status-publish","format-standard","has-post-thumbnail","hentry","category-noticias","category-noticias-destaque-img"],"jetpack_featured_media_url":"https:\/\/centros.uepb.edu.br\/ccbsa\/files\/2017\/10\/DSC08594.jpg","_links":{"self":[{"href":"https:\/\/centros.uepb.edu.br\/ccbsa\/wp-json\/wp\/v2\/posts\/4470","targetHints":{"allow":["GET"]}}],"collection":[{"href":"https:\/\/centros.uepb.edu.br\/ccbsa\/wp-json\/wp\/v2\/posts"}],"about":[{"href":"https:\/\/centros.uepb.edu.br\/ccbsa\/wp-json\/wp\/v2\/types\/post"}],"author":[{"embeddable":true,"href":"https:\/\/centros.uepb.edu.br\/ccbsa\/wp-json\/wp\/v2\/users\/8"}],"replies":[{"embeddable":true,"href":"https:\/\/centros.uepb.edu.br\/ccbsa\/wp-json\/wp\/v2\/comments?post=4470"}],"version-history":[{"count":0,"href":"https:\/\/centros.uepb.edu.br\/ccbsa\/wp-json\/wp\/v2\/posts\/4470\/revisions"}],"wp:featuredmedia":[{"embeddable":true,"href":"https:\/\/centros.uepb.edu.br\/ccbsa\/wp-json\/wp\/v2\/media\/4472"}],"wp:attachment":[{"href":"https:\/\/centros.uepb.edu.br\/ccbsa\/wp-json\/wp\/v2\/media?parent=4470"}],"wp:term":[{"taxonomy":"category","embeddable":true,"href":"https:\/\/centros.uepb.edu.br\/ccbsa\/wp-json\/wp\/v2\/categories?post=4470"},{"taxonomy":"post_tag","embeddable":true,"href":"https:\/\/centros.uepb.edu.br\/ccbsa\/wp-json\/wp\/v2\/tags?post=4470"}],"curies":[{"name":"wp","href":"https:\/\/api.w.org\/{rel}","templated":true}]}}