{"id":447,"date":"2013-07-15T16:43:56","date_gmt":"2013-07-15T16:43:56","guid":{"rendered":"\/ccbsa\/?p=447"},"modified":"2013-07-15T16:47:02","modified_gmt":"2013-07-15T16:47:02","slug":"proeg-informa-sobre-novas-datas-para-confirmacao-de-matricula-de-alunos-novatos","status":"publish","type":"post","link":"https:\/\/centros.uepb.edu.br\/ccbsa\/proeg-informa-sobre-novas-datas-para-confirmacao-de-matricula-de-alunos-novatos\/","title":{"rendered":"PROEG informa sobre novas datas para confirma\u00e7\u00e3o de matr\u00edcula de alunos novatos"},"content":{"rendered":"<p>A Pro-reitoria de Ensino de Gradua\u00e7\u00e3o comunica a todos os estudantes que efetuaram matricula pr\u00e9via, referente \u00e0 2\u00aa entrada do Vestibular, que a confirma\u00e7\u00e3o de matr\u00edcula em componentes curriculares ocorrer\u00e1 nos dias 8 e 9 de agosto, nas secretarias dos cursos, conforme\u00a0[wpfilebase tag=fileurl id=10 linktext=&#8217;calend\u00e1rio&#8217; \/] acad\u00eamico atualizado.<\/p>\n<p>No ato da confirma\u00e7\u00e3o da matr\u00edcula os estudantes devem apresentar c\u00f3pias e originais (ou c\u00f3pias autenticadas) de RG; CPF; certid\u00e3o de nascimento ou casamento; t\u00edtulo de eleitor e comprovante de quita\u00e7\u00e3o eleitoral; certificado de reservista ou declara\u00e7\u00e3o de quita\u00e7\u00e3o da Justi\u00e7a Militar, para homens acima de 18 anos de idade; hist\u00f3rico escolar; certificado de conclus\u00e3o do ensino m\u00e9dio e uma foto 3 x 4.<\/p>\n<p>Outras informa\u00e7\u00f5es: (83) 3315-3350<\/p>\n","protected":false},"excerpt":{"rendered":"<p>A Pro-reitoria de Ensino de Gradua\u00e7\u00e3o comunica a todos os estudantes que efetuaram matricula pr\u00e9via, referente \u00e0 2\u00aa entrada do Vestibular, que a confirma\u00e7\u00e3o de matr\u00edcula em componentes curriculares ocorrer\u00e1 nos dias 8 e 9 de agosto, nas secretarias dos cursos, conforme\u00a0[wpfilebase tag=fileurl id=10 linktext=&#8217;calend\u00e1rio&#8217; \/] acad\u00eamico atualizado. No ato da confirma\u00e7\u00e3o da matr\u00edcula os <a class=\"leiamais\" href=\"https:\/\/centros.uepb.edu.br\/ccbsa\/proeg-informa-sobre-novas-datas-para-confirmacao-de-matricula-de-alunos-novatos\/\">Leia Mais&#8230;<\/a><\/p>\n","protected":false},"author":8,"featured_media":0,"comment_status":"open","ping_status":"open","sticky":false,"template":"","format":"standard","meta":{"footnotes":""},"categories":[3,5],"tags":[],"class_list":["post-447","post","type-post","status-publish","format-standard","hentry","category-noticias","category-visiveis"],"jetpack_featured_media_url":"","_links":{"self":[{"href":"https:\/\/centros.uepb.edu.br\/ccbsa\/wp-json\/wp\/v2\/posts\/447","targetHints":{"allow":["GET"]}}],"collection":[{"href":"https:\/\/centros.uepb.edu.br\/ccbsa\/wp-json\/wp\/v2\/posts"}],"about":[{"href":"https:\/\/centros.uepb.edu.br\/ccbsa\/wp-json\/wp\/v2\/types\/post"}],"author":[{"embeddable":true,"href":"https:\/\/centros.uepb.edu.br\/ccbsa\/wp-json\/wp\/v2\/users\/8"}],"replies":[{"embeddable":true,"href":"https:\/\/centros.uepb.edu.br\/ccbsa\/wp-json\/wp\/v2\/comments?post=447"}],"version-history":[{"count":0,"href":"https:\/\/centros.uepb.edu.br\/ccbsa\/wp-json\/wp\/v2\/posts\/447\/revisions"}],"wp:attachment":[{"href":"https:\/\/centros.uepb.edu.br\/ccbsa\/wp-json\/wp\/v2\/media?parent=447"}],"wp:term":[{"taxonomy":"category","embeddable":true,"href":"https:\/\/centros.uepb.edu.br\/ccbsa\/wp-json\/wp\/v2\/categories?post=447"},{"taxonomy":"post_tag","embeddable":true,"href":"https:\/\/centros.uepb.edu.br\/ccbsa\/wp-json\/wp\/v2\/tags?post=447"}],"curies":[{"name":"wp","href":"https:\/\/api.w.org\/{rel}","templated":true}]}}