{"id":4462,"date":"2017-10-16T14:44:33","date_gmt":"2017-10-16T14:44:33","guid":{"rendered":"https:\/\/centros.uepb.edu.br\/ccbsa\/?p=4462"},"modified":"2017-10-16T14:56:06","modified_gmt":"2017-10-16T14:56:06","slug":"uepb-promove-ate-quarta-feira-18-em-joao-pessoa-o-4o-encontro-nordestino-de-arborizacao-urbana","status":"publish","type":"post","link":"https:\/\/centros.uepb.edu.br\/ccbsa\/uepb-promove-ate-quarta-feira-18-em-joao-pessoa-o-4o-encontro-nordestino-de-arborizacao-urbana\/","title":{"rendered":"UEPB promove at\u00e9 quarta-feira (18) em Jo\u00e3o Pessoa o 4\u00ba Encontro Nordestino de Arboriza\u00e7\u00e3o Urbana"},"content":{"rendered":"<p><a href=\"https:\/\/centros.uepb.edu.br\/ccbsa\/files\/2017\/10\/ENAU.jpg\"><img loading=\"lazy\" decoding=\"async\" class=\"aligncenter size-full wp-image-4463 img-responsive\" src=\"https:\/\/centros.uepb.edu.br\/ccbsa\/files\/2017\/10\/ENAU.jpg\" alt=\"\" width=\"840\" height=\"454\" srcset=\"https:\/\/centros.uepb.edu.br\/ccbsa\/files\/2017\/10\/ENAU.jpg 840w, https:\/\/centros.uepb.edu.br\/ccbsa\/files\/2017\/10\/ENAU-300x162.jpg 300w, https:\/\/centros.uepb.edu.br\/ccbsa\/files\/2017\/10\/ENAU-768x415.jpg 768w, https:\/\/centros.uepb.edu.br\/ccbsa\/files\/2017\/10\/ENAU-370x200.jpg 370w\" sizes=\"auto, (max-width: 840px) 100vw, 840px\" \/><\/a><\/p>\n<p>A quarta edi\u00e7\u00e3o do Encontro Nordestino de Arboriza\u00e7\u00e3o Urbana (ENAU), promovido pela Universidade Estadual da Para\u00edba (UEPB) em parceria com a Sociedade Brasileira de Arboriza\u00e7\u00e3o (SBAU) e a Prefeitura Municipal de Jo\u00e3o Pessoa (PMJP), teve in\u00edcio neste domingo (15) e segue at\u00e9 o dia 18 de outubro, com discuss\u00f5es relacionadas ao tema \u201cBiomas e Ecossistemas: fundamentos \u00e0 sustentabilidade do paisagismo e arboriza\u00e7\u00e3o urbana\u201d. As atividades est\u00e3o ocorrendo na Faculdade Maur\u00edcio de Nassau, no Bairro dos Estados, em Jo\u00e3o Pessoa, com participa\u00e7\u00e3o dos principais nomes da arboricultura do Brasil, Argentina e M\u00e9xico.<\/p>\n<p>Est\u00e3o sendo realizadas, ao longo dos tr\u00eas dias, atividades como minicursos, palestras, mesas redondas, pain\u00e9is, al\u00e9m de visitas t\u00e9cnicas e um workshop. Segundo Arnaldo Bezerra, coordenador do Programa de Arboriza\u00e7\u00e3o Urbana da UEPB e vice-presidente do 4\u00ba ENAU, o evento tem como objetivo ampliar as discuss\u00f5es e sensibilizar a popula\u00e7\u00e3o para a conserva\u00e7\u00e3o e amplia\u00e7\u00e3o das \u00e1reas verdes urbanas, ampliando o alcance das pol\u00edticas p\u00fablicas voltadas \u00e0s quest\u00f5es de arboriza\u00e7\u00e3o.<\/p>\n<p>\u201cNosso encontro prop\u00f5e, al\u00e9m de discutir todas essas quest\u00f5es, focar na melhora da qualidade de vida das pessoas e tamb\u00e9m das cidades. Precisamos promover a arboriza\u00e7\u00e3o para que a sa\u00fade das pessoas melhore, a sensa\u00e7\u00e3o t\u00e9rmica seja controlada e as cidades tamb\u00e9m ganhem com todas essas a\u00e7\u00f5es. Esse debate \u00e9 importante, porque vamos dimensionar desde o que \u00e9 tratado na legisla\u00e7\u00e3o at\u00e9 as a\u00e7\u00f5es de arboriza\u00e7\u00e3o que s\u00e3o desenvolvidas nos munic\u00edpios brasileiros e de outras grandes cidades do mundo\u201d, destacou Arnaldo.<\/p>\n<p>Para atingir seu objetivo, a organiza\u00e7\u00e3o do 4\u00ba ENAU quer ainda ampliar o debate sobre a educa\u00e7\u00e3o ambiental, criando uma nova consci\u00eancia nas pessoas. \u201cPrecisamos atingir cada vez mais um p\u00fablico maior para que as pessoas passem a entender a necessidade de produzir novos conhecimentos sobre a arboriza\u00e7\u00e3o urbana, o paisagismo das cidades, a sustentabilidade e a melhora na qualidade de vida e ambiental das popula\u00e7\u00f5es e dos munic\u00edpios\u201d, acrescentou Arnaldo Bezerra.<\/p>\n","protected":false},"excerpt":{"rendered":"<p>A quarta edi\u00e7\u00e3o do Encontro Nordestino de Arboriza\u00e7\u00e3o Urbana (ENAU), promovido pela Universidade Estadual da Para\u00edba (UEPB) em parceria com a Sociedade Brasileira de Arboriza\u00e7\u00e3o (SBAU) e a Prefeitura Municipal de Jo\u00e3o Pessoa (PMJP), teve in\u00edcio neste domingo (15) e segue at\u00e9 o dia 18 de outubro, com discuss\u00f5es relacionadas ao tema \u201cBiomas e Ecossistemas: <a class=\"leiamais\" href=\"https:\/\/centros.uepb.edu.br\/ccbsa\/uepb-promove-ate-quarta-feira-18-em-joao-pessoa-o-4o-encontro-nordestino-de-arborizacao-urbana\/\">Leia Mais&#8230;<\/a><\/p>\n","protected":false},"author":8,"featured_media":4463,"comment_status":"closed","ping_status":"closed","sticky":false,"template":"","format":"standard","meta":{"footnotes":""},"categories":[3,11],"tags":[],"class_list":["post-4462","post","type-post","status-publish","format-standard","has-post-thumbnail","hentry","category-noticias","category-noticias-destaque-img"],"jetpack_featured_media_url":"https:\/\/centros.uepb.edu.br\/ccbsa\/files\/2017\/10\/ENAU.jpg","_links":{"self":[{"href":"https:\/\/centros.uepb.edu.br\/ccbsa\/wp-json\/wp\/v2\/posts\/4462","targetHints":{"allow":["GET"]}}],"collection":[{"href":"https:\/\/centros.uepb.edu.br\/ccbsa\/wp-json\/wp\/v2\/posts"}],"about":[{"href":"https:\/\/centros.uepb.edu.br\/ccbsa\/wp-json\/wp\/v2\/types\/post"}],"author":[{"embeddable":true,"href":"https:\/\/centros.uepb.edu.br\/ccbsa\/wp-json\/wp\/v2\/users\/8"}],"replies":[{"embeddable":true,"href":"https:\/\/centros.uepb.edu.br\/ccbsa\/wp-json\/wp\/v2\/comments?post=4462"}],"version-history":[{"count":0,"href":"https:\/\/centros.uepb.edu.br\/ccbsa\/wp-json\/wp\/v2\/posts\/4462\/revisions"}],"wp:featuredmedia":[{"embeddable":true,"href":"https:\/\/centros.uepb.edu.br\/ccbsa\/wp-json\/wp\/v2\/media\/4463"}],"wp:attachment":[{"href":"https:\/\/centros.uepb.edu.br\/ccbsa\/wp-json\/wp\/v2\/media?parent=4462"}],"wp:term":[{"taxonomy":"category","embeddable":true,"href":"https:\/\/centros.uepb.edu.br\/ccbsa\/wp-json\/wp\/v2\/categories?post=4462"},{"taxonomy":"post_tag","embeddable":true,"href":"https:\/\/centros.uepb.edu.br\/ccbsa\/wp-json\/wp\/v2\/tags?post=4462"}],"curies":[{"name":"wp","href":"https:\/\/api.w.org\/{rel}","templated":true}]}}