{"id":4452,"date":"2017-10-11T22:29:44","date_gmt":"2017-10-11T22:29:44","guid":{"rendered":"https:\/\/centros.uepb.edu.br\/ccbsa\/?p=4452"},"modified":"2017-10-11T22:33:05","modified_gmt":"2017-10-11T22:33:05","slug":"lancado-edital-de-licitacao-para-reforma-e-construcao-de-nova-estrutura-no-campus-v-da-uepb","status":"publish","type":"post","link":"https:\/\/centros.uepb.edu.br\/ccbsa\/lancado-edital-de-licitacao-para-reforma-e-construcao-de-nova-estrutura-no-campus-v-da-uepb\/","title":{"rendered":"Lan\u00e7ado edital de licita\u00e7\u00e3o para reforma e constru\u00e7\u00e3o de nova estrutura no Campus V da UEPB"},"content":{"rendered":"\n\t\t<style type=\"text\/css\">\n\t\t\t#gallery-1 {\n\t\t\t\tmargin: auto;\n\t\t\t}\n\t\t\t#gallery-1 .gallery-item {\n\t\t\t\tfloat: left;\n\t\t\t\tmargin-top: 10px;\n\t\t\t\ttext-align: center;\n\t\t\t\twidth: 33%;\n\t\t\t}\n\t\t\t#gallery-1 img {\n\t\t\t\tborder: 2px solid #cfcfcf;\n\t\t\t}\n\t\t\t#gallery-1 .gallery-caption {\n\t\t\t\tmargin-left: 0;\n\t\t\t}\n\t\t\t\/* see gallery_shortcode() in wp-includes\/media.php *\/\n\t\t<\/style>\n\t\t<div id='gallery-1' class='gallery galleryid-4452 gallery-columns-3 gallery-size-full'><dl class='gallery-item'>\n\t\t\t<dt class='gallery-icon landscape'>\n\t\t\t\t<a href='https:\/\/centros.uepb.edu.br\/ccbsa\/files\/2017\/10\/DSC08391.jpg'><img loading=\"lazy\" decoding=\"async\" width=\"840\" height=\"454\" src=\"https:\/\/centros.uepb.edu.br\/ccbsa\/files\/2017\/10\/DSC08391.jpg\" class=\"attachment-full size-full\" alt=\"\" srcset=\"https:\/\/centros.uepb.edu.br\/ccbsa\/files\/2017\/10\/DSC08391.jpg 840w, https:\/\/centros.uepb.edu.br\/ccbsa\/files\/2017\/10\/DSC08391-300x162.jpg 300w, https:\/\/centros.uepb.edu.br\/ccbsa\/files\/2017\/10\/DSC08391-768x415.jpg 768w, https:\/\/centros.uepb.edu.br\/ccbsa\/files\/2017\/10\/DSC08391-370x200.jpg 370w\" sizes=\"auto, (max-width: 840px) 100vw, 840px\" \/><\/a>\n\t\t\t<\/dt><\/dl><dl class='gallery-item'>\n\t\t\t<dt class='gallery-icon landscape'>\n\t\t\t\t<a href='https:\/\/centros.uepb.edu.br\/ccbsa\/files\/2017\/10\/Edital-de-Licita\u00e7\u00e3o-2.jpg'><img loading=\"lazy\" decoding=\"async\" width=\"840\" height=\"454\" src=\"https:\/\/centros.uepb.edu.br\/ccbsa\/files\/2017\/10\/Edital-de-Licita\u00e7\u00e3o-2.jpg\" class=\"attachment-full size-full\" alt=\"\" srcset=\"https:\/\/centros.uepb.edu.br\/ccbsa\/files\/2017\/10\/Edital-de-Licita\u00e7\u00e3o-2.jpg 840w, https:\/\/centros.uepb.edu.br\/ccbsa\/files\/2017\/10\/Edital-de-Licita\u00e7\u00e3o-2-300x162.jpg 300w, https:\/\/centros.uepb.edu.br\/ccbsa\/files\/2017\/10\/Edital-de-Licita\u00e7\u00e3o-2-768x415.jpg 768w, https:\/\/centros.uepb.edu.br\/ccbsa\/files\/2017\/10\/Edital-de-Licita\u00e7\u00e3o-2-370x200.jpg 370w\" sizes=\"auto, (max-width: 840px) 100vw, 840px\" \/><\/a>\n\t\t\t<\/dt><\/dl><dl class='gallery-item'>\n\t\t\t<dt class='gallery-icon landscape'>\n\t\t\t\t<a href='https:\/\/centros.uepb.edu.br\/ccbsa\/files\/2017\/10\/Edital-de-Licita\u00e7\u00e3o-1.jpg'><img loading=\"lazy\" decoding=\"async\" width=\"840\" height=\"454\" src=\"https:\/\/centros.uepb.edu.br\/ccbsa\/files\/2017\/10\/Edital-de-Licita\u00e7\u00e3o-1.jpg\" class=\"attachment-full size-full\" alt=\"\" srcset=\"https:\/\/centros.uepb.edu.br\/ccbsa\/files\/2017\/10\/Edital-de-Licita\u00e7\u00e3o-1.jpg 840w, https:\/\/centros.uepb.edu.br\/ccbsa\/files\/2017\/10\/Edital-de-Licita\u00e7\u00e3o-1-300x162.jpg 300w, https:\/\/centros.uepb.edu.br\/ccbsa\/files\/2017\/10\/Edital-de-Licita\u00e7\u00e3o-1-768x415.jpg 768w, https:\/\/centros.uepb.edu.br\/ccbsa\/files\/2017\/10\/Edital-de-Licita\u00e7\u00e3o-1-370x200.jpg 370w\" sizes=\"auto, (max-width: 840px) 100vw, 840px\" \/><\/a>\n\t\t\t<\/dt><\/dl><br style=\"clear: both\" \/><dl class='gallery-item'>\n\t\t\t<dt class='gallery-icon landscape'>\n\t\t\t\t<a href='https:\/\/centros.uepb.edu.br\/ccbsa\/files\/2017\/10\/DSC08383.jpg'><img loading=\"lazy\" decoding=\"async\" width=\"840\" height=\"454\" src=\"https:\/\/centros.uepb.edu.br\/ccbsa\/files\/2017\/10\/DSC08383.jpg\" class=\"attachment-full size-full\" alt=\"\" srcset=\"https:\/\/centros.uepb.edu.br\/ccbsa\/files\/2017\/10\/DSC08383.jpg 840w, https:\/\/centros.uepb.edu.br\/ccbsa\/files\/2017\/10\/DSC08383-300x162.jpg 300w, https:\/\/centros.uepb.edu.br\/ccbsa\/files\/2017\/10\/DSC08383-768x415.jpg 768w, https:\/\/centros.uepb.edu.br\/ccbsa\/files\/2017\/10\/DSC08383-370x200.jpg 370w\" sizes=\"auto, (max-width: 840px) 100vw, 840px\" \/><\/a>\n\t\t\t<\/dt><\/dl>\n\t\t\t<br style='clear: both' \/>\n\t\t<\/div>\n\n<p>O Campus V da Universidade Estadual da Para\u00edba (UEPB), em breve, estar\u00e1 funcionando em nova estrutura. Na manh\u00e3 desta quarta-feira (11), o governador Ricardo Coutinho lan\u00e7ou o edital de licita\u00e7\u00e3o para constru\u00e7\u00e3o de bloco de salas de aula e reforma das instala\u00e7\u00f5es do Complexo Educacional Jos\u00e9 Lins do Rego, onde funciona o Centro de Ci\u00eancias Biol\u00f3gicas e Sociais Aplicadas (CCBSA) da Institui\u00e7\u00e3o.<\/p>\n<p>O ato de assinatura para abertura do processo licitat\u00f3rio contou com a presen\u00e7a do reitor Rangel Junior; do Governador do Estado, Ricardo Vieira Coutinho; da diretora do Centro de Ci\u00eancias Biol\u00f3gicas e Sociais Aplicadas, Jacqueline Echeverr\u00eda Barrancos; do secret\u00e1rio de Educa\u00e7\u00e3o, Al\u00e9ssio Trindade; da superintendente da Suplan, Simone Guimar\u00e3es; da diretora da Escola Jos\u00e9 Lins do R\u00eago, Maria Alcinete Cavalcante; de representantes da administra\u00e7\u00e3o central da UEPB e Governo do Estado, comunidade acad\u00eamica, catadores de res\u00edduos do munic\u00edpio de Jo\u00e3o Pessoa, lideran\u00e7as sindicais e pol\u00edticas da Para\u00edba \u00a0membros da comunidade acad\u00eamica e integrantes da sociedade civil organizada.<\/p>\n<p>Ao lan\u00e7ar o edital, o governador Ricardo Coutinho destacou a relev\u00e2ncia dos projetos e a\u00e7\u00f5es da UEPB em prol do desenvolvimento do Estado e celebrou o compromisso de entregar, no prazo de 240 dias ap\u00f3s a licita\u00e7\u00e3o, as novas instala\u00e7\u00f5es ao Campus V da Universidade. \u201cAssim como j\u00e1 nos comprometemos com o Campus de Monteiro, cujas obras j\u00e1 est\u00e3o em andamento para serem conclu\u00eddas at\u00e9 janeiro de 2018, estamos iniciando hoje o processo para a constru\u00e7\u00e3o do bloco de salas de aula e reforma de espa\u00e7os no Complexo Educacional Jos\u00e9 Lins do R\u00eago\u201d, afirmou.<\/p>\n<p>Conforme destacou o governador, a UEPB tem contribu\u00eddo em muito com o Estado no seu desenvolvimento socioeducacional e destacou algumas a\u00e7\u00f5es da Institui\u00e7\u00e3o nesse sentido. \u201cA UEPB atua na forma\u00e7\u00e3o extra dos alunos do Giramundo, tem o Mestrado para docentes da Para\u00edba e oferta especializa\u00e7\u00f5es para professores da rede p\u00fablica estadual de ensino. Acho que podemos ir al\u00e9m nessas parcerias. N\u00e3o creio que o Estado v\u00e1 reduzir esse compromisso de cont\u00ednuo investimento no pr\u00f3ximo quadri\u00eanio e a UEPB est\u00e1 inserida nesse processo que se reflete em a\u00e7\u00f5es como a constru\u00e7\u00e3o desse bloco de salas, que proporcionar\u00e1 um avan\u00e7o nas condi\u00e7\u00f5es da Universidade Estadual da Para\u00edba em Jo\u00e3o Pessoa\u201d, declarou o chefe do Executivo Estadual.<\/p>\n<p>No evento, o reitor Rangel Junior destacou a import\u00e2ncia da assinatura desse edital para a consolida\u00e7\u00e3o do Campus V e enalteceu as a\u00e7\u00f5es da Universidade em todo o Estado. \u201cN\u00e3o h\u00e1 uma cidade paraibana que n\u00e3o tenha pelo menos uma pessoa estudando na UEPB e isso faz com que estejamos nos 223 munic\u00edpios do Estado. Temos tamb\u00e9m parcerias com v\u00e1rias prefeituras, desenvolvendo projetos de educa\u00e7\u00e3o continuada, como a gradua\u00e7\u00e3o tecnol\u00f3gica em gest\u00e3o p\u00fablica, que \u00e9 um sonho que estamos realizando. E hoje estamos aqui celebrando mais um marco importante na hist\u00f3ria da Universidade e na hist\u00f3ria do Campus V. \u00c9 importante lembrarmos que essa conquista de hoje \u00e9 parte de uma luta de outros tantos que aqui estiveram. Tenhamos a compreens\u00e3o de que tudo se constr\u00f3i coletivamente e \u00e9 preciso plantar sempre, mesmo que n\u00e3o tenhamos condi\u00e7\u00f5es de colher os frutos\u201d, ponderou Rangel.<\/p>\n<p>Em um discurso emocionado, a diretora do CCBSA, professora Jacqueline Echeverr\u00eda Barrancos, ressaltou a relev\u00e2ncia da conquista do novo espa\u00e7o e reforma das instala\u00e7\u00f5es j\u00e1 existentes, e agradeceu a comunidade acad\u00eamica que esteve em permanente processo de negocia\u00e7\u00e3o para a aquisi\u00e7\u00e3o de um espa\u00e7o pr\u00f3prio. \u201cEsse momento marca os 11 anos de hist\u00f3ria do Campus V. Certamente, ir\u00e1 nos proporcionar avan\u00e7os significativos nos nossos projetos de pesquisa, extens\u00e3o e ensino\u201d, avaliou.<\/p>\n<p>O estudante Pedro Benevides, representante do Diret\u00f3rio Central dos Estudantes (DCE) da UEPB, relembrou a trajet\u00f3ria de desafios relacionados ao espa\u00e7o f\u00edsico do C\u00e2mpus V e enalteceu a conquista de instala\u00e7\u00f5es definitivas como um marco hist\u00f3rico. \u201cQuando ingressei na UEPB n\u00e3o imaginava que presenciaria essa vit\u00f3ria ainda na condi\u00e7\u00e3o de estudante. Talvez eu n\u00e3o esteja mais aqui quando as obras estiverem finalizadas, mas estou emocionado de saber que o primeiro passo foi dado para alcan\u00e7armos instala\u00e7\u00f5es pr\u00f3prias e dignas. Agora que venham outras lutas e novas metas a buscarmos\u201d, enfatizou.<\/p>\n<p>Conforme o edital lan\u00e7ado nesta quarta-feira, est\u00e1 previsto um investimento de R$ 8 milh\u00f5es com a constru\u00e7\u00e3o de um bloco com 18 salas de aula, reforma do Audit\u00f3rio, da biblioteca, da \u00e1rea de conviv\u00eancia e do gin\u00e1sio poliesportivo na \u00e1rea do Complexo Educacional Jos\u00e9 Lins do R\u00eago.\u00a0A diretora-superintendente de Obras do Plano de Desenvolvimento do Estado (Suplan), Simone Guimar\u00e3es, explicou que no local ser\u00e3o feitos servi\u00e7os preliminares, movimento de terra, pavimenta\u00e7\u00e3o, revestimento, substitui\u00e7\u00e3o de esquadrias, instala\u00e7\u00e3o el\u00e9trica, climatiza\u00e7\u00e3o, pintura, entre outros. J\u00e1 o gin\u00e1sio ser\u00e1 contemplado com a troca de telhas, recupera\u00e7\u00e3o parcial da estrutura met\u00e1lica e pintura.<\/p>\n<p>&nbsp;<\/p>\n<p><em><strong>Texto:<\/strong>\u00a0Juliana Marques<\/em><br \/>\n<em><strong>Fotos:<\/strong>\u00a0Juliana Marques e Secom\/PB<\/em><\/p>\n","protected":false},"excerpt":{"rendered":"<p>O Campus V da Universidade Estadual da Para\u00edba (UEPB), em breve, estar\u00e1 funcionando em nova estrutura. Na manh\u00e3 desta quarta-feira (11), o governador Ricardo Coutinho lan\u00e7ou o edital de licita\u00e7\u00e3o para constru\u00e7\u00e3o de bloco de salas de aula e reforma das instala\u00e7\u00f5es do Complexo Educacional Jos\u00e9 Lins do Rego, onde funciona o Centro de Ci\u00eancias <a class=\"leiamais\" href=\"https:\/\/centros.uepb.edu.br\/ccbsa\/lancado-edital-de-licitacao-para-reforma-e-construcao-de-nova-estrutura-no-campus-v-da-uepb\/\">Leia Mais&#8230;<\/a><\/p>\n","protected":false},"author":8,"featured_media":4453,"comment_status":"closed","ping_status":"closed","sticky":false,"template":"","format":"standard","meta":{"footnotes":""},"categories":[3,11],"tags":[],"class_list":["post-4452","post","type-post","status-publish","format-standard","has-post-thumbnail","hentry","category-noticias","category-noticias-destaque-img"],"jetpack_featured_media_url":"https:\/\/centros.uepb.edu.br\/ccbsa\/files\/2017\/10\/DSC08391.jpg","_links":{"self":[{"href":"https:\/\/centros.uepb.edu.br\/ccbsa\/wp-json\/wp\/v2\/posts\/4452","targetHints":{"allow":["GET"]}}],"collection":[{"href":"https:\/\/centros.uepb.edu.br\/ccbsa\/wp-json\/wp\/v2\/posts"}],"about":[{"href":"https:\/\/centros.uepb.edu.br\/ccbsa\/wp-json\/wp\/v2\/types\/post"}],"author":[{"embeddable":true,"href":"https:\/\/centros.uepb.edu.br\/ccbsa\/wp-json\/wp\/v2\/users\/8"}],"replies":[{"embeddable":true,"href":"https:\/\/centros.uepb.edu.br\/ccbsa\/wp-json\/wp\/v2\/comments?post=4452"}],"version-history":[{"count":0,"href":"https:\/\/centros.uepb.edu.br\/ccbsa\/wp-json\/wp\/v2\/posts\/4452\/revisions"}],"wp:featuredmedia":[{"embeddable":true,"href":"https:\/\/centros.uepb.edu.br\/ccbsa\/wp-json\/wp\/v2\/media\/4453"}],"wp:attachment":[{"href":"https:\/\/centros.uepb.edu.br\/ccbsa\/wp-json\/wp\/v2\/media?parent=4452"}],"wp:term":[{"taxonomy":"category","embeddable":true,"href":"https:\/\/centros.uepb.edu.br\/ccbsa\/wp-json\/wp\/v2\/categories?post=4452"},{"taxonomy":"post_tag","embeddable":true,"href":"https:\/\/centros.uepb.edu.br\/ccbsa\/wp-json\/wp\/v2\/tags?post=4452"}],"curies":[{"name":"wp","href":"https:\/\/api.w.org\/{rel}","templated":true}]}}