{"id":4424,"date":"2017-09-25T15:29:18","date_gmt":"2017-09-25T15:29:18","guid":{"rendered":"https:\/\/centros.uepb.edu.br\/ccbsa\/?p=4424"},"modified":"2017-09-25T15:29:18","modified_gmt":"2017-09-25T15:29:18","slug":"2o-encontro-brasileiro-de-estudos-para-a-paz-e-realizado-com-a-participacao-dos-principais-pesquisadores-do-brasil-e-exterior","status":"publish","type":"post","link":"https:\/\/centros.uepb.edu.br\/ccbsa\/2o-encontro-brasileiro-de-estudos-para-a-paz-e-realizado-com-a-participacao-dos-principais-pesquisadores-do-brasil-e-exterior\/","title":{"rendered":"2\u00ba Encontro Brasileiro de Estudos para a Paz \u00e9 realizado com a participa\u00e7\u00e3o dos principais pesquisadores do Brasil e exterior"},"content":{"rendered":"<p><a href=\"https:\/\/centros.uepb.edu.br\/ccbsa\/files\/2017\/09\/DSC08078.jpg\"><img loading=\"lazy\" decoding=\"async\" class=\"aligncenter size-full wp-image-4425 img-responsive\" src=\"https:\/\/centros.uepb.edu.br\/ccbsa\/files\/2017\/09\/DSC08078.jpg\" alt=\"\" width=\"840\" height=\"454\" srcset=\"https:\/\/centros.uepb.edu.br\/ccbsa\/files\/2017\/09\/DSC08078.jpg 840w, https:\/\/centros.uepb.edu.br\/ccbsa\/files\/2017\/09\/DSC08078-300x162.jpg 300w, https:\/\/centros.uepb.edu.br\/ccbsa\/files\/2017\/09\/DSC08078-768x415.jpg 768w, https:\/\/centros.uepb.edu.br\/ccbsa\/files\/2017\/09\/DSC08078-370x200.jpg 370w\" sizes=\"auto, (max-width: 840px) 100vw, 840px\" \/><\/a><\/p>\n<p>Com a participa\u00e7\u00e3o de mais de 200 pesquisadores, membros da sociedade civil, estudantes e docentes do Brasil, Argentina, Reino Unido, Haiti, It\u00e1lia, Peru e Portugal, foi realizado, de 20 a 22 de setembro, o 2\u00ba Encontro Brasileiro de Estudos para a Paz (EBEP), realizado por meio de uma parceria entre a Rede de Pesquisa em Paz, Conflitos e Estudos Cr\u00edticos de Seguran\u00e7a (PCECS), Universidade Estadual da Para\u00edba e Universidade Federal da Para\u00edba.<\/p>\n<p>A confer\u00eancia de abertura do evento \u201cPower and Peace in 21st Century\u201d, realizada na manh\u00e3 do dia 20 de setembro, contou com a participa\u00e7\u00e3o do professor pesquisador no Instituto de Pesquisa Humanit\u00e1rio e de Conflito e no Departamento de Pol\u00edtica da Universidade de Manchester, Reino Unido, Oliver Richmond.<\/p>\n<p>Na oportunidade, o docente abordou, entre outras quest\u00f5es, as rela\u00e7\u00f5es de paz e poder, a influ\u00eancia dos padr\u00f5es locais de pol\u00edtica, o contexto social, cultural e hist\u00f3rico, normas, identidades e recursos materiais, nos processos de paz pelo mundo.<\/p>\n<p>O membro da Rede PCECS, docente do Departamento de Rela\u00e7\u00f5es Internacionais e um dos organizadores do evento, professor Marcos Alan Ferreira, enalteceu o curr\u00edculo do professor Richmond, \u201cum dos principais debatedores de estudos sobre paz no mundo\u201d, agradeceu a todos os envolvidos no evento e destacou a busca pela aproxima\u00e7\u00e3o de pesquisadores da \u00e1rea como grande objetivo do Encontro.<\/p>\n<p>\u201cEssa segunda edi\u00e7\u00e3o do Encontro Brasileiro de Estudos para a Paz nos surpreendeu positivamente com o n\u00famero de inscritos, o dobro do ano passado, e o engajamento de docentes e pesquisadores de todos o pa\u00eds e de fora, que vieram colaborar com as discuss\u00f5es que nos propusemos a apresentar\u201d, avaliou o professor Marcos Allan.<\/p>\n<p>Durante os tr\u00eas dias de evento foram realizadas confer\u00eancias, mesas de discuss\u00e3o, pain\u00e9is, minicursos, lan\u00e7amentos de livros e mostra cient\u00edfica, voltados \u00e0 reflex\u00e3o sobre os desafios inerentes \u00e0 consolida\u00e7\u00e3o da paz e \u00e0 supera\u00e7\u00e3o de conflitos no s\u00e9culo XXI. A pr\u00f3xima edi\u00e7\u00e3o do EBEP ocorrer\u00e1 em 2018 no Rio de Janeiro.<\/p>\n<p>&nbsp;<\/p>\n","protected":false},"excerpt":{"rendered":"<p>Com a participa\u00e7\u00e3o de mais de 200 pesquisadores, membros da sociedade civil, estudantes e docentes do Brasil, Argentina, Reino Unido, Haiti, It\u00e1lia, Peru e Portugal, foi realizado, de 20 a 22 de setembro, o 2\u00ba Encontro Brasileiro de Estudos para a Paz (EBEP), realizado por meio de uma parceria entre a Rede de Pesquisa em <a class=\"leiamais\" href=\"https:\/\/centros.uepb.edu.br\/ccbsa\/2o-encontro-brasileiro-de-estudos-para-a-paz-e-realizado-com-a-participacao-dos-principais-pesquisadores-do-brasil-e-exterior\/\">Leia Mais&#8230;<\/a><\/p>\n","protected":false},"author":8,"featured_media":4426,"comment_status":"closed","ping_status":"closed","sticky":false,"template":"","format":"standard","meta":{"footnotes":""},"categories":[3,11],"tags":[],"class_list":["post-4424","post","type-post","status-publish","format-standard","has-post-thumbnail","hentry","category-noticias","category-noticias-destaque-img"],"jetpack_featured_media_url":"https:\/\/centros.uepb.edu.br\/ccbsa\/files\/2017\/09\/DSC08078-1.jpg","_links":{"self":[{"href":"https:\/\/centros.uepb.edu.br\/ccbsa\/wp-json\/wp\/v2\/posts\/4424","targetHints":{"allow":["GET"]}}],"collection":[{"href":"https:\/\/centros.uepb.edu.br\/ccbsa\/wp-json\/wp\/v2\/posts"}],"about":[{"href":"https:\/\/centros.uepb.edu.br\/ccbsa\/wp-json\/wp\/v2\/types\/post"}],"author":[{"embeddable":true,"href":"https:\/\/centros.uepb.edu.br\/ccbsa\/wp-json\/wp\/v2\/users\/8"}],"replies":[{"embeddable":true,"href":"https:\/\/centros.uepb.edu.br\/ccbsa\/wp-json\/wp\/v2\/comments?post=4424"}],"version-history":[{"count":0,"href":"https:\/\/centros.uepb.edu.br\/ccbsa\/wp-json\/wp\/v2\/posts\/4424\/revisions"}],"wp:featuredmedia":[{"embeddable":true,"href":"https:\/\/centros.uepb.edu.br\/ccbsa\/wp-json\/wp\/v2\/media\/4426"}],"wp:attachment":[{"href":"https:\/\/centros.uepb.edu.br\/ccbsa\/wp-json\/wp\/v2\/media?parent=4424"}],"wp:term":[{"taxonomy":"category","embeddable":true,"href":"https:\/\/centros.uepb.edu.br\/ccbsa\/wp-json\/wp\/v2\/categories?post=4424"},{"taxonomy":"post_tag","embeddable":true,"href":"https:\/\/centros.uepb.edu.br\/ccbsa\/wp-json\/wp\/v2\/tags?post=4424"}],"curies":[{"name":"wp","href":"https:\/\/api.w.org\/{rel}","templated":true}]}}