{"id":4418,"date":"2017-09-21T16:11:30","date_gmt":"2017-09-21T16:11:30","guid":{"rendered":"https:\/\/centros.uepb.edu.br\/ccbsa\/?p=4418"},"modified":"2017-09-21T16:11:30","modified_gmt":"2017-09-21T16:11:30","slug":"comunidade-academica-dos-cursos-de-relacoes-internacionais-da-uepb-realizam-homenagem-ao-professor-henrique-altemani","status":"publish","type":"post","link":"https:\/\/centros.uepb.edu.br\/ccbsa\/comunidade-academica-dos-cursos-de-relacoes-internacionais-da-uepb-realizam-homenagem-ao-professor-henrique-altemani\/","title":{"rendered":"Comunidade acad\u00eamica dos cursos de Rela\u00e7\u00f5es Internacionais da UEPB realizam homenagem ao professor Henrique Altemani"},"content":{"rendered":"<p><a href=\"https:\/\/centros.uepb.edu.br\/ccbsa\/files\/2017\/09\/DSC08281.jpg\"><img loading=\"lazy\" decoding=\"async\" class=\"aligncenter size-full wp-image-4419 img-responsive\" src=\"https:\/\/centros.uepb.edu.br\/ccbsa\/files\/2017\/09\/DSC08281.jpg\" alt=\"\" width=\"840\" height=\"454\" srcset=\"https:\/\/centros.uepb.edu.br\/ccbsa\/files\/2017\/09\/DSC08281.jpg 840w, https:\/\/centros.uepb.edu.br\/ccbsa\/files\/2017\/09\/DSC08281-300x162.jpg 300w, https:\/\/centros.uepb.edu.br\/ccbsa\/files\/2017\/09\/DSC08281-768x415.jpg 768w, https:\/\/centros.uepb.edu.br\/ccbsa\/files\/2017\/09\/DSC08281-370x200.jpg 370w\" sizes=\"auto, (max-width: 840px) 100vw, 840px\" \/><\/a><\/p>\n<p>Com o audit\u00f3rio lotado de estudantes, docentes e pesquisadores da gradua\u00e7\u00e3o e p\u00f3s-gradua\u00e7\u00e3o em Rela\u00e7\u00f5es Internacionais da Universidade Estadual da Para\u00edba, e a presen\u00e7a dos convidados Eiiti Sato, da Universidade de Bras\u00edlia, e Rafael Villa, da Universidade de S\u00e3o Paulo, foi realizado, na manh\u00e3 desta quinta-feira (21), no audit\u00f3rio do Campus V o evento \u201cConstru\u00e7\u00e3o das Rela\u00e7\u00f5es Internacionais no Brasil: contribui\u00e7\u00e3o do professor Henrique Altemani\u201d.<\/p>\n<p>A iniciativa foi promovida como uma homenagem ao professor Henrique Altemani, como reconhecimento pela atua\u00e7\u00e3o na consolida\u00e7\u00e3o Programa de P\u00f3s-gradua\u00e7\u00e3o em Rela\u00e7\u00f5es Internacionais da UEPB. \u201cNesse momento parabenizamos o professor Altemani pela trajet\u00f3ria inspiradora, agradecemos pela contribui\u00e7\u00e3o ao nosso mestrado em Rela\u00e7\u00f5es Internacionais e lembramos que a UEPB estar\u00e1 sempre de portas abertas para receb\u00ea-lo\u201d, destacou a diretora do Centro de Ci\u00eancias Biol\u00f3gicas e Sociais Aplicadas, professora Jacqueline Echeverr\u00eda Barrancos.<\/p>\n<p>O professor Eiiti Sato, que esteve no evento representando o Instituto de Rela\u00e7\u00f5es Internacionais da UnB, para entregar uma men\u00e7\u00e3o honrosa da institui\u00e7\u00e3o pela colabora\u00e7\u00e3o do professor Altemani na constru\u00e7\u00e3o da \u00e1rea de Rela\u00e7\u00f5es Internacionais. O professor Rafael Villa corroborou com esse pensamento, enfatizando o papel de lideran\u00e7as que na d\u00e9cada de 70 e 80 \u201cdesbravaram\u201d o campo das Rela\u00e7\u00f5es Internacionais. \u201cNa d\u00e9cada de 70 e 80 todas as aten\u00e7\u00f5es da \u00e1rea de pesquisa estavam voltadas a pensar a pol\u00edtica interna, em torno da transi\u00e7\u00e3o democr\u00e1tica, e os \u00f3rg\u00e3os de fomento dedicavam especial aten\u00e7\u00e3o a esse tipo de fen\u00f4meno. Havia esse ambiente que tornava dif\u00edcil a atua\u00e7\u00e3o desses intelectuais. Mas, gra\u00e7as ao esfor\u00e7o de pessoas como o professor Altemani, que abriu espa\u00e7o para essa evolu\u00e7\u00e3o intelectual e acad\u00eamica da \u00e1rea de Rela\u00e7\u00f5es Internacionais, podemos ver essa consolida\u00e7\u00e3o desse campo\u201d, relembrou Villa.<\/p>\n<p>Tamb\u00e9m participaram da homenagem ao professor Henrique Altemani, o coordenador do PPGRI, Alexandre C\u00e9sar Cunha Leite, a professora do PPGRI, Marcionila Fernandes, o coordenador da gradua\u00e7\u00e3o em Rela\u00e7\u00f5es Internacionais, professor Filipe Reis, o egresso do PPGRI Matheus Lacerda e demais estudantes, professores e servidores que conviveram com o homenageado. Na ocasi\u00e3o, o professor Carlos Enrique Ruiz leu uma poesia em mem\u00f3ria do docente Julio C\u00e9sar Cabrera Medina, falecido em 7 de setembro de 2017.<\/p>\n","protected":false},"excerpt":{"rendered":"<p>Com o audit\u00f3rio lotado de estudantes, docentes e pesquisadores da gradua\u00e7\u00e3o e p\u00f3s-gradua\u00e7\u00e3o em Rela\u00e7\u00f5es Internacionais da Universidade Estadual da Para\u00edba, e a presen\u00e7a dos convidados Eiiti Sato, da Universidade de Bras\u00edlia, e Rafael Villa, da Universidade de S\u00e3o Paulo, foi realizado, na manh\u00e3 desta quinta-feira (21), no audit\u00f3rio do Campus V o evento \u201cConstru\u00e7\u00e3o <a class=\"leiamais\" href=\"https:\/\/centros.uepb.edu.br\/ccbsa\/comunidade-academica-dos-cursos-de-relacoes-internacionais-da-uepb-realizam-homenagem-ao-professor-henrique-altemani\/\">Leia Mais&#8230;<\/a><\/p>\n","protected":false},"author":8,"featured_media":4419,"comment_status":"closed","ping_status":"closed","sticky":false,"template":"","format":"standard","meta":{"footnotes":""},"categories":[3,11],"tags":[],"class_list":["post-4418","post","type-post","status-publish","format-standard","has-post-thumbnail","hentry","category-noticias","category-noticias-destaque-img"],"jetpack_featured_media_url":"https:\/\/centros.uepb.edu.br\/ccbsa\/files\/2017\/09\/DSC08281.jpg","_links":{"self":[{"href":"https:\/\/centros.uepb.edu.br\/ccbsa\/wp-json\/wp\/v2\/posts\/4418","targetHints":{"allow":["GET"]}}],"collection":[{"href":"https:\/\/centros.uepb.edu.br\/ccbsa\/wp-json\/wp\/v2\/posts"}],"about":[{"href":"https:\/\/centros.uepb.edu.br\/ccbsa\/wp-json\/wp\/v2\/types\/post"}],"author":[{"embeddable":true,"href":"https:\/\/centros.uepb.edu.br\/ccbsa\/wp-json\/wp\/v2\/users\/8"}],"replies":[{"embeddable":true,"href":"https:\/\/centros.uepb.edu.br\/ccbsa\/wp-json\/wp\/v2\/comments?post=4418"}],"version-history":[{"count":0,"href":"https:\/\/centros.uepb.edu.br\/ccbsa\/wp-json\/wp\/v2\/posts\/4418\/revisions"}],"wp:featuredmedia":[{"embeddable":true,"href":"https:\/\/centros.uepb.edu.br\/ccbsa\/wp-json\/wp\/v2\/media\/4419"}],"wp:attachment":[{"href":"https:\/\/centros.uepb.edu.br\/ccbsa\/wp-json\/wp\/v2\/media?parent=4418"}],"wp:term":[{"taxonomy":"category","embeddable":true,"href":"https:\/\/centros.uepb.edu.br\/ccbsa\/wp-json\/wp\/v2\/categories?post=4418"},{"taxonomy":"post_tag","embeddable":true,"href":"https:\/\/centros.uepb.edu.br\/ccbsa\/wp-json\/wp\/v2\/tags?post=4418"}],"curies":[{"name":"wp","href":"https:\/\/api.w.org\/{rel}","templated":true}]}}