{"id":4409,"date":"2017-09-19T12:35:13","date_gmt":"2017-09-19T12:35:13","guid":{"rendered":"https:\/\/centros.uepb.edu.br\/ccbsa\/?p=4409"},"modified":"2017-09-19T12:35:13","modified_gmt":"2017-09-19T12:35:13","slug":"paraiba-sedia-2o-encontro-brasileiro-de-estudos-de-paz-com-a-participacao-dos-principais-pesquisadores-do-brasil-e-exterior","status":"publish","type":"post","link":"https:\/\/centros.uepb.edu.br\/ccbsa\/paraiba-sedia-2o-encontro-brasileiro-de-estudos-de-paz-com-a-participacao-dos-principais-pesquisadores-do-brasil-e-exterior\/","title":{"rendered":"Para\u00edba sedia 2\u00ba Encontro Brasileiro de Estudos de Paz com a participa\u00e7\u00e3o dos principais pesquisadores do Brasil e exterior"},"content":{"rendered":"<p><a href=\"https:\/\/centros.uepb.edu.br\/ccbsa\/files\/2017\/09\/g6427.png\"><img loading=\"lazy\" decoding=\"async\" class=\"aligncenter size-full wp-image-4410 img-responsive\" src=\"https:\/\/centros.uepb.edu.br\/ccbsa\/files\/2017\/09\/g6427.png\" alt=\"\" width=\"840\" height=\"454\" srcset=\"https:\/\/centros.uepb.edu.br\/ccbsa\/files\/2017\/09\/g6427.png 840w, https:\/\/centros.uepb.edu.br\/ccbsa\/files\/2017\/09\/g6427-300x162.png 300w, https:\/\/centros.uepb.edu.br\/ccbsa\/files\/2017\/09\/g6427-768x415.png 768w, https:\/\/centros.uepb.edu.br\/ccbsa\/files\/2017\/09\/g6427-370x200.png 370w\" sizes=\"auto, (max-width: 840px) 100vw, 840px\" \/><\/a><\/p>\n<p>Resolu\u00e7\u00e3o de conflitos, seguran\u00e7a p\u00fablica, desarmamento, direitos humanos e seguran\u00e7a humana, cultura de paz, s\u00e3o alguns dos temas que ser\u00e3o discutidos durante o 2\u00ba Encontro Brasileiro de Estudos de Paz, que ser\u00e1 realizado na Para\u00edba, de 20 a 22 de setembro, por meio de uma parceria entre a Rede de Pesquisa em Paz, Conflitos e Estudos Cr\u00edticos de Seguran\u00e7a (PCECS), Universidade Estadual da Para\u00edba e Universidade Federal da Para\u00edba.<\/p>\n<p>O evento contar\u00e1 com confer\u00eancias, mesas de discuss\u00e3o, pain\u00e9is, minicursos, lan\u00e7amentos de livros, e mostra cient\u00edfica, voltados \u00e0 reflex\u00e3o sobre os desafios inerentes \u00e0 consolida\u00e7\u00e3o da paz e \u00e0 supera\u00e7\u00e3o de conflitos no s\u00e9culo XXI. Nesse sentido, de acordo com o integrante da comiss\u00e3o organizadora, professor F\u00e1bio Nobre, a perspectiva \u00e9 possibilitar discuss\u00f5es sobre a paz do n\u00edvel local, nas escolas e casas, por exemplo, ao n\u00edvel internacional, abordando os conflitos do mundo contempor\u00e2neo.<\/p>\n<p>Participam do evento mais de 100 pesquisadores e membros da sociedade civil do Brasil, Argentina, Reino Unido, Haiti, It\u00e1lia, Peru e Portugal, como o pesquisador da Universidade de Manchester, Oliver Richmond, que ministrar\u00e1 a confer\u00eancia de abertura do evento \u201cPower and Peace in 21st Century\u201d, na quarta-feira, 20 de setembro, \u00e0s 9h, no audit\u00f3rio 211 do Centro de Ci\u00eancias Sociais Aplicadas da UFPB. Oliver Richmond \u00e9 professor pesquisador no Instituto de Pesquisa Humanit\u00e1rio e de Conflito e no Departamento de Pol\u00edtica da Universidade de Manchester, Reino Unido. Ele tamb\u00e9m \u00e9 professor na Escola de Estudos Internacionais da Universidade Kyung Hee, Cor\u00e9ia. Suas publica\u00e7\u00f5es incluem A Post Liberal Peace, Liberal Peace Transitions, Peace in IR e The Transformation of Peace. Ele \u00e9 o editor da s\u00e9rie de livros Palgrave, Rethinking Conflict Studies, e coeditor da revista Peacebuilding.<\/p>\n<p>Al\u00e9m de estudantes e docentes de gradua\u00e7\u00e3o e p\u00f3s-gradua\u00e7\u00e3o, pesquisadores e profissionais que desenvolvem estudos na \u00e1rea de paz, o evento contar\u00e1 com atividades voltadas a professores da educa\u00e7\u00e3o b\u00e1sica, gestores p\u00fablicos e demais interessados na supera\u00e7\u00e3o de conflitos sem viol\u00eancia a partir de uma cultura de paz.<\/p>\n<p>Organizado pela Rede de Pesquisa em Paz, Conflitos e Estudos Cr\u00edticos de Seguran\u00e7a (PCECS) que conta com a participa\u00e7\u00e3o dos principais pesquisadores da \u00e1rea no Brasil e exterior, e a organiza\u00e7\u00e3o local do Grupo de Estudos de Paz e Seguran\u00e7a Humana (UEPB\/UFPB) e do Departamento de Rela\u00e7\u00f5es Internacionais da UFPB, o evento tamb\u00e9m conta com o apoio do Programa de P\u00f3s-gradua\u00e7\u00e3o em Rela\u00e7\u00f5es Internacionais (PPGRI) da UEPB, Programa de P\u00f3s-Gradua\u00e7\u00e3o em Ci\u00eancia Pol\u00edtica e Rela\u00e7\u00f5es Internacionais (PPGCPRI) da UFPB, Programa de P\u00f3s-Gradua\u00e7\u00e3o em Din\u00e2micas de Desenvolvimento do Semi\u00e1rido (PPGDiDeS) da Universidade Federal do Vale do S\u00e3o Francisco; The Manchester University e CNPq.<\/p>\n<p>Outras informa\u00e7\u00f5es: <a href=\"http:\/\/pcecs.blogspot.com.br\/p\/ii-ebep.html\">http:\/\/pcecs.blogspot.com.br\/p\/ii-ebep.html<\/a><\/p>\n","protected":false},"excerpt":{"rendered":"<p>Resolu\u00e7\u00e3o de conflitos, seguran\u00e7a p\u00fablica, desarmamento, direitos humanos e seguran\u00e7a humana, cultura de paz, s\u00e3o alguns dos temas que ser\u00e3o discutidos durante o 2\u00ba Encontro Brasileiro de Estudos de Paz, que ser\u00e1 realizado na Para\u00edba, de 20 a 22 de setembro, por meio de uma parceria entre a Rede de Pesquisa em Paz, Conflitos e <a class=\"leiamais\" href=\"https:\/\/centros.uepb.edu.br\/ccbsa\/paraiba-sedia-2o-encontro-brasileiro-de-estudos-de-paz-com-a-participacao-dos-principais-pesquisadores-do-brasil-e-exterior\/\">Leia Mais&#8230;<\/a><\/p>\n","protected":false},"author":8,"featured_media":4410,"comment_status":"closed","ping_status":"closed","sticky":false,"template":"","format":"standard","meta":{"footnotes":""},"categories":[3,11],"tags":[],"class_list":["post-4409","post","type-post","status-publish","format-standard","has-post-thumbnail","hentry","category-noticias","category-noticias-destaque-img"],"jetpack_featured_media_url":"https:\/\/centros.uepb.edu.br\/ccbsa\/files\/2017\/09\/g6427.png","_links":{"self":[{"href":"https:\/\/centros.uepb.edu.br\/ccbsa\/wp-json\/wp\/v2\/posts\/4409","targetHints":{"allow":["GET"]}}],"collection":[{"href":"https:\/\/centros.uepb.edu.br\/ccbsa\/wp-json\/wp\/v2\/posts"}],"about":[{"href":"https:\/\/centros.uepb.edu.br\/ccbsa\/wp-json\/wp\/v2\/types\/post"}],"author":[{"embeddable":true,"href":"https:\/\/centros.uepb.edu.br\/ccbsa\/wp-json\/wp\/v2\/users\/8"}],"replies":[{"embeddable":true,"href":"https:\/\/centros.uepb.edu.br\/ccbsa\/wp-json\/wp\/v2\/comments?post=4409"}],"version-history":[{"count":0,"href":"https:\/\/centros.uepb.edu.br\/ccbsa\/wp-json\/wp\/v2\/posts\/4409\/revisions"}],"wp:featuredmedia":[{"embeddable":true,"href":"https:\/\/centros.uepb.edu.br\/ccbsa\/wp-json\/wp\/v2\/media\/4410"}],"wp:attachment":[{"href":"https:\/\/centros.uepb.edu.br\/ccbsa\/wp-json\/wp\/v2\/media?parent=4409"}],"wp:term":[{"taxonomy":"category","embeddable":true,"href":"https:\/\/centros.uepb.edu.br\/ccbsa\/wp-json\/wp\/v2\/categories?post=4409"},{"taxonomy":"post_tag","embeddable":true,"href":"https:\/\/centros.uepb.edu.br\/ccbsa\/wp-json\/wp\/v2\/tags?post=4409"}],"curies":[{"name":"wp","href":"https:\/\/api.w.org\/{rel}","templated":true}]}}