{"id":4398,"date":"2017-09-18T13:44:19","date_gmt":"2017-09-18T13:44:19","guid":{"rendered":"https:\/\/centros.uepb.edu.br\/ccbsa\/?p=4398"},"modified":"2017-09-19T12:16:05","modified_gmt":"2017-09-19T12:16:05","slug":"centro-academico-de-arquivologia-realiza-evento-de-boas-vindas-aos-feras-do-periodo-letivo-2017-1","status":"publish","type":"post","link":"https:\/\/centros.uepb.edu.br\/ccbsa\/centro-academico-de-arquivologia-realiza-evento-de-boas-vindas-aos-feras-do-periodo-letivo-2017-1\/","title":{"rendered":"Centro Acad\u00eamico de Arquivologia realiza evento de boas vindas aos feras do per\u00edodo letivo 2017.1"},"content":{"rendered":"<p>&nbsp;<\/p>\n<p><a href=\"https:\/\/centros.uepb.edu.br\/ccbsa\/files\/2017\/09\/unnamed-1.jpg\"><img loading=\"lazy\" decoding=\"async\" class=\"aligncenter size-full wp-image-4399 img-responsive\" src=\"https:\/\/centros.uepb.edu.br\/ccbsa\/files\/2017\/09\/unnamed-1.jpg\" alt=\"\" width=\"840\" height=\"454\" srcset=\"https:\/\/centros.uepb.edu.br\/ccbsa\/files\/2017\/09\/unnamed-1.jpg 840w, https:\/\/centros.uepb.edu.br\/ccbsa\/files\/2017\/09\/unnamed-1-300x162.jpg 300w, https:\/\/centros.uepb.edu.br\/ccbsa\/files\/2017\/09\/unnamed-1-768x415.jpg 768w, https:\/\/centros.uepb.edu.br\/ccbsa\/files\/2017\/09\/unnamed-1-370x200.jpg 370w\" sizes=\"auto, (max-width: 840px) 100vw, 840px\" \/><\/a><\/p>\n<p>O Centro Acad\u00eamico de Arquivologia (CAARQ) Briggida Louren\u00e7o, com o apoio da coordena\u00e7\u00e3o do curso de Arquivologia da Universidade Estadual da Para\u00edba (UEPB), realizou, nesta segunda-feira (18), nos turnos da manh\u00e3 e noite, no audit\u00f3rio Pioneiros um evento de boas vindas aos feras do per\u00edodo letivo 2017.1.<\/p>\n<p>Durante a atividade a diretora do CCBSA e uma das fundadoras do curso de Arquivologia, professora Jacqueline Echeverr\u00eda Barrancos, apresentou o hist\u00f3rico da cria\u00e7\u00e3o do Campus e consolida\u00e7\u00e3o do curso de Arquivologia. A coordenadora do curso de Arquivologia, professora Esmeralda Porf\u00edrio de Sales, fez a apresenta\u00e7\u00e3o do curso de Arquivologia, os diferenciais de qualidade no ensino, os projetos de pesquisa e extens\u00e3o. E o coordenador de est\u00e1gios do curso de Arquivologia, professor S\u00e2nderson Dornelles, exp\u00f4s as perspectivas profissionais e o mercado de est\u00e1gios para o graduando em Arquivologia.<\/p>\n<p>De acordo com o integrante do CAARQ, o estudante Bruno Pereira, esse evento abre as atividades programadas ao longo do semestre com o objetivo de proporcionar momentos de confraterniza\u00e7\u00e3o entre calouros e egressos do curso. &#8220;No dia 7 de outubro teremos uma feijoada e uma copa de futsal do Campus V, no final de outubro estamos programando nossa calourada conjunta com os cursos de Ci\u00eancias Biol\u00f3gicas e Rela\u00e7\u00f5es Internacionais e de 16 a 20 de outubro teremos a semana do arquivista com uma programa\u00e7\u00e3o especial&#8221;, explicou.<\/p>\n<p>&nbsp;<\/p>\n","protected":false},"excerpt":{"rendered":"<p>&nbsp; O Centro Acad\u00eamico de Arquivologia (CAARQ) Briggida Louren\u00e7o, com o apoio da coordena\u00e7\u00e3o do curso de Arquivologia da Universidade Estadual da Para\u00edba (UEPB), realizou, nesta segunda-feira (18), nos turnos da manh\u00e3 e noite, no audit\u00f3rio Pioneiros um evento de boas vindas aos feras do per\u00edodo letivo 2017.1. Durante a atividade a diretora do CCBSA <a class=\"leiamais\" href=\"https:\/\/centros.uepb.edu.br\/ccbsa\/centro-academico-de-arquivologia-realiza-evento-de-boas-vindas-aos-feras-do-periodo-letivo-2017-1\/\">Leia Mais&#8230;<\/a><\/p>\n","protected":false},"author":8,"featured_media":4399,"comment_status":"closed","ping_status":"closed","sticky":false,"template":"","format":"standard","meta":{"footnotes":""},"categories":[3,11],"tags":[],"class_list":["post-4398","post","type-post","status-publish","format-standard","has-post-thumbnail","hentry","category-noticias","category-noticias-destaque-img"],"jetpack_featured_media_url":"https:\/\/centros.uepb.edu.br\/ccbsa\/files\/2017\/09\/unnamed-1.jpg","_links":{"self":[{"href":"https:\/\/centros.uepb.edu.br\/ccbsa\/wp-json\/wp\/v2\/posts\/4398","targetHints":{"allow":["GET"]}}],"collection":[{"href":"https:\/\/centros.uepb.edu.br\/ccbsa\/wp-json\/wp\/v2\/posts"}],"about":[{"href":"https:\/\/centros.uepb.edu.br\/ccbsa\/wp-json\/wp\/v2\/types\/post"}],"author":[{"embeddable":true,"href":"https:\/\/centros.uepb.edu.br\/ccbsa\/wp-json\/wp\/v2\/users\/8"}],"replies":[{"embeddable":true,"href":"https:\/\/centros.uepb.edu.br\/ccbsa\/wp-json\/wp\/v2\/comments?post=4398"}],"version-history":[{"count":0,"href":"https:\/\/centros.uepb.edu.br\/ccbsa\/wp-json\/wp\/v2\/posts\/4398\/revisions"}],"wp:featuredmedia":[{"embeddable":true,"href":"https:\/\/centros.uepb.edu.br\/ccbsa\/wp-json\/wp\/v2\/media\/4399"}],"wp:attachment":[{"href":"https:\/\/centros.uepb.edu.br\/ccbsa\/wp-json\/wp\/v2\/media?parent=4398"}],"wp:term":[{"taxonomy":"category","embeddable":true,"href":"https:\/\/centros.uepb.edu.br\/ccbsa\/wp-json\/wp\/v2\/categories?post=4398"},{"taxonomy":"post_tag","embeddable":true,"href":"https:\/\/centros.uepb.edu.br\/ccbsa\/wp-json\/wp\/v2\/tags?post=4398"}],"curies":[{"name":"wp","href":"https:\/\/api.w.org\/{rel}","templated":true}]}}