{"id":4394,"date":"2017-09-18T13:02:47","date_gmt":"2017-09-18T13:02:47","guid":{"rendered":"https:\/\/centros.uepb.edu.br\/ccbsa\/?p=4394"},"modified":"2017-09-18T13:04:21","modified_gmt":"2017-09-18T13:04:21","slug":"nucleo-de-linguas-do-campus-v-publica-termo-aditivo-para-ofertar-mais-450-vagas-para-teste-de-proficiencia","status":"publish","type":"post","link":"https:\/\/centros.uepb.edu.br\/ccbsa\/nucleo-de-linguas-do-campus-v-publica-termo-aditivo-para-ofertar-mais-450-vagas-para-teste-de-proficiencia\/","title":{"rendered":"N\u00facleo de l\u00ednguas do Campus V publica termo aditivo para ofertar mais 450 vagas para teste de profici\u00eancia"},"content":{"rendered":"<p>O N\u00facleo de l\u00ednguas do Campus V da Universidade Estadual da Para\u00edba (UEPB), em parceria com Departamento de Letras e Artes (DLA) do Campus I, inscreve de 19 a 21 de setembro, para o teste de profici\u00eancia em ingl\u00eas, espanhol e franc\u00eas. O exame ser\u00e1 realizado no dia 30 de setembro, das 8 \u00e0s 11h para a l\u00edngua inglesa, e das 14 \u00e0s 17h, para espanhol e franc\u00eas.<\/p>\n<p>A prova \u00e9 destinada a acad\u00eamicos que necessitam de comprova\u00e7\u00e3o da profici\u00eancia em leitura e compreens\u00e3o de textos em ingl\u00eas, espanhol ou franc\u00eas em programas de p\u00f3s-gradua\u00e7\u00e3o. Para tanto, ser\u00e3o exploradas as t\u00e9cnicas de leitura e interpreta\u00e7\u00e3o textuais em l\u00edngua estrangeira por meio de quest\u00f5es objetivas. As provas ter\u00e3o a dura\u00e7\u00e3o m\u00e1xima de 3 (tr\u00eas) horas.<\/p>\n<p>As inscri\u00e7\u00f5es s\u00e3o realizadas na secretaria do N\u00facleo de L\u00ednguas da UEPB \u2013 Campus V, localizado \u00e0 Rua Hor\u00e1cio Trajano de Oliveira, s\/n, Cristo Redentor, no hor\u00e1rio de 08 \u00e0s 12h, enquanto durarem as vagas. No ato da inscri\u00e7\u00e3o \u00e9 necess\u00e1rio apresentar a ficha de inscri\u00e7\u00e3o que se encontra no Anexo I preenchida. S\u00e3o disponibilizadas 200 vagas de ingl\u00eas, 200 vagas de espanhol e 50 vagas de franc\u00eas. De acordo com a coordenadora do N\u00facleo de L\u00ednguas, professora Lenira Madruga o termo aditivo com 450 vagas a mais foi lan\u00e7ado devido \u00e0 grande procura desde o in\u00edcio das inscri\u00e7\u00f5es para o teste de profici\u00eancia.<\/p>\n<p>Outras informa\u00e7\u00f5es: (83) 3223-1128 (Ramal 214)<br \/>\nConfira o [wpfilebase tag=fileurl id=264 linktext=edital \/] e o [wpfilebase tag=fileurl id=265 linktext=&#8217;termo aditivo aqui&#8217; \/]<\/p>\n","protected":false},"excerpt":{"rendered":"<p>O N\u00facleo de l\u00ednguas do Campus V da Universidade Estadual da Para\u00edba (UEPB), em parceria com Departamento de Letras e Artes (DLA) do Campus I, inscreve de 19 a 21 de setembro, para o teste de profici\u00eancia em ingl\u00eas, espanhol e franc\u00eas. O exame ser\u00e1 realizado no dia 30 de setembro, das 8 \u00e0s 11h <a class=\"leiamais\" href=\"https:\/\/centros.uepb.edu.br\/ccbsa\/nucleo-de-linguas-do-campus-v-publica-termo-aditivo-para-ofertar-mais-450-vagas-para-teste-de-proficiencia\/\">Leia Mais&#8230;<\/a><\/p>\n","protected":false},"author":8,"featured_media":4397,"comment_status":"closed","ping_status":"closed","sticky":false,"template":"","format":"standard","meta":{"footnotes":""},"categories":[3,11],"tags":[],"class_list":["post-4394","post","type-post","status-publish","format-standard","has-post-thumbnail","hentry","category-noticias","category-noticias-destaque-img"],"jetpack_featured_media_url":"https:\/\/centros.uepb.edu.br\/ccbsa\/files\/2017\/09\/N\u00daCLEO-DE-L\u00cdNGUAS.jpg","_links":{"self":[{"href":"https:\/\/centros.uepb.edu.br\/ccbsa\/wp-json\/wp\/v2\/posts\/4394","targetHints":{"allow":["GET"]}}],"collection":[{"href":"https:\/\/centros.uepb.edu.br\/ccbsa\/wp-json\/wp\/v2\/posts"}],"about":[{"href":"https:\/\/centros.uepb.edu.br\/ccbsa\/wp-json\/wp\/v2\/types\/post"}],"author":[{"embeddable":true,"href":"https:\/\/centros.uepb.edu.br\/ccbsa\/wp-json\/wp\/v2\/users\/8"}],"replies":[{"embeddable":true,"href":"https:\/\/centros.uepb.edu.br\/ccbsa\/wp-json\/wp\/v2\/comments?post=4394"}],"version-history":[{"count":0,"href":"https:\/\/centros.uepb.edu.br\/ccbsa\/wp-json\/wp\/v2\/posts\/4394\/revisions"}],"wp:featuredmedia":[{"embeddable":true,"href":"https:\/\/centros.uepb.edu.br\/ccbsa\/wp-json\/wp\/v2\/media\/4397"}],"wp:attachment":[{"href":"https:\/\/centros.uepb.edu.br\/ccbsa\/wp-json\/wp\/v2\/media?parent=4394"}],"wp:term":[{"taxonomy":"category","embeddable":true,"href":"https:\/\/centros.uepb.edu.br\/ccbsa\/wp-json\/wp\/v2\/categories?post=4394"},{"taxonomy":"post_tag","embeddable":true,"href":"https:\/\/centros.uepb.edu.br\/ccbsa\/wp-json\/wp\/v2\/tags?post=4394"}],"curies":[{"name":"wp","href":"https:\/\/api.w.org\/{rel}","templated":true}]}}