{"id":4379,"date":"2017-09-09T12:15:15","date_gmt":"2017-09-09T12:15:15","guid":{"rendered":"https:\/\/centros.uepb.edu.br\/ccbsa\/?p=4379"},"modified":"2017-09-09T12:15:15","modified_gmt":"2017-09-09T12:15:15","slug":"universidade-estadual-da-paraiba-emite-nota-de-pesar-pelo-falecimento-do-professor-julio-cesar-cabrera-medina","status":"publish","type":"post","link":"https:\/\/centros.uepb.edu.br\/ccbsa\/universidade-estadual-da-paraiba-emite-nota-de-pesar-pelo-falecimento-do-professor-julio-cesar-cabrera-medina\/","title":{"rendered":"Universidade Estadual da Para\u00edba emite nota de pesar pelo falecimento do professor Julio C\u00e9sar Cabrera Medina"},"content":{"rendered":"<p><a href=\"https:\/\/centros.uepb.edu.br\/ccbsa\/files\/2013\/05\/JULIO.jpg\"><img loading=\"lazy\" decoding=\"async\" class=\"aligncenter size-full wp-image-3962 img-responsive\" src=\"https:\/\/centros.uepb.edu.br\/ccbsa\/files\/2013\/05\/JULIO.jpg\" alt=\"\" width=\"840\" height=\"454\" srcset=\"https:\/\/centros.uepb.edu.br\/ccbsa\/files\/2013\/05\/JULIO.jpg 840w, https:\/\/centros.uepb.edu.br\/ccbsa\/files\/2013\/05\/JULIO-300x162.jpg 300w, https:\/\/centros.uepb.edu.br\/ccbsa\/files\/2013\/05\/JULIO-768x415.jpg 768w, https:\/\/centros.uepb.edu.br\/ccbsa\/files\/2013\/05\/JULIO-370x200.jpg 370w\" sizes=\"auto, (max-width: 840px) 100vw, 840px\" \/><\/a><\/p>\n<p>A Administra\u00e7\u00e3o Central da Universidade Estadual da Para\u00edba (UEPB), juntamente com a dire\u00e7\u00e3o do Centro de Ci\u00eancias Biol\u00f3gicas Sociais Aplicadas (CCBSA), Departamento de Rela\u00e7\u00f5es Internacionais e o Programa de P\u00f3s-gradua\u00e7\u00e3o em Desenvolvimento Regional da Institui\u00e7\u00e3o, lamenta com profundo pesar o falecimento do professor Julio C\u00e9sar Cabrera Medina, ocorrido na quinta-feira (7).<\/p>\n<p>Natural do munic\u00edpio de Las Palmas, Espanha, professor Julio Medina integra o quadro de docentes da UEPB desde 2005, atuando no Programa de P\u00f3s-gradua\u00e7\u00e3o em Desenvolvimento Regional e Gradua\u00e7\u00e3o em Rela\u00e7\u00f5es Internacionais, onde exercia o cargo de coordenador adjunto.<\/p>\n<p>Em respeito \u00e0 mem\u00f3ria do professor Julio a dire\u00e7\u00e3o do CCBSA decretou luto oficial de tr\u00eas dias no Campus V. A fam\u00edlia do docente est\u00e1 se dirigindo \u00e0 Para\u00edba para decidir os detalhes cerim\u00f4nia de crema\u00e7\u00e3o do docente, que ocorrer\u00e1 no Cremat\u00f3rio Caminho da Paz, localizado no Km 12 da BR 230, sem data e hor\u00e1rio definidos para ocorrer.<\/p>\n","protected":false},"excerpt":{"rendered":"<p>A Administra\u00e7\u00e3o Central da Universidade Estadual da Para\u00edba (UEPB), juntamente com a dire\u00e7\u00e3o do Centro de Ci\u00eancias Biol\u00f3gicas Sociais Aplicadas (CCBSA), Departamento de Rela\u00e7\u00f5es Internacionais e o Programa de P\u00f3s-gradua\u00e7\u00e3o em Desenvolvimento Regional da Institui\u00e7\u00e3o, lamenta com profundo pesar o falecimento do professor Julio C\u00e9sar Cabrera Medina, ocorrido na quinta-feira (7). Natural do munic\u00edpio de <a class=\"leiamais\" href=\"https:\/\/centros.uepb.edu.br\/ccbsa\/universidade-estadual-da-paraiba-emite-nota-de-pesar-pelo-falecimento-do-professor-julio-cesar-cabrera-medina\/\">Leia Mais&#8230;<\/a><\/p>\n","protected":false},"author":8,"featured_media":3962,"comment_status":"closed","ping_status":"closed","sticky":false,"template":"","format":"standard","meta":{"footnotes":""},"categories":[3,11],"tags":[],"class_list":["post-4379","post","type-post","status-publish","format-standard","has-post-thumbnail","hentry","category-noticias","category-noticias-destaque-img"],"jetpack_featured_media_url":"https:\/\/centros.uepb.edu.br\/ccbsa\/files\/2013\/05\/JULIO.jpg","_links":{"self":[{"href":"https:\/\/centros.uepb.edu.br\/ccbsa\/wp-json\/wp\/v2\/posts\/4379","targetHints":{"allow":["GET"]}}],"collection":[{"href":"https:\/\/centros.uepb.edu.br\/ccbsa\/wp-json\/wp\/v2\/posts"}],"about":[{"href":"https:\/\/centros.uepb.edu.br\/ccbsa\/wp-json\/wp\/v2\/types\/post"}],"author":[{"embeddable":true,"href":"https:\/\/centros.uepb.edu.br\/ccbsa\/wp-json\/wp\/v2\/users\/8"}],"replies":[{"embeddable":true,"href":"https:\/\/centros.uepb.edu.br\/ccbsa\/wp-json\/wp\/v2\/comments?post=4379"}],"version-history":[{"count":0,"href":"https:\/\/centros.uepb.edu.br\/ccbsa\/wp-json\/wp\/v2\/posts\/4379\/revisions"}],"wp:featuredmedia":[{"embeddable":true,"href":"https:\/\/centros.uepb.edu.br\/ccbsa\/wp-json\/wp\/v2\/media\/3962"}],"wp:attachment":[{"href":"https:\/\/centros.uepb.edu.br\/ccbsa\/wp-json\/wp\/v2\/media?parent=4379"}],"wp:term":[{"taxonomy":"category","embeddable":true,"href":"https:\/\/centros.uepb.edu.br\/ccbsa\/wp-json\/wp\/v2\/categories?post=4379"},{"taxonomy":"post_tag","embeddable":true,"href":"https:\/\/centros.uepb.edu.br\/ccbsa\/wp-json\/wp\/v2\/tags?post=4379"}],"curies":[{"name":"wp","href":"https:\/\/api.w.org\/{rel}","templated":true}]}}