{"id":4372,"date":"2017-09-06T15:26:33","date_gmt":"2017-09-06T15:26:33","guid":{"rendered":"https:\/\/centros.uepb.edu.br\/ccbsa\/?p=4372"},"modified":"2017-09-06T17:22:24","modified_gmt":"2017-09-06T17:22:24","slug":"atleta-da-uepb-medalhista-em-jogos-paralimpicos-universitarios-se-prepara-para-buscar-uma-vaga-nas-paralimpiadas-de-2020","status":"publish","type":"post","link":"https:\/\/centros.uepb.edu.br\/ccbsa\/atleta-da-uepb-medalhista-em-jogos-paralimpicos-universitarios-se-prepara-para-buscar-uma-vaga-nas-paralimpiadas-de-2020\/","title":{"rendered":"Atleta da UEPB medalhista em Jogos Paral\u00edmpicos Universit\u00e1rios se prepara para buscar uma vaga nas Paralimp\u00edadas de 2020"},"content":{"rendered":"<p><a href=\"https:\/\/centros.uepb.edu.br\/ccbsa\/files\/2017\/09\/unnamed.jpg\"><img loading=\"lazy\" decoding=\"async\" class=\"aligncenter size-full wp-image-4373 img-responsive\" src=\"https:\/\/centros.uepb.edu.br\/ccbsa\/files\/2017\/09\/unnamed.jpg\" alt=\"\" width=\"840\" height=\"454\" srcset=\"https:\/\/centros.uepb.edu.br\/ccbsa\/files\/2017\/09\/unnamed.jpg 840w, https:\/\/centros.uepb.edu.br\/ccbsa\/files\/2017\/09\/unnamed-300x162.jpg 300w, https:\/\/centros.uepb.edu.br\/ccbsa\/files\/2017\/09\/unnamed-768x415.jpg 768w, https:\/\/centros.uepb.edu.br\/ccbsa\/files\/2017\/09\/unnamed-370x200.jpg 370w\" sizes=\"auto, (max-width: 840px) 100vw, 840px\" \/><\/a><\/p>\n<p>Numa sociedade cercada por estere\u00f3tipos de sucesso, r\u00f3tulos que nos reduzem e nos direcionam por caminhos que nem sempre est\u00e3o de acordo com os nossos sonhos e expectativas, seguir o caminho inverso e tornar-se autor de nossa pr\u00f3pria hist\u00f3ria requer coragem, disciplina e resili\u00eancia. Ter uma limita\u00e7\u00e3o f\u00edsica, financeira, social ou emocional, n\u00e3o deve ser o fator primordial para conduzir os rumos da nossa vida. E, assim, buscando alcan\u00e7ar seus sonhos sem preocupa\u00e7\u00e3o com os padr\u00f5es impostos, tem sido a trajet\u00f3ria da graduanda do curso de Rela\u00e7\u00f5es Internacionais da Universidade Estadual da Para\u00edba, Bruna Alves Dias, atleta paral\u00edmpica, medalhista, estudante dedicada e com um futuro promissor no esporte e na vida profissional.<\/p>\n<p>A atleta, que foi a \u00fanica representante da UEPB na competi\u00e7\u00e3o, conquistou os primeiros lugares no lan\u00e7amento de disco, lan\u00e7amento de dardo e arremesso de peso na categoria F34, nos jogos Paral\u00edmpicos Universit\u00e1rios 2017, realizados, de 26 a 30 de julho, em S\u00e3o Paulo.<\/p>\n<p>As conquistas s\u00e3o o resultado de muita dedica\u00e7\u00e3o e supera\u00e7\u00e3o de limites, pois, desde que nasceu, Bruna Dias, que teve paralisia cerebral por conta da falta de oxigena\u00e7\u00e3o no parto normal, teve de aprender a lidar com os obst\u00e1culos que a vida lhe imp\u00f4s. \u201cSempre acontecia alguma coisa que me deixava frustrada mas, eu sabia lidar, desde que nasci eu tenho que lidar com isso. Mas eu pensava que n\u00e3o podia choramingar, apesar das dificuldades, tinha que seguir em frente. E eu tinha em mente algo que minha m\u00e3e sempre dizia \u2018a \u00fanica diferen\u00e7a entre mim e as outras pessoas \u00e9 que a minha limita\u00e7\u00e3o \u00e9 vis\u00edvel\u2019. Ent\u00e3o desde crian\u00e7a eu fazia muitas coisas, ballet, teatro, tocava piano, al\u00e9m da fisioterapia, que fiz durante muito tempo\u201d, relembra Bruna.<\/p>\n<p><a href=\"https:\/\/centros.uepb.edu.br\/ccbsa\/files\/2017\/09\/DSC07209.jpg\"><img loading=\"lazy\" decoding=\"async\" class=\"aligncenter size-full wp-image-4374 img-responsive\" src=\"https:\/\/centros.uepb.edu.br\/ccbsa\/files\/2017\/09\/DSC07209.jpg\" alt=\"\" width=\"840\" height=\"454\" srcset=\"https:\/\/centros.uepb.edu.br\/ccbsa\/files\/2017\/09\/DSC07209.jpg 840w, https:\/\/centros.uepb.edu.br\/ccbsa\/files\/2017\/09\/DSC07209-300x162.jpg 300w, https:\/\/centros.uepb.edu.br\/ccbsa\/files\/2017\/09\/DSC07209-768x415.jpg 768w, https:\/\/centros.uepb.edu.br\/ccbsa\/files\/2017\/09\/DSC07209-370x200.jpg 370w\" sizes=\"auto, (max-width: 840px) 100vw, 840px\" \/><\/a><\/p>\n<p><strong>A rela\u00e7\u00e3o com o esporte<\/strong><\/p>\n<p>\u201cNa adversidade, uns desistem. Enquanto outros batem recordes\u201d, essa frase de Ayrton Senna poderia ilustrar o percurso de Bruna Dias no esporte e na vida. A estudante iniciou sua rela\u00e7\u00e3o com o atletismo h\u00e1 quatro anos, quando buscava uma atividade f\u00edsica para substituir a Fisioterapia. \u201cNo come\u00e7o ingressei no esporte por uma quest\u00e3o de reabilita\u00e7\u00e3o, mas, aos poucos fui ficando fascinada, principalmente quando assistia a olimp\u00edada, porque adorava o clima da competi\u00e7\u00e3o. Mas, eu s\u00f3 imaginava que podia competir na nata\u00e7\u00e3o. At\u00e9 que quando eu ingressei num projeto de extens\u00e3o da UFPB que trabalhava com esportes paral\u00edmpicos, o professor Jailton Lucas de Miranda percebeu o meu talento e possibilidade de crescimento no esporte\u201d, recorda Bruna.<\/p>\n<p>A estudante, que conheceu o atletismo aos 16 anos de idade, participou das Paralimp\u00edadas Escolares, quando ganhou ouro e alcan\u00e7ou o recorde brasileiro na categoria 100m de corrida, dardo e peso. \u201cA vida dela foi regrada, de muita luta, hidrogin\u00e1stica, terapia, o dia era intenso. Al\u00e9m disso, quase n\u00e3o teve inf\u00e2ncia porque sempre lidava com adultos, o que fez com quem ela amadurecesse cedo e acho que isso estimulou para ela alcan\u00e7ar esses resultados no atletismo\u201d, destacou a m\u00e3e Josicleide Alves.<\/p>\n<p>H\u00e1 um ano treinando profissionalmente com o acompanhamento do t\u00e9cnico Pedro Almeida, Bruna treina uma a duas horas por dia, o que lhe rendeu o destaque nos Jogos Paral\u00edmpicos Universit\u00e1rios 2017. A paraibana competiu com outros 254 atletas que representaram universidades de 20 estados e do Distrito Federal. As disputas ocorreram em seis modalidades: atletismo, nata\u00e7\u00e3o, badminton, jud\u00f4, t\u00eanis de mesa e bocha. O evento foi organizado pelo Comit\u00ea Paral\u00edmpico Brasileiro com o apoio da Confedera\u00e7\u00e3o Brasileira do Desporto Universit\u00e1rio (CBDU).<\/p>\n<p>Quando perguntada sobre o principal desafio da sua pr\u00e1tica esportiva atualmente, al\u00e9m da supera\u00e7\u00e3o di\u00e1ria de barreiras, a estudante destaca a busca por patrocinadores que possam ajud\u00e1-la a participar das competi\u00e7\u00f5es. \u201cTudo est\u00e1 sendo bancado pela minha fam\u00edlia, e o custo \u00e9 muito alto. Ent\u00e3o eu estou na busca por apoio, de institui\u00e7\u00f5es parceiras, que possam me ajudar a alcan\u00e7ar meus objetivos e representar a UEPB e a Para\u00edba nas competi\u00e7\u00f5es que podem me projetar rumo \u00e0s Paralimp\u00edadas\u201d, explica.<\/p>\n<p><strong>Planos para o futuro<\/strong><\/p>\n<p>Com rela\u00e7\u00e3o aos planos da estudante para a vida de atleta, Bruna tem metas bem delineadas. \u201cEstou trabalhando com foco no Mundial Parapan-Americano de Lima, no Peru, porque quero me classificar para entrar na sele\u00e7\u00e3o e representar o Brasil nas Paralimp\u00edadas de 2020\u201d, planeja a estudante.<\/p>\n<p>Paralelamente ao percurso rumo \u00e0s Paralimp\u00edadas Bruna segue com foco nos estudos nas gradua\u00e7\u00f5es em Rela\u00e7\u00f5es Internacionais e Direito, sempre na companhia da m\u00e3e que ingressou no curso de Arquivologia da UEPB para acompanhar a filha na vida acad\u00eamica. \u201cMeu planejamento \u00e9 em 2020 estar formada nos dois cursos, mas, meu objetivo maior \u00e9 ser ju\u00edza, espero poder trabalhar numa coisa que envolva Rela\u00e7\u00f5es Internacionais e Direito, que s\u00e3o duas \u00e1reas que eu sou apaixonada\u201d, idealiza Bruna.<\/p>\n<p><em><strong>Fotos:<\/strong> Comit\u00ea Paral\u00edmpico Brasileiro e Juliana Marques &#8211; Assessoria de Comunica\u00e7\u00e3o\/UEPB<\/em><\/p>\n<p><em><strong>Texto:<\/strong> Juliana Marques<\/em><\/p>\n","protected":false},"excerpt":{"rendered":"<p>Numa sociedade cercada por estere\u00f3tipos de sucesso, r\u00f3tulos que nos reduzem e nos direcionam por caminhos que nem sempre est\u00e3o de acordo com os nossos sonhos e expectativas, seguir o caminho inverso e tornar-se autor de nossa pr\u00f3pria hist\u00f3ria requer coragem, disciplina e resili\u00eancia. Ter uma limita\u00e7\u00e3o f\u00edsica, financeira, social ou emocional, n\u00e3o deve ser <a class=\"leiamais\" href=\"https:\/\/centros.uepb.edu.br\/ccbsa\/atleta-da-uepb-medalhista-em-jogos-paralimpicos-universitarios-se-prepara-para-buscar-uma-vaga-nas-paralimpiadas-de-2020\/\">Leia Mais&#8230;<\/a><\/p>\n","protected":false},"author":8,"featured_media":4374,"comment_status":"closed","ping_status":"closed","sticky":false,"template":"","format":"standard","meta":{"footnotes":""},"categories":[3,11],"tags":[],"class_list":["post-4372","post","type-post","status-publish","format-standard","has-post-thumbnail","hentry","category-noticias","category-noticias-destaque-img"],"jetpack_featured_media_url":"https:\/\/centros.uepb.edu.br\/ccbsa\/files\/2017\/09\/DSC07209.jpg","_links":{"self":[{"href":"https:\/\/centros.uepb.edu.br\/ccbsa\/wp-json\/wp\/v2\/posts\/4372","targetHints":{"allow":["GET"]}}],"collection":[{"href":"https:\/\/centros.uepb.edu.br\/ccbsa\/wp-json\/wp\/v2\/posts"}],"about":[{"href":"https:\/\/centros.uepb.edu.br\/ccbsa\/wp-json\/wp\/v2\/types\/post"}],"author":[{"embeddable":true,"href":"https:\/\/centros.uepb.edu.br\/ccbsa\/wp-json\/wp\/v2\/users\/8"}],"replies":[{"embeddable":true,"href":"https:\/\/centros.uepb.edu.br\/ccbsa\/wp-json\/wp\/v2\/comments?post=4372"}],"version-history":[{"count":0,"href":"https:\/\/centros.uepb.edu.br\/ccbsa\/wp-json\/wp\/v2\/posts\/4372\/revisions"}],"wp:featuredmedia":[{"embeddable":true,"href":"https:\/\/centros.uepb.edu.br\/ccbsa\/wp-json\/wp\/v2\/media\/4374"}],"wp:attachment":[{"href":"https:\/\/centros.uepb.edu.br\/ccbsa\/wp-json\/wp\/v2\/media?parent=4372"}],"wp:term":[{"taxonomy":"category","embeddable":true,"href":"https:\/\/centros.uepb.edu.br\/ccbsa\/wp-json\/wp\/v2\/categories?post=4372"},{"taxonomy":"post_tag","embeddable":true,"href":"https:\/\/centros.uepb.edu.br\/ccbsa\/wp-json\/wp\/v2\/tags?post=4372"}],"curies":[{"name":"wp","href":"https:\/\/api.w.org\/{rel}","templated":true}]}}