{"id":4364,"date":"2017-09-01T16:16:13","date_gmt":"2017-09-01T16:16:13","guid":{"rendered":"https:\/\/centros.uepb.edu.br\/ccbsa\/?p=4364"},"modified":"2017-09-01T16:16:13","modified_gmt":"2017-09-01T16:16:13","slug":"evento-de-11-anos-do-campus-v-e-encerrado-com-premiacao-para-destaques-da-mostra-cientifica-e-atividades-culturais","status":"publish","type":"post","link":"https:\/\/centros.uepb.edu.br\/ccbsa\/evento-de-11-anos-do-campus-v-e-encerrado-com-premiacao-para-destaques-da-mostra-cientifica-e-atividades-culturais\/","title":{"rendered":"Evento de 11 anos do Campus V \u00e9 encerrado com premia\u00e7\u00e3o para destaques da Mostra Cient\u00edfica e atividades culturais"},"content":{"rendered":"<p><a href=\"https:\/\/centros.uepb.edu.br\/ccbsa\/files\/2017\/09\/DSC07303.jpg\"><img loading=\"lazy\" decoding=\"async\" class=\"aligncenter size-full wp-image-4365 img-responsive\" src=\"https:\/\/centros.uepb.edu.br\/ccbsa\/files\/2017\/09\/DSC07303.jpg\" alt=\"\" width=\"840\" height=\"454\" srcset=\"https:\/\/centros.uepb.edu.br\/ccbsa\/files\/2017\/09\/DSC07303.jpg 840w, https:\/\/centros.uepb.edu.br\/ccbsa\/files\/2017\/09\/DSC07303-300x162.jpg 300w, https:\/\/centros.uepb.edu.br\/ccbsa\/files\/2017\/09\/DSC07303-768x415.jpg 768w, https:\/\/centros.uepb.edu.br\/ccbsa\/files\/2017\/09\/DSC07303-370x200.jpg 370w\" sizes=\"auto, (max-width: 840px) 100vw, 840px\" \/><\/a><\/p>\n<p>Ap\u00f3s dois dias com oficinas, palestras, mesas-redondas, exposi\u00e7\u00f5es, mostra cient\u00edfica e atividades culturais nos turnos da manh\u00e3, tarde e noite, foi encerrado, na noite da ter\u00e7a-feira (29), o evento \u201cUEPB Campus V: 11 anos de hist\u00f3ria, conquistas e desafios\u201d. Durante a iniciativa, estudantes, docentes e t\u00e9cnicos-administrativos vinculados aos tr\u00eas cursos de gradua\u00e7\u00e3o, p\u00f3s-gradua\u00e7\u00e3o e N\u00facleo de L\u00ednguas do Centro de Ci\u00eancias Biol\u00f3gicas e Sociais Aplicadas (CCBSA) da Universidade Estadual da Para\u00edba, e moradores do bairro do Cristo e Rangel, expuseram trabalhos e participaram das atividades que congregaram os diversos p\u00fablicos que comp\u00f5em o Campus V.<\/p>\n<p>No primeiro dia de evento, pela manh\u00e3, foi realizada a mesa-redonda \u201cHist\u00f3ria, conquistas e desafios\u201d, com a presen\u00e7a da diretora do CCBSA e uma das pioneiras do Campus V, professora Jacqueline Echeverr\u00eda Barrancos; da t\u00e9cnica-administrativa Sandra Maranh\u00e3o; da ex-diretora Terezinha de Jesus; dos egressos: Ver\u00f4nica Ismael, F\u00e1bio Nobre e Adriana Vi\u00e9gas, que apresentaram os relatos sobre a realidade vivenciada desde a funda\u00e7\u00e3o do Campus V at\u00e9 hoje.<\/p>\n<p>Ap\u00f3s a mesa-redonda foi realizado o descerramento da placa da Biblioteca setorial \u201cAfonso Pereira\u201d, que contou com a presen\u00e7a da professora Clemilde Torres Pereira da Silva, vi\u00fava do patrono. Estiveram presentes na solenidade, a diretora do CCBSA, professora Jacqueline Barrancos, familiares de Afonso Pereira, diretora e diretora adjunta da Biblioteca Central, K\u00eania Ara\u00fajo e Camile de Andrade, a coordenadora da biblioteca do Campus V, Liliane Braga Holanda, docentes, discentes e t\u00e9cnicos-administrativos do Campus V e as representantes da Funda\u00e7\u00e3o Espa\u00e7o Cultural da Para\u00edba (FUNESC), Tatiana Cavalcanti e Cybelle Macedo, que na ocasi\u00e3o doaram kits das edi\u00e7\u00f5es FUNESC para as bibliotecas setorial do Campus V e Central da UEPB, e para serem entregues na premia\u00e7\u00e3o do evento. As atividades da primeira manh\u00e3 foram encerradas com a apresenta\u00e7\u00e3o do grupo Arquivo Ac\u00fastico, com os estudantes Lula Marinho, Beto Tavares e Antongnionne Monteiro.<\/p>\n<p>A tarde da segunda-feira (28), contou com a oficina: \u201cInterc\u00e2mbio Cultural: Pa\u00edses, experi\u00eancia e dicas\u201d, ministrada pelo assessor da Coordenadoria de Rela\u00e7\u00f5es Internacionais (CoRI) da UEPB, Christiano Soares, com a participa\u00e7\u00e3o dos estudantes intercambistas do CCBSA: Pedro Augusto, Onildo Veloso e Lu\u00edza Barros de Jesus, quando foram apresentadas algumas orienta\u00e7\u00f5es sobre os procedimentos necess\u00e1rios para participar de um programa de interc\u00e2mbio e os relatos de experi\u00eancia.<\/p>\n<p>Tamb\u00e9m foram realizadas as oficinas \u201cAspectos lingu\u00edsticos e culturais em franc\u00eas: como sobreviver em viagens internacionais\u201d, \u201cAspectos lingu\u00edsticos e culturais em espanhol: como sobreviver em viagens internacionais\u201d, \u201cAspectos lingu\u00edsticos e culturais em ingl\u00eas: como sobreviver em viagens internacionais\u201d, e \u201cLinguagem em uso: um passeio cultural pela diversidade lingu\u00edstica paraibana\u201d, todas ministradas pelas docentes do N\u00facleo de L\u00ednguas do Campus V.<\/p>\n<p>A palestra magna foi ministrada na noite da segunda-feira (28), pela gestora N\u00e1dja Pessoa, que abordou o tema \u201cO servidor do s\u00e9culo XXI: compet\u00eancias, habilidades e atitudes\u201d. Antes da palestra foi realizada uma apresenta\u00e7\u00e3o do Programa de Inclus\u00e3o Social Atrav\u00e9s da M\u00fasica e das Artes (Prima), com os estudantes do polo de Santa Rita: Joeliton Nunes, Aisley Mirella, Elayne Marques e Cheidermann C\u00e9zar, sob a coordena\u00e7\u00e3o do Professor Eliabe Ara\u00fajo e secretariado Iara Lima.<\/p>\n<p><a href=\"https:\/\/centros.uepb.edu.br\/ccbsa\/files\/2017\/09\/IMG_3801.jpg\"><img loading=\"lazy\" decoding=\"async\" class=\"aligncenter size-full wp-image-4366 img-responsive\" src=\"https:\/\/centros.uepb.edu.br\/ccbsa\/files\/2017\/09\/IMG_3801.jpg\" alt=\"\" width=\"840\" height=\"454\" srcset=\"https:\/\/centros.uepb.edu.br\/ccbsa\/files\/2017\/09\/IMG_3801.jpg 840w, https:\/\/centros.uepb.edu.br\/ccbsa\/files\/2017\/09\/IMG_3801-300x162.jpg 300w, https:\/\/centros.uepb.edu.br\/ccbsa\/files\/2017\/09\/IMG_3801-768x415.jpg 768w, https:\/\/centros.uepb.edu.br\/ccbsa\/files\/2017\/09\/IMG_3801-370x200.jpg 370w\" sizes=\"auto, (max-width: 840px) 100vw, 840px\" \/><\/a><\/p>\n<p>Na ter\u00e7a-feira, pela manh\u00e3, foi realizada, no audit\u00f3rio Pioneiros, o \u201cAconchego de Boas-vindas\u201d aos feras, com a participa\u00e7\u00e3o da coordenadora da gradua\u00e7\u00e3o em Arquivologia, professora Esmeralda Porf\u00edrio de Sales, o coordenador de Ci\u00eancias Biol\u00f3gicas, Cleber Salimon, a representante da coordena\u00e7\u00e3o de Rela\u00e7\u00f5es Internacionais, Giuliana Dias Vieira e o membro do DCE, Pedro Benev\u00eddes. Tamb\u00e9m durante o per\u00edodo da manh\u00e3 foram expostos os trabalhos cient\u00edficos das \u00e1reas de monitoria, pesquisa e extens\u00e3o do Campus V. Ao todos foram 42 p\u00f4steres expostos.<\/p>\n<p>No turno da tarde foram realizadas a oficina \u201cDescomplica TCC\u201d, ministrado pelas professoras Alzira Karla, da UFPB, Claudialyne Ara\u00fajo, da UEPB, e equipe do projeto de extens\u00e3o, abordando as normas para a elabora\u00e7\u00e3o de trabalhos acad\u00eamicos; e o Semin\u00e1rio de lan\u00e7amento da Revista Piriah, com representantes da Secretaria de Estado da Cutura da Para\u00edba (Secult).<\/p>\n<p>Ao longo do evento foi realizada a mostra de artes\u00e3s do bairro do Cristo e Pres\u00eddio Bom Pastor e de cord\u00e9is e exposi\u00e7\u00e3o fotogr\u00e1fica do acervo do Campus V. A noite de encerramento do evento contou com a apresenta\u00e7\u00e3o do conjunto de Ballet da UEPB, o grupo de ciranda e coco de roda \u201cV\u00f3 Mera e seus Netinhos\u201d e da Banda Pau de Dar em Doido.<\/p>\n<p>Foram premiados na mostra cient\u00edfica os seguintes trabalhos na categoria monitoria: \u201cUsos e Usu\u00e1rios da Informa\u00e7\u00e3o Arquiv\u00edstica: experi\u00eancia de uma atividade de monitoria\u201d, Henrique Elias Cabral Fran\u00e7a e Thullio Santos Vieira (primeiro lugar); \u201cTipos documentais: an\u00e1lise da compreens\u00e3o dos estudantes de Arquivologia a partir do ensino\u201d, Esmeralda Porf\u00edrio de Sales, Igor Vin\u00edcius Pinto de Sales e Vitor Hugo Teixeira Ara\u00fajo (segundo lugar); e \u201cAn\u00e1lise do impacto das atividades de monitoria nos componentes curriculares de tecnologias da informa\u00e7\u00e3o do curso de Arquivologia\u201d, Danilo de Sousa Ferreira, Bonaldo Fernandes Alves Filho, J\u00e9ssika Marry de Farias Santos e B\u00e1rbara Carvalho Diniz (terceiro lugar).<\/p>\n<p>Na categoria extens\u00e3o foram premiados os trabalhos: \u201cMobiliza\u00e7\u00e3o, inclus\u00e3o e forma\u00e7\u00e3o de catadores\/as de materiais recicl\u00e1veis da cidade de Jo\u00e3o Pessoa: uma experi\u00eancia necess\u00e1ria\u201d, Maria de F\u00e1tima Ferreira de Ara\u00fajo, Jacqueline Echeverr\u00eda Barrancos, B\u00e1rbara Alexsandra de Oliveira Santos e Nivaldo da Silva Cabral (primeiro lugar); \u201cComunica\u00e7\u00e3o e seus impactos na consolida\u00e7\u00e3o institucional: a divulga\u00e7\u00e3o do Campus V da UEPB junto \u00e0 comunidade\u201d, Juliana Ferreira Marques e Arllyn Luandrew Farias de Mello (segundo lugar); e \u201cDivulga\u00e7\u00e3o eletr\u00f4nica: a web promovendo o curso de Arquivologia da Universidade Estadual da Para\u00edba\u201d, Danilo de Sousa Ferreira, Rainner de Fran\u00e7a Magalh\u00e3es, Manuela Eug\u00eanio Maia e Jacqueline Echeverria Barrancos (terceiro lugar).<\/p>\n<p>Na modalidade pesquisa tivemos os destaques: \u201cPopula\u00e7\u00f5es ind\u00edgenas sob as lentes do sistema interamericano de direitos humanos\u201d, Giuliana Dias Vieira e Matheus Vieira de Melo da Costa Cirne (primeiro lugar); \u201cDensidade e fecundidade de emerita portoricensis (crustacea, hippidae) em duas praias da Para\u00edba sob diferentes condi\u00e7\u00f5es de atividade antr\u00f3picas\u201d, Enelise M. Amado, Otoniel Gon\u00e7alves de Lima, Kamila Amanda Batista da Silva e Tacyana P. R. Oliveira (segundo lugar); e \u201cS\u00edntese do conjugado xilana-\u00e1cido-5-aminossalic\u00edlico como uma alternativa para o tratamento da colite ulcerativa\u201d, Elquio Eleamen Oliveira, Marine Nascimento Lima, Silvana Cartaxo da Costa Urtiga, Filipe de Castro Patr\u00edcio, Camila de Oliveira Melo e Ricardo Ol\u00edmpio de Moura.<\/p>\n<p>O show de talentos do Campus V premiou as estudantes Brunelly Santos (primeiro lugar), Raabe Catarine (segundo lugar) e Maria Eduarda C\u00e2mara (terceiro lugar).<\/p>\n","protected":false},"excerpt":{"rendered":"<p>Ap\u00f3s dois dias com oficinas, palestras, mesas-redondas, exposi\u00e7\u00f5es, mostra cient\u00edfica e atividades culturais nos turnos da manh\u00e3, tarde e noite, foi encerrado, na noite da ter\u00e7a-feira (29), o evento \u201cUEPB Campus V: 11 anos de hist\u00f3ria, conquistas e desafios\u201d. Durante a iniciativa, estudantes, docentes e t\u00e9cnicos-administrativos vinculados aos tr\u00eas cursos de gradua\u00e7\u00e3o, p\u00f3s-gradua\u00e7\u00e3o e N\u00facleo <a class=\"leiamais\" href=\"https:\/\/centros.uepb.edu.br\/ccbsa\/evento-de-11-anos-do-campus-v-e-encerrado-com-premiacao-para-destaques-da-mostra-cientifica-e-atividades-culturais\/\">Leia Mais&#8230;<\/a><\/p>\n","protected":false},"author":8,"featured_media":4365,"comment_status":"closed","ping_status":"closed","sticky":false,"template":"","format":"standard","meta":{"footnotes":""},"categories":[3,11],"tags":[],"class_list":["post-4364","post","type-post","status-publish","format-standard","has-post-thumbnail","hentry","category-noticias","category-noticias-destaque-img"],"jetpack_featured_media_url":"https:\/\/centros.uepb.edu.br\/ccbsa\/files\/2017\/09\/DSC07303.jpg","_links":{"self":[{"href":"https:\/\/centros.uepb.edu.br\/ccbsa\/wp-json\/wp\/v2\/posts\/4364","targetHints":{"allow":["GET"]}}],"collection":[{"href":"https:\/\/centros.uepb.edu.br\/ccbsa\/wp-json\/wp\/v2\/posts"}],"about":[{"href":"https:\/\/centros.uepb.edu.br\/ccbsa\/wp-json\/wp\/v2\/types\/post"}],"author":[{"embeddable":true,"href":"https:\/\/centros.uepb.edu.br\/ccbsa\/wp-json\/wp\/v2\/users\/8"}],"replies":[{"embeddable":true,"href":"https:\/\/centros.uepb.edu.br\/ccbsa\/wp-json\/wp\/v2\/comments?post=4364"}],"version-history":[{"count":0,"href":"https:\/\/centros.uepb.edu.br\/ccbsa\/wp-json\/wp\/v2\/posts\/4364\/revisions"}],"wp:featuredmedia":[{"embeddable":true,"href":"https:\/\/centros.uepb.edu.br\/ccbsa\/wp-json\/wp\/v2\/media\/4365"}],"wp:attachment":[{"href":"https:\/\/centros.uepb.edu.br\/ccbsa\/wp-json\/wp\/v2\/media?parent=4364"}],"wp:term":[{"taxonomy":"category","embeddable":true,"href":"https:\/\/centros.uepb.edu.br\/ccbsa\/wp-json\/wp\/v2\/categories?post=4364"},{"taxonomy":"post_tag","embeddable":true,"href":"https:\/\/centros.uepb.edu.br\/ccbsa\/wp-json\/wp\/v2\/tags?post=4364"}],"curies":[{"name":"wp","href":"https:\/\/api.w.org\/{rel}","templated":true}]}}