{"id":4349,"date":"2017-08-25T18:07:25","date_gmt":"2017-08-25T18:07:25","guid":{"rendered":"https:\/\/centros.uepb.edu.br\/ccbsa\/?p=4349"},"modified":"2017-08-25T18:07:25","modified_gmt":"2017-08-25T18:07:25","slug":"formandos-das-graduacoes-do-campus-v-participam-de-cerimonia-de-colacao-de-grau-do-periodo-letivo-2016-2","status":"publish","type":"post","link":"https:\/\/centros.uepb.edu.br\/ccbsa\/formandos-das-graduacoes-do-campus-v-participam-de-cerimonia-de-colacao-de-grau-do-periodo-letivo-2016-2\/","title":{"rendered":"Formandos das gradua\u00e7\u00f5es do Campus V participam de cerim\u00f4nia de Cola\u00e7\u00e3o de Grau do per\u00edodo letivo 2016.2"},"content":{"rendered":"<p><a href=\"https:\/\/centros.uepb.edu.br\/ccbsa\/files\/2017\/08\/COLA\u00c7\u00c3O-DE-GRAU.jpg\"><img loading=\"lazy\" decoding=\"async\" class=\"aligncenter size-full wp-image-4350 img-responsive\" src=\"https:\/\/centros.uepb.edu.br\/ccbsa\/files\/2017\/08\/COLA\u00c7\u00c3O-DE-GRAU.jpg\" alt=\"\" width=\"840\" height=\"454\" srcset=\"https:\/\/centros.uepb.edu.br\/ccbsa\/files\/2017\/08\/COLA\u00c7\u00c3O-DE-GRAU.jpg 840w, https:\/\/centros.uepb.edu.br\/ccbsa\/files\/2017\/08\/COLA\u00c7\u00c3O-DE-GRAU-300x162.jpg 300w, https:\/\/centros.uepb.edu.br\/ccbsa\/files\/2017\/08\/COLA\u00c7\u00c3O-DE-GRAU-768x415.jpg 768w, https:\/\/centros.uepb.edu.br\/ccbsa\/files\/2017\/08\/COLA\u00c7\u00c3O-DE-GRAU-370x200.jpg 370w\" sizes=\"auto, (max-width: 840px) 100vw, 840px\" \/><\/a><\/p>\n<p>Humildade, amor e determina\u00e7\u00e3o, foram os pilares escolhidos pela paraninfa das turmas concluintes do per\u00edodo letivo 2016.2, para aconselhar os 40 novos profissionais de Arquivologia, Ci\u00eancias Biol\u00f3gicas, Rela\u00e7\u00f5es Internacionais e Geografia, que participaram da cerim\u00f4nia de Cola\u00e7\u00e3o de Grau do per\u00edodo letivo 2016.2 do Campus V da Universidade Estadual da Para\u00edba (UEPB), realizada na tarde desta quinta-feira (24), no audit\u00f3rio do Centro de Forma\u00e7\u00e3o de educadores Professora Elisa Bezerra Mineiros em Mangabeira.<\/p>\n<p>Compuseram a mesa de honra da solenidade o pr\u00f3-reitor de Gradua\u00e7\u00e3o, na ocasi\u00e3o representando o reitor Ant\u00f4nio Guedes Rangel J\u00fanior, Professor Eli Brand\u00e3o; a paraninfa geral das turmas concluintes, professora Ana Paula Maielo; a diretora do Centro de Ci\u00eancias Biol\u00f3gicas e Sociais Aplicadas, professora Jacqueline Echeverr\u00eda Barrancos; o diretor adjunto do CCBSA, professor \u00canio Wocyli Dantas; a coordenadora do Curso de Arquivologia, professora Esmeralda Porf\u00edrio de Sales; o coordenador do curso de Ci\u00eancias Biol\u00f3gicas, professor Cleber Ibraim Salimon e o coordenador do curso de Rela\u00e7\u00f5es Internacionais, professor Filipe Reis Melo.<\/p>\n<p>Na ocasi\u00e3o a paraninfa Ana Paula Maielo fez um discurso emocionado balizado por . \u201cMe emocionei em v\u00e1rias ocasi\u00f5es com palavras e abra\u00e7os dos alunos nos corredores; com mensagens pelo telefone e por correio eletr\u00f4nico de alunos agradecendo a minha dedica\u00e7\u00e3o e reconhecendo a seriedade do meu trabalho, e, agora, com a not\u00edcia de que eu serei a paraninfa. Enfim, posso dizer que tenho tido muitos momentos especiais e emocionantes na UEPB. Sentir que os alunos respondem positivamente aos meus prop\u00f3sitos enquanto educadora, com certeza \u00e9 a minha maior conquista, muito mais do que t\u00edtulos, publica\u00e7\u00f5es ou premia\u00e7\u00f5es que eventualmente recebemos\u201d, avaliou a docente.<\/p>\n<p>Os formandos Michele da Silva Andrade (Arquivologia), Brenda Martins Gab\u00ednio (Ci\u00eancias Biol\u00f3gicas), Edith Larissa Rodrigues do Rego Souza (Rela\u00e7\u00f5es Internacionais) e Roberto L\u00facio de Albuquerque (Licenciatura em Geografia), para colar grau representando os demais concluintes. A formanda B\u00e1rbara Carvalho Diniz, do curso de Arquivologia, ser\u00e1 a juramentista. E a paraninfa das turmas concluintes ser\u00e1 a professora do curso de Rela\u00e7\u00f5es Internacionais Ana Paula Maielo.<\/p>\n<p><em><strong>Texto:<\/strong> Juliana Marques<\/em><\/p>\n<p><em><strong>Fotos:<\/strong> Pazinha Lemos<\/em><\/p>\n","protected":false},"excerpt":{"rendered":"<p>Humildade, amor e determina\u00e7\u00e3o, foram os pilares escolhidos pela paraninfa das turmas concluintes do per\u00edodo letivo 2016.2, para aconselhar os 40 novos profissionais de Arquivologia, Ci\u00eancias Biol\u00f3gicas, Rela\u00e7\u00f5es Internacionais e Geografia, que participaram da cerim\u00f4nia de Cola\u00e7\u00e3o de Grau do per\u00edodo letivo 2016.2 do Campus V da Universidade Estadual da Para\u00edba (UEPB), realizada na tarde <a class=\"leiamais\" href=\"https:\/\/centros.uepb.edu.br\/ccbsa\/formandos-das-graduacoes-do-campus-v-participam-de-cerimonia-de-colacao-de-grau-do-periodo-letivo-2016-2\/\">Leia Mais&#8230;<\/a><\/p>\n","protected":false},"author":8,"featured_media":4350,"comment_status":"closed","ping_status":"closed","sticky":false,"template":"","format":"standard","meta":{"footnotes":""},"categories":[3,11],"tags":[],"class_list":["post-4349","post","type-post","status-publish","format-standard","has-post-thumbnail","hentry","category-noticias","category-noticias-destaque-img"],"jetpack_featured_media_url":"https:\/\/centros.uepb.edu.br\/ccbsa\/files\/2017\/08\/COLA\u00c7\u00c3O-DE-GRAU.jpg","_links":{"self":[{"href":"https:\/\/centros.uepb.edu.br\/ccbsa\/wp-json\/wp\/v2\/posts\/4349","targetHints":{"allow":["GET"]}}],"collection":[{"href":"https:\/\/centros.uepb.edu.br\/ccbsa\/wp-json\/wp\/v2\/posts"}],"about":[{"href":"https:\/\/centros.uepb.edu.br\/ccbsa\/wp-json\/wp\/v2\/types\/post"}],"author":[{"embeddable":true,"href":"https:\/\/centros.uepb.edu.br\/ccbsa\/wp-json\/wp\/v2\/users\/8"}],"replies":[{"embeddable":true,"href":"https:\/\/centros.uepb.edu.br\/ccbsa\/wp-json\/wp\/v2\/comments?post=4349"}],"version-history":[{"count":0,"href":"https:\/\/centros.uepb.edu.br\/ccbsa\/wp-json\/wp\/v2\/posts\/4349\/revisions"}],"wp:featuredmedia":[{"embeddable":true,"href":"https:\/\/centros.uepb.edu.br\/ccbsa\/wp-json\/wp\/v2\/media\/4350"}],"wp:attachment":[{"href":"https:\/\/centros.uepb.edu.br\/ccbsa\/wp-json\/wp\/v2\/media?parent=4349"}],"wp:term":[{"taxonomy":"category","embeddable":true,"href":"https:\/\/centros.uepb.edu.br\/ccbsa\/wp-json\/wp\/v2\/categories?post=4349"},{"taxonomy":"post_tag","embeddable":true,"href":"https:\/\/centros.uepb.edu.br\/ccbsa\/wp-json\/wp\/v2\/tags?post=4349"}],"curies":[{"name":"wp","href":"https:\/\/api.w.org\/{rel}","templated":true}]}}