{"id":4346,"date":"2017-08-25T12:02:41","date_gmt":"2017-08-25T12:02:41","guid":{"rendered":"https:\/\/centros.uepb.edu.br\/ccbsa\/?p=4346"},"modified":"2017-08-25T12:02:41","modified_gmt":"2017-08-25T12:02:41","slug":"comissao-cientifica-divulga-lista-final-de-trabalhos-para-mostra-cientifica-do-campus-v","status":"publish","type":"post","link":"https:\/\/centros.uepb.edu.br\/ccbsa\/comissao-cientifica-divulga-lista-final-de-trabalhos-para-mostra-cientifica-do-campus-v\/","title":{"rendered":"Comiss\u00e3o cient\u00edfica divulga lista final de trabalhos para Mostra Cient\u00edfica do Campus V"},"content":{"rendered":"<p>A comiss\u00e3o cient\u00edfica da 6\u00aa Mostra de Ensino, Pesquisa e Extens\u00e3o do Campus V da Universidade Estadual da Para\u00edba, que integra a programa\u00e7\u00e3o do evento\u00a0\u201cUEPB Campus V: 11 anos de hist\u00f3ria, conquistas e desafios\u201d. divulgou, nesta quinta-feira (24), a lista final os resumos aprovados para a exposi\u00e7\u00e3o de p\u00f4steres que ser\u00e1 realizada no dia 29 de agosto das 8h30 \u00e0s 12h, nos corredores do Centro de Ci\u00eancias Biol\u00f3gicas e Sociais Aplicadas.<\/p>\n<p>Ao todo foram\u00a042 trabalhos inscritos sendo 5 trabalhos na \u00e1rea de\u00a0ensino\/monitoria; 15 trabalhos na modalidade de extens\u00e3o e 22 trabalhos de pesquisa. Os melhores trabalhos de cada categoria ser\u00e3o premiados e recebem certificados na noite do dia 29 de agosto, quando ocorrer\u00e1 a cerim\u00f4nia de premia\u00e7\u00e3o.<\/p>\n<p>A Comiss\u00e3o Julgadora dos trabalhos apresentados contar\u00e1 com a presen\u00e7a de quatro professoras externas vinculadas ao Instituto Federal da Para\u00edba (IFPB), \u00e0 Universidade Federal da Para\u00edba (UFPB) e \u00e0 Universidade Federal Rural de Pernambuco (UFRPE); os outros dois membros dessa Comiss\u00e3o s\u00e3o professores da Universidade Estadual da Para\u00edba (UEPB). A emiss\u00e3o de certificados estar\u00e1 condicionada \u00e0 efetiva participa\u00e7\u00e3o dos autores nas apresenta\u00e7\u00f5es.<\/p>\n<p>Al\u00e9m da mostra cient\u00edfica, o evento de anivers\u00e1rio do CCBSA contar\u00e1 com com palestras, oficinas, show de talentos, mesa-redonda, semin\u00e1rio, mostra de artes\u00e3s do bairro do Cristo e Pres\u00eddio Bom Pastor e de cord\u00e9is e exposi\u00e7\u00e3o fotogr\u00e1fica do acervo do Campus V. Tamb\u00e9m integram a [wpfilebase tag=fileurl id=255 linktext=&#8217;programa\u00e7\u00e3o&#8217; \/] apresenta\u00e7\u00f5es culturais com grupos formados por discentes e docentes do CCBSA, o conjunto de Ballet da UEPB, o grupo de ciranda e coco de roda \u201cV\u00f3 Mera e seus Netinhos\u201d, a Banda Pau de Dar em Doido e o Programa de Inclus\u00e3o Social Atrav\u00e9s da M\u00fasica e das Artes (Prima) da Secretaria de Cultura do Governo do Estado da Para\u00edba.<\/p>\n<p>Tamb\u00e9m integram a programa\u00e7\u00e3o do evento as oficinas: \u201cInterc\u00e2mbio Cultural: Pa\u00edses, experi\u00eancia e dicas\u201d, a ser ministrada pela Coordenadoria de Rela\u00e7\u00f5es Internacionais (CoRI) da UEPB, com a participa\u00e7\u00e3o de estudantes intercambistas do CCBSA, que apresentar\u00e3o relatos de experi\u00eancias, com 110 vagas; \u201cAspectos lingu\u00edsticos e culturais em franc\u00eas: como sobreviver em viagens internacionais\u201d e \u201cAspectos lingu\u00edsticos e culturais em espanhol: como sobreviver em viagens internacionais\u201d, com 20 vagas cada, \u201cAspectos lingu\u00edsticos e culturais em ingl\u00eas: como sobreviver em viagens internacionais\u201d, com 55 vagas e \u201cLinguagem em uso: um passeio cultural pela diversidade lingu\u00edstica paraibana\u201d, com 15 vagas.<\/p>\n<p>E ainda, \u201cDescomplica TCC\u201d, que ser\u00e1 ministrado pelas professoras Alzira Karla, da UFPB e Claudialyne Ara\u00fajo, da UEPB, abordando as normas para a elabora\u00e7\u00e3o de trabalhos acad\u00eamicos, com um total de 110 vagas; e \u201cDom Quixote\u201d, que ser\u00e1 ministrado pelo professor do curso de Rela\u00e7\u00f5es Internacionais J\u00falio Cabrera, com 15 vagas. As inscri\u00e7\u00f5es para as oficinas podem ser realizadas na plataforma de inscri\u00e7\u00f5es via Internet:\u00a0<a href=\"https:\/\/www.even3.com.br\/ccbsa11anos\">https:\/\/www.even3.com.br\/ccbsa11anos<\/a>.<\/p>\n<p>Os estudantes vinculados aos cursos de gradua\u00e7\u00e3o, p\u00f3s-gradua\u00e7\u00e3o e N\u00facleo de L\u00ednguas, docentes e t\u00e9cnicos-administrativos (ativos, afastados e aposentados) do Campus V tamb\u00e9m ter\u00e3o um espa\u00e7o para demonstrar seus talentos art\u00edsticos durante a mostra de talentos que ocorrer\u00e1 no dia 29 de agosto, das 18h30 \u00e0s 20h, no Hall de Viv\u00eancia do CCBSA, em frente a biblioteca.<\/p>\n<p>Os interessados em participar devem escolher uma das categorias (canto, dan\u00e7a ou teatro), para apresenta\u00e7\u00f5es individuais ou em grupo (devendo pelo menos um dos inscritos ser da comunidade acad\u00eamica do CCBSA), preencher a ficha de inscri\u00e7\u00e3o, presencialmente, de segunda \u00e0 sexta, das 7h30 \u00e0s 19h30, na secretaria do CCBSA. Todos os participantes receber\u00e3o diplomas de participa\u00e7\u00e3o e os dois primeiros lugares ser\u00e3o contemplados com pr\u00eamios a serem definidos posteriormente.<\/p>\n<p>Os participantes do evento tamb\u00e9m est\u00e3o convidados a colaborar com a doa\u00e7\u00e3o de alimentos n\u00e3o perec\u00edveis (arroz, feij\u00e3o, macarr\u00e3o, cuscuz, leite de soja, leite sem lactose, suco de caju de garrafa, ado\u00e7ante, caf\u00e9), produtos de higiene pessoal (shampoo, condicionador, col\u00f4nia, barbeador, creme de barbear), roupas e cobertores que ser\u00e3o doados, ap\u00f3s o evento, para institui\u00e7\u00f5es beneficentes, a exemplo da Vila Vicentina J\u00falia Freire, que \u00e9 parceira de alguns projetos do Campus V e atualmente encontra-se com dificuldades de manuten\u00e7\u00e3o. Os pontos de arrecada\u00e7\u00e3o ser\u00e3o na entrada do audit\u00f3rio Pioneiros e na secretaria do CCBSA.<\/p>\n<p><a href=\"https:\/\/centros.uepb.edu.br\/ccbsa\/files\/2017\/08\/material-2.jpg\"><img loading=\"lazy\" decoding=\"async\" class=\"aligncenter size-full wp-image-4330 img-responsive img-responsive\" src=\"https:\/\/centros.uepb.edu.br\/ccbsa\/files\/2017\/08\/material-2.jpg\" alt=\"\" width=\"840\" height=\"454\" srcset=\"https:\/\/centros.uepb.edu.br\/ccbsa\/files\/2017\/08\/material-2.jpg 840w, https:\/\/centros.uepb.edu.br\/ccbsa\/files\/2017\/08\/material-2-300x162.jpg 300w, https:\/\/centros.uepb.edu.br\/ccbsa\/files\/2017\/08\/material-2-768x415.jpg 768w, https:\/\/centros.uepb.edu.br\/ccbsa\/files\/2017\/08\/material-2-370x200.jpg 370w\" sizes=\"auto, (max-width: 840px) 100vw, 840px\" \/><\/a><\/p>\n<p><strong>Biotalk: recep\u00e7\u00e3o de calouros de Ci\u00eancias Biol\u00f3gicas<\/strong><\/p>\n<p>O Centro Acad\u00eamico Vez e Voz, do curso de Ci\u00eancias Biol\u00f3gicas do Campus V da UEPB,com o apoio da coordena\u00e7\u00e3o do curso e dire\u00e7\u00e3o do centro de Ci\u00eancias biol\u00f3gicas e Sociais Aplicadas promove, na quarta-feira, 30 de agosto, nos turnos da manh\u00e3 e tarde, no audit\u00f3rio Pioneiros, o evento \u201cBiotalk\u201d, voltado aos calouros do per\u00edodo letivo 2017.1.<\/p>\n<p>O evento contar\u00e1 com palestras e minicursos que abordar\u00e3o o mercado de trabalho e a vida acad\u00eamica do bi\u00f3logo, Biologia Molecular, o futuro da \u00e1rea, plantas carn\u00edvoras, microscopia eletr\u00f4nica, desseca\u00e7\u00e3o e prepara\u00e7\u00e3o de pe\u00e7as osteol\u00f3gicas e o estudo de collembola. Todas as atividades s\u00e3o gratuitas e com inscri\u00e7\u00f5es feitas \u00e0s 8h30, no local do evento.<\/p>\n<p>Acesse aqui os [wpfilebase tag=fileurl id=254 linktext=&#8217;resumos aprovados&#8217; \/], as [wpfilebase tag=fileurl id=252 linktext=&#8217;regras para confec\u00e7\u00e3o de p\u00f4ster&#8217; \/], o [wpfilebase tag=fileurl id=251 linktext=&#8217;modelo de p\u00f4ster&#8217; \/] e [wpfilebase tag=fileurl id=249 linktext=&#8217;comunicado da comiss\u00e3o organizadora&#8217; \/].<\/p>\n","protected":false},"excerpt":{"rendered":"<p>A comiss\u00e3o cient\u00edfica da 6\u00aa Mostra de Ensino, Pesquisa e Extens\u00e3o do Campus V da Universidade Estadual da Para\u00edba, que integra a programa\u00e7\u00e3o do evento\u00a0\u201cUEPB Campus V: 11 anos de hist\u00f3ria, conquistas e desafios\u201d. divulgou, nesta quinta-feira (24), a lista final os resumos aprovados para a exposi\u00e7\u00e3o de p\u00f4steres que ser\u00e1 realizada no dia 29 <a class=\"leiamais\" href=\"https:\/\/centros.uepb.edu.br\/ccbsa\/comissao-cientifica-divulga-lista-final-de-trabalhos-para-mostra-cientifica-do-campus-v\/\">Leia Mais&#8230;<\/a><\/p>\n","protected":false},"author":8,"featured_media":4284,"comment_status":"closed","ping_status":"closed","sticky":false,"template":"","format":"standard","meta":{"footnotes":""},"categories":[3,11],"tags":[],"class_list":["post-4346","post","type-post","status-publish","format-standard","has-post-thumbnail","hentry","category-noticias","category-noticias-destaque-img"],"jetpack_featured_media_url":"https:\/\/centros.uepb.edu.br\/ccbsa\/files\/2017\/08\/arte-digital-11-anos-01-1.jpg","_links":{"self":[{"href":"https:\/\/centros.uepb.edu.br\/ccbsa\/wp-json\/wp\/v2\/posts\/4346","targetHints":{"allow":["GET"]}}],"collection":[{"href":"https:\/\/centros.uepb.edu.br\/ccbsa\/wp-json\/wp\/v2\/posts"}],"about":[{"href":"https:\/\/centros.uepb.edu.br\/ccbsa\/wp-json\/wp\/v2\/types\/post"}],"author":[{"embeddable":true,"href":"https:\/\/centros.uepb.edu.br\/ccbsa\/wp-json\/wp\/v2\/users\/8"}],"replies":[{"embeddable":true,"href":"https:\/\/centros.uepb.edu.br\/ccbsa\/wp-json\/wp\/v2\/comments?post=4346"}],"version-history":[{"count":0,"href":"https:\/\/centros.uepb.edu.br\/ccbsa\/wp-json\/wp\/v2\/posts\/4346\/revisions"}],"wp:featuredmedia":[{"embeddable":true,"href":"https:\/\/centros.uepb.edu.br\/ccbsa\/wp-json\/wp\/v2\/media\/4284"}],"wp:attachment":[{"href":"https:\/\/centros.uepb.edu.br\/ccbsa\/wp-json\/wp\/v2\/media?parent=4346"}],"wp:term":[{"taxonomy":"category","embeddable":true,"href":"https:\/\/centros.uepb.edu.br\/ccbsa\/wp-json\/wp\/v2\/categories?post=4346"},{"taxonomy":"post_tag","embeddable":true,"href":"https:\/\/centros.uepb.edu.br\/ccbsa\/wp-json\/wp\/v2\/tags?post=4346"}],"curies":[{"name":"wp","href":"https:\/\/api.w.org\/{rel}","templated":true}]}}