{"id":434,"date":"2013-07-12T14:38:33","date_gmt":"2013-07-12T14:38:33","guid":{"rendered":"\/ccbsa\/?p=434"},"modified":"2013-07-12T14:38:33","modified_gmt":"2013-07-12T14:38:33","slug":"docente-de-ri-avalia-atuacao-na-diretoria-da-associacao-brasileira-de-relacoes-internacionais","status":"publish","type":"post","link":"https:\/\/centros.uepb.edu.br\/ccbsa\/docente-de-ri-avalia-atuacao-na-diretoria-da-associacao-brasileira-de-relacoes-internacionais\/","title":{"rendered":"Docente de RI avalia atua\u00e7\u00e3o na diretoria da Associa\u00e7\u00e3o Brasileira de Rela\u00e7\u00f5es Internacionais"},"content":{"rendered":"<p>Com a cria\u00e7\u00e3o da gradua\u00e7\u00e3o e p\u00f3s-gradua\u00e7\u00e3o em Rela\u00e7\u00f5es Internacionais da Universidade Estadual da Para\u00edba e posteriormente a solidifica\u00e7\u00e3o e reconhecimento destas forma\u00e7\u00f5es nacionalmente, a UEPB tem atuado em diversas iniciativas com o envolvimento de pesquisadores conceituados da \u00e1rea, colaborando na constru\u00e7\u00e3o de pol\u00edticas nacionais e internacionais que possam solidificar esse campo do conhecimento.<\/p>\n<p>Desde 2011, a institui\u00e7\u00e3o conta com um de seus docentes, o professor de RI, Carlos Enrique Ruiz Ferreira, integrando a diretoria executiva da Associa\u00e7\u00e3o Brasileira de Rela\u00e7\u00f5es Internacionais (ABRI), gest\u00e3o 2011-2013, uma forma de reconhecimento aos cursos e \u00e0 produ\u00e7\u00e3o da UEPB na \u00e1rea de Rela\u00e7\u00f5es Internacionais.<\/p>\n<p>A ABRI ter\u00e1 uma nova elei\u00e7\u00e3o para a diretoria da Associa\u00e7\u00e3o para o per\u00edodo\u00a0 2013-2015, durante o 4\u00ba Encontro Nacional da Associa\u00e7\u00e3o Brasileira de Rela\u00e7\u00f5es Internacionais (ABRI), que ser\u00e1 realizado, em Belo Horizonte, no Campus da PUC Minas, entre os dias 23 a 26 de julho de 2013. Mais uma vez o professor Carlos Enrique integra a chapa \u00fanica que se candidatou ao pleito e dever\u00e1 ser reconduzida \u00e0 dire\u00e7\u00e3o da Associa\u00e7\u00e3o.<\/p>\n<p>De acordo com o professor Carlos Enrique uma das quest\u00f5es primordiais conquistadas pela ABRI recentemente, foi a constru\u00e7\u00e3o das diretrizes curriculares nacionais para os cursos de Rela\u00e7\u00f5es Internacionais. Para tanto foram realizados diversos encontros e debates, com a participa\u00e7\u00e3o do coordenador adjunto da gradua\u00e7\u00e3o em Rela\u00e7\u00f5es Internacionais da UEPB, professor Filipe Reis, e representantes das principais universidades do pa\u00eds com forma\u00e7\u00f5es na \u00e1rea.<\/p>\n<p>\u201cCom essas diretrizes curriculares a nossa \u00e1rea ter\u00e1 uma identidade pr\u00f3pria, passamos a ter um marco legal e unificar o conte\u00fado b\u00e1sico dos nossos cursos. Com rela\u00e7\u00e3o \u00e0 UEPB destacamos que a nossa grade curricular est\u00e1 em conson\u00e2ncia com as diretrizes criadas. Enfim, agora \u00e9 aguardar a decis\u00e3o do MEC para oficializar essa unifica\u00e7\u00e3o\u201d, explica o professor Carlos Enrique.<\/p>\n<p>O docente da UEPB enfatiza ainda que a cria\u00e7\u00e3o da Federa\u00e7\u00e3o Latino-Americana de Estudos Internacionais (FLAEI), que possui a atribui\u00e7\u00e3o de promover o di\u00e1logo e a coopera\u00e7\u00e3o entre as associa\u00e7\u00f5es, fortalecendo, assim, os estudos e os cursos de gradua\u00e7\u00e3o e p\u00f3s-gradua\u00e7\u00e3o em Rela\u00e7\u00f5es Internacionais na Am\u00e9rica Latina, tamb\u00e9m \u00e9 uma conquista da ABRI.<\/p>\n<p>Uma das quest\u00f5es que ainda est\u00e3o sendo discutidas pela associa\u00e7\u00e3o \u00e9 a autonomia da \u00e1rea de Rela\u00e7\u00f5es Internacionais no que concerne \u00e0 avalia\u00e7\u00e3o dos cursos em todo o pa\u00eds. A ABRI negocia junto com os representantes da \u00e1rea de Ci\u00eancias Pol\u00edtica a cria\u00e7\u00e3o de um comit\u00ea pr\u00f3prio de Rela\u00e7\u00f5es Internacionais, vinculado ao MEC, para avaliar as forma\u00e7\u00f5es na \u00e1rea, uma vez que est\u00e1 aumentando o n\u00famero de cursos de Rela\u00e7\u00f5es Internacionais no Brasil a cada dia, o que sobrecarrega o comit\u00ea de ci\u00eancia pol\u00edtica e RI que atualmente \u00e9 respons\u00e1vel por essa atribui\u00e7\u00e3o.<\/p>\n<p>Outras informa\u00e7\u00f5es: www.abri.org.br\/<\/p>\n","protected":false},"excerpt":{"rendered":"<p>Com a cria\u00e7\u00e3o da gradua\u00e7\u00e3o e p\u00f3s-gradua\u00e7\u00e3o em Rela\u00e7\u00f5es Internacionais da Universidade Estadual da Para\u00edba e posteriormente a solidifica\u00e7\u00e3o e reconhecimento destas forma\u00e7\u00f5es nacionalmente, a UEPB tem atuado em diversas iniciativas com o envolvimento de pesquisadores conceituados da \u00e1rea, colaborando na constru\u00e7\u00e3o de pol\u00edticas nacionais e internacionais que possam solidificar esse campo do conhecimento. Desde <a class=\"leiamais\" href=\"https:\/\/centros.uepb.edu.br\/ccbsa\/docente-de-ri-avalia-atuacao-na-diretoria-da-associacao-brasileira-de-relacoes-internacionais\/\">Leia Mais&#8230;<\/a><\/p>\n","protected":false},"author":8,"featured_media":0,"comment_status":"open","ping_status":"open","sticky":false,"template":"","format":"standard","meta":{"footnotes":""},"categories":[3,5],"tags":[],"class_list":["post-434","post","type-post","status-publish","format-standard","hentry","category-noticias","category-visiveis"],"jetpack_featured_media_url":"","_links":{"self":[{"href":"https:\/\/centros.uepb.edu.br\/ccbsa\/wp-json\/wp\/v2\/posts\/434","targetHints":{"allow":["GET"]}}],"collection":[{"href":"https:\/\/centros.uepb.edu.br\/ccbsa\/wp-json\/wp\/v2\/posts"}],"about":[{"href":"https:\/\/centros.uepb.edu.br\/ccbsa\/wp-json\/wp\/v2\/types\/post"}],"author":[{"embeddable":true,"href":"https:\/\/centros.uepb.edu.br\/ccbsa\/wp-json\/wp\/v2\/users\/8"}],"replies":[{"embeddable":true,"href":"https:\/\/centros.uepb.edu.br\/ccbsa\/wp-json\/wp\/v2\/comments?post=434"}],"version-history":[{"count":0,"href":"https:\/\/centros.uepb.edu.br\/ccbsa\/wp-json\/wp\/v2\/posts\/434\/revisions"}],"wp:attachment":[{"href":"https:\/\/centros.uepb.edu.br\/ccbsa\/wp-json\/wp\/v2\/media?parent=434"}],"wp:term":[{"taxonomy":"category","embeddable":true,"href":"https:\/\/centros.uepb.edu.br\/ccbsa\/wp-json\/wp\/v2\/categories?post=434"},{"taxonomy":"post_tag","embeddable":true,"href":"https:\/\/centros.uepb.edu.br\/ccbsa\/wp-json\/wp\/v2\/tags?post=434"}],"curies":[{"name":"wp","href":"https:\/\/api.w.org\/{rel}","templated":true}]}}