{"id":4329,"date":"2017-08-23T17:04:15","date_gmt":"2017-08-23T17:04:15","guid":{"rendered":"https:\/\/centros.uepb.edu.br\/ccbsa\/?p=4329"},"modified":"2017-08-23T17:05:29","modified_gmt":"2017-08-23T17:05:29","slug":"campus-v-da-uepb-celebra-11-anos-de-fundacao-com-mostra-cientifica-e-programacao-cultural-abertas-a-comunidade","status":"publish","type":"post","link":"https:\/\/centros.uepb.edu.br\/ccbsa\/campus-v-da-uepb-celebra-11-anos-de-fundacao-com-mostra-cientifica-e-programacao-cultural-abertas-a-comunidade\/","title":{"rendered":"Campus V da UEPB celebra 11 anos de funda\u00e7\u00e3o com mostra cient\u00edfica e programa\u00e7\u00e3o cultural abertas \u00e0 comunidade"},"content":{"rendered":"<p><a href=\"https:\/\/centros.uepb.edu.br\/ccbsa\/files\/2017\/08\/arte-digital-11-anos-01-1.jpg\"><img loading=\"lazy\" decoding=\"async\" class=\"aligncenter size-full wp-image-4284 img-responsive\" src=\"https:\/\/centros.uepb.edu.br\/ccbsa\/files\/2017\/08\/arte-digital-11-anos-01-1.jpg\" alt=\"\" width=\"840\" height=\"454\" srcset=\"https:\/\/centros.uepb.edu.br\/ccbsa\/files\/2017\/08\/arte-digital-11-anos-01-1.jpg 840w, https:\/\/centros.uepb.edu.br\/ccbsa\/files\/2017\/08\/arte-digital-11-anos-01-1-300x162.jpg 300w, https:\/\/centros.uepb.edu.br\/ccbsa\/files\/2017\/08\/arte-digital-11-anos-01-1-768x415.jpg 768w, https:\/\/centros.uepb.edu.br\/ccbsa\/files\/2017\/08\/arte-digital-11-anos-01-1-370x200.jpg 370w\" sizes=\"auto, (max-width: 840px) 100vw, 840px\" \/><\/a><\/p>\n<p>Com o objetivo de apresentar \u00e0 comunidade acad\u00eamica e \u00e0 sociedade pessoense os diversos projetos e atividades realizadas no Campus V, proporcionar momentos de reflex\u00e3o sobre a trajet\u00f3ria de conquistas e desafios vivenciados ao londo dos 11 anos desde que foi criado, e oportunizar a confraterniza\u00e7\u00e3o entre os diversos p\u00fablicos que comp\u00f5em o Centro de Ci\u00eancias Biol\u00f3gicas e Sociais Aplicadas (CCBSA) da Universidade Estadual da Para\u00edba (UEPB), a dire\u00e7\u00e3o do CCBSA promove, nos dias 28 e 29 de agosto, nos tr\u00eas turnos, o evento \u201cUEPB Campus V: 11 anos de hist\u00f3ria, conquistas e desafios\u201d.<\/p>\n<p>O evento contar\u00e1 com palestras, oficinas, mostra de trabalhos acad\u00eamicos nas categorias ensino\/monitoria, pesquisa e extens\u00e3o, show de talentos, mesa-redonda, semin\u00e1rio, mostra de artes\u00e3s do bairro do Cristo e Pres\u00eddio Bom Pastor e de cord\u00e9is e exposi\u00e7\u00e3o fotogr\u00e1fica do acervo do Campus V. Tamb\u00e9m integram a [wpfilebase tag=fileurl id=247 linktext=&#8217;programa\u00e7\u00e3o&#8217; \/] apresenta\u00e7\u00f5es culturais com grupos formados por discentes e docentes do CCBSA, o conjunto de Ballet da UEPB, o grupo de ciranda e coco de roda \u201cV\u00f3 Mera e seus Netinhos\u201d, a Banda Pau de Dar em Doido e o Programa de Inclus\u00e3o Social Atrav\u00e9s da M\u00fasica e das Artes (Prima) da Secretaria de Cultura do Governo do Estado da Para\u00edba.<\/p>\n<p>Tamb\u00e9m integram a programa\u00e7\u00e3o do evento as oficinas: \u201cInterc\u00e2mbio Cultural: Pa\u00edses, experi\u00eancia e dicas\u201d, a ser ministrada pela Coordenadoria de Rela\u00e7\u00f5es Internacionais (CoRI) da UEPB, com a participa\u00e7\u00e3o de estudantes intercambistas do CCBSA, que apresentar\u00e3o relatos de experi\u00eancias, com 110 vagas; \u201cAspectos lingu\u00edsticos e culturais em franc\u00eas: como sobreviver em viagens internacionais\u201d e \u201cAspectos lingu\u00edsticos e culturais em espanhol: como sobreviver em viagens internacionais\u201d, com 20 vagas cada, \u201cAspectos lingu\u00edsticos e culturais em ingl\u00eas: como sobreviver em viagens internacionais\u201d, com 55 vagas e \u201cLinguagem em uso: um passeio cultural pela diversidade lingu\u00edstica paraibana\u201d, com 15 vagas.<\/p>\n<p>E ainda, \u201cDescomplica TCC\u201d, que ser\u00e1 ministrado pelas professoras Alzira Karla, da UFPB e Claudialyne Ara\u00fajo, da UEPB, abordando as normas para a elabora\u00e7\u00e3o de trabalhos acad\u00eamicos, com um total de 110 vagas; e \u201cDom Quixote\u201d, que ser\u00e1 ministrado pelo professor do curso de Rela\u00e7\u00f5es Internacionais J\u00falio Cabrera, com 15 vagas. As inscri\u00e7\u00f5es para as oficinas podem ser realizadas na plataforma de inscri\u00e7\u00f5es via Internet: <a href=\"https:\/\/www.even3.com.br\/ccbsa11anos\">https:\/\/www.even3.com.br\/ccbsa11anos<\/a>.<\/p>\n<p>Al\u00e9m das atividades cient\u00edficas, os estudantes vinculados aos cursos de gradua\u00e7\u00e3o, p\u00f3s-gradua\u00e7\u00e3o e N\u00facleo de L\u00ednguas, docentes e t\u00e9cnicos-administrativos (ativos, afastados e aposentados) do Campus V ter\u00e3o um espa\u00e7o para demonstrar seus talentos art\u00edsticos durante a mostra de talentos que ocorrer\u00e1 no dia 29 de agosto, das 18h30 \u00e0s 20h, no Hall de Viv\u00eancia do CCBSA, em frente a biblioteca.<\/p>\n<p>Os interessados em participar devem escolher uma das categorias (canto, dan\u00e7a ou teatro), para apresenta\u00e7\u00f5es individuais ou em grupo (devendo pelo menos um dos inscritos ser da comunidade acad\u00eamica do CCBSA), preencher a ficha de inscri\u00e7\u00e3o e encaminh\u00e1-la via e-mail (campusv@uepb.edu.br) ou presencialmente, de segunda \u00e0 sexta, das 7h30 \u00e0s 19h30, na secretaria do CCBSA. Todos os participantes receber\u00e3o diplomas de participa\u00e7\u00e3o e os dois primeiros lugares ser\u00e3o contemplados com pr\u00eamios a serem definidos posteriormente.<\/p>\n<p><a href=\"https:\/\/centros.uepb.edu.br\/ccbsa\/files\/2017\/08\/material-2.jpg\"><img loading=\"lazy\" decoding=\"async\" class=\"aligncenter size-full wp-image-4330 img-responsive\" src=\"https:\/\/centros.uepb.edu.br\/ccbsa\/files\/2017\/08\/material-2.jpg\" alt=\"\" width=\"840\" height=\"454\" srcset=\"https:\/\/centros.uepb.edu.br\/ccbsa\/files\/2017\/08\/material-2.jpg 840w, https:\/\/centros.uepb.edu.br\/ccbsa\/files\/2017\/08\/material-2-300x162.jpg 300w, https:\/\/centros.uepb.edu.br\/ccbsa\/files\/2017\/08\/material-2-768x415.jpg 768w, https:\/\/centros.uepb.edu.br\/ccbsa\/files\/2017\/08\/material-2-370x200.jpg 370w\" sizes=\"auto, (max-width: 840px) 100vw, 840px\" \/><\/a><\/p>\n<p><strong>Biotalk: recep\u00e7\u00e3o de calouros de Ci\u00eancias Biol\u00f3gicas<\/strong><\/p>\n<p>O Centro Acad\u00eamico Vez e Voz, do curso de Ci\u00eancias Biol\u00f3gicas do Campus V da UEPB,com o apoio da coordena\u00e7\u00e3o do curso e dire\u00e7\u00e3o do centro de Ci\u00eancias biol\u00f3gicas e Sociais Aplicadas promove, na quarta-feira, 30 de agosto, nos turnos da manh\u00e3 e tarde, no audit\u00f3rio Pioneiros, o evento \u201cBiotalk\u201d, voltado aos calouros do per\u00edodo letivo 2017.1.<\/p>\n<p>O evento contar\u00e1 com palestras e minicursos que abordar\u00e3o o mercado de trabalho e a vida acad\u00eamica do bi\u00f3logo, Biologia Molecular, o futuro da \u00e1rea, plantas carn\u00edvoras, microscopia eletr\u00f4nica, desseca\u00e7\u00e3o e prepara\u00e7\u00e3o de pe\u00e7as osteol\u00f3gicas e o estudo de collembola. Todas as atividades s\u00e3o gratuitas e com inscri\u00e7\u00f5es feitas \u00e0s 8h30, no local do evento.<\/p>\n","protected":false},"excerpt":{"rendered":"<p>Com o objetivo de apresentar \u00e0 comunidade acad\u00eamica e \u00e0 sociedade pessoense os diversos projetos e atividades realizadas no Campus V, proporcionar momentos de reflex\u00e3o sobre a trajet\u00f3ria de conquistas e desafios vivenciados ao londo dos 11 anos desde que foi criado, e oportunizar a confraterniza\u00e7\u00e3o entre os diversos p\u00fablicos que comp\u00f5em o Centro de <a class=\"leiamais\" href=\"https:\/\/centros.uepb.edu.br\/ccbsa\/campus-v-da-uepb-celebra-11-anos-de-fundacao-com-mostra-cientifica-e-programacao-cultural-abertas-a-comunidade\/\">Leia Mais&#8230;<\/a><\/p>\n","protected":false},"author":8,"featured_media":4284,"comment_status":"closed","ping_status":"closed","sticky":false,"template":"","format":"standard","meta":{"footnotes":""},"categories":[3,11],"tags":[],"class_list":["post-4329","post","type-post","status-publish","format-standard","has-post-thumbnail","hentry","category-noticias","category-noticias-destaque-img"],"jetpack_featured_media_url":"https:\/\/centros.uepb.edu.br\/ccbsa\/files\/2017\/08\/arte-digital-11-anos-01-1.jpg","_links":{"self":[{"href":"https:\/\/centros.uepb.edu.br\/ccbsa\/wp-json\/wp\/v2\/posts\/4329","targetHints":{"allow":["GET"]}}],"collection":[{"href":"https:\/\/centros.uepb.edu.br\/ccbsa\/wp-json\/wp\/v2\/posts"}],"about":[{"href":"https:\/\/centros.uepb.edu.br\/ccbsa\/wp-json\/wp\/v2\/types\/post"}],"author":[{"embeddable":true,"href":"https:\/\/centros.uepb.edu.br\/ccbsa\/wp-json\/wp\/v2\/users\/8"}],"replies":[{"embeddable":true,"href":"https:\/\/centros.uepb.edu.br\/ccbsa\/wp-json\/wp\/v2\/comments?post=4329"}],"version-history":[{"count":0,"href":"https:\/\/centros.uepb.edu.br\/ccbsa\/wp-json\/wp\/v2\/posts\/4329\/revisions"}],"wp:featuredmedia":[{"embeddable":true,"href":"https:\/\/centros.uepb.edu.br\/ccbsa\/wp-json\/wp\/v2\/media\/4284"}],"wp:attachment":[{"href":"https:\/\/centros.uepb.edu.br\/ccbsa\/wp-json\/wp\/v2\/media?parent=4329"}],"wp:term":[{"taxonomy":"category","embeddable":true,"href":"https:\/\/centros.uepb.edu.br\/ccbsa\/wp-json\/wp\/v2\/categories?post=4329"},{"taxonomy":"post_tag","embeddable":true,"href":"https:\/\/centros.uepb.edu.br\/ccbsa\/wp-json\/wp\/v2\/tags?post=4329"}],"curies":[{"name":"wp","href":"https:\/\/api.w.org\/{rel}","templated":true}]}}