{"id":4316,"date":"2017-08-17T15:41:55","date_gmt":"2017-08-17T15:41:55","guid":{"rendered":"https:\/\/centros.uepb.edu.br\/ccbsa\/?p=4316"},"modified":"2017-08-17T15:42:50","modified_gmt":"2017-08-17T15:42:50","slug":"8o-seminario-de-saberes-arquivisticos-tem-inicio-com-a-participacao-de-pesquisador","status":"publish","type":"post","link":"https:\/\/centros.uepb.edu.br\/ccbsa\/8o-seminario-de-saberes-arquivisticos-tem-inicio-com-a-participacao-de-pesquisador\/","title":{"rendered":"8\u00ba Semin\u00e1rio de Saberes Arquiv\u00edsticos tem in\u00edcio com a participa\u00e7\u00e3o de pesquisadores e estudantes do Brasil e exterior"},"content":{"rendered":"<p><a href=\"https:\/\/centros.uepb.edu.br\/ccbsa\/files\/2017\/08\/DSC07289.jpg\"><img loading=\"lazy\" decoding=\"async\" class=\"aligncenter size-full wp-image-4317 img-responsive\" src=\"https:\/\/centros.uepb.edu.br\/ccbsa\/files\/2017\/08\/DSC07289.jpg\" alt=\"\" width=\"840\" height=\"454\" srcset=\"https:\/\/centros.uepb.edu.br\/ccbsa\/files\/2017\/08\/DSC07289.jpg 840w, https:\/\/centros.uepb.edu.br\/ccbsa\/files\/2017\/08\/DSC07289-300x162.jpg 300w, https:\/\/centros.uepb.edu.br\/ccbsa\/files\/2017\/08\/DSC07289-768x415.jpg 768w, https:\/\/centros.uepb.edu.br\/ccbsa\/files\/2017\/08\/DSC07289-370x200.jpg 370w\" sizes=\"auto, (max-width: 840px) 100vw, 840px\" \/><\/a><br \/>\nCom o objetivo primordial de discutir a Arquivologia sob a \u00f3tica interdisciplinar promovendo o di\u00e1logo de pesquisadores do Brasil e de outros pa\u00edses, foi realizada, na noite desta quarta-feira (17), a confer\u00eancia de abertura do 8\u00ba Semin\u00e1rio de Saberes Arquiv\u00edsticos (SESA). O evento, que surgiu a partir de uma atividade curricular no Curso de Arquivologia da Universidade Estadual da Para\u00edba (UEPB), tornou-se um projeto de pesquisa e extens\u00e3o e, nesta edi\u00e7\u00e3o, \u00e9 realizado em parceria com a Universidade Federal da Para\u00edba e com a participa\u00e7\u00e3o de pesquisadores e estudantes de todo o pa\u00eds e exterior, consolidando o SESA como um evento de car\u00e1ter internacional.<\/p>\n<p>A mesa de abertura do evento contou com a participa\u00e7\u00e3o do representante do reitor da UEPB, Rangel J\u00fanior, o Coordenador Geral da P\u00f3s-gradua\u00e7\u00e3o Stricto Sensu, Jos\u00e9 Germano V\u00e9ras Neto; o diretor adjunto do Centro de Ci\u00eancias Biol\u00f3gicas e Sociais Aplicadas (CCBSA) da UEPB, \u00canio Wocyli Dantas; a vice-reitora da UFPB, Bernardina Freire; o diretor do Centro de Ci\u00eancias Sociais Aplicadas (CCSA) da UFPB, Walmir Rufino; a coordenadora geral do SESA, professora Eliete Correia dos Santos; a chefe de Departamento do CCSA da UFPB, Edna Gomes Pinheiro e a Coordenadora do curso de Arquivologia da UEPB e vice-presidente da Associa\u00e7\u00e3o dos Arquivistas da Para\u00edba (AAPB), Esmeralda Porf\u00edrio de Sales.<\/p>\n<p>Na oportunidade, a coordenadora geral do SESA, professora Eliete Correia dos Santos, relembrou a trajet\u00f3ria do projeto desde o in\u00edcio, quando ainda era uma atividade de sala de aula, destacou a amplia\u00e7\u00e3o dessa iniciativa e as novas perspectivas para edi\u00e7\u00f5es futuras.<\/p>\n<p><a href=\"https:\/\/centros.uepb.edu.br\/ccbsa\/files\/2017\/08\/DSC07256.jpg\"><img loading=\"lazy\" decoding=\"async\" class=\"aligncenter size-full wp-image-4318 img-responsive\" src=\"https:\/\/centros.uepb.edu.br\/ccbsa\/files\/2017\/08\/DSC07256.jpg\" alt=\"\" width=\"840\" height=\"454\" srcset=\"https:\/\/centros.uepb.edu.br\/ccbsa\/files\/2017\/08\/DSC07256.jpg 840w, https:\/\/centros.uepb.edu.br\/ccbsa\/files\/2017\/08\/DSC07256-300x162.jpg 300w, https:\/\/centros.uepb.edu.br\/ccbsa\/files\/2017\/08\/DSC07256-768x415.jpg 768w, https:\/\/centros.uepb.edu.br\/ccbsa\/files\/2017\/08\/DSC07256-370x200.jpg 370w\" sizes=\"auto, (max-width: 840px) 100vw, 840px\" \/><\/a><\/p>\n<p>\u201cEstamos satisfeitos pois sabemos da contribui\u00e7\u00e3o desse projeto para a sociedade e a academia. E isso acontece porque reunimos pessoas trabalhando em prol de um \u00fanico objetivo. Ao longo desses anos de atividades, tivemos v\u00e1rios parceiros, institui\u00e7\u00f5es brasileiras e do exterior que nos ajudaram a fazer do SESA o evento que \u00e9 hoje. E a nossa programa\u00e7\u00e3o desse ano reflete isso, n\u00e3o quer\u00edamos priorizar uma \u00fanica regi\u00e3o, e trouxemos palestrantes e pesquisadores de v\u00e1rios lugares do Brasil e de fora, o que resultou num evento com car\u00e1ter internacional\u201d, esclareceu a coordenadora.<\/p>\n<p>A professora Eliete aproveitou a solenidade para informar os presentes sobre os locais que sediar\u00e3o as pr\u00f3ximas edi\u00e7\u00f5es do SESA, que agora torna-se um evento bianual. \u201cA pr\u00f3xima edi\u00e7\u00e3o do SESA ser\u00e1 em Coimbra em 2019, e em 2021, realizaremos nosso evento na Universidade Porto, que sediar\u00e1 o evento em parceria com o Instituto Polit\u00e9cnico do Porto\u201d, explicou.<\/p>\n<p>Para a coordenadora do curso de Arquivologia da UEPB, professora Esmeralda Porf\u00edrio, eventos como o SESA consolidam a Para\u00edba no cen\u00e1rio da Arquivologia e a parceria entre UEPB e UFPB, que fortalece a \u00e1rea. \u201cUm evento que come\u00e7ou em menor propor\u00e7\u00e3o, deixou de ser nacional para ser internacional, e hoje \u00e9 desenvolvido conjuntamente por duas universidades da \u00fanica cidade do pa\u00eds a contar com dois cursos de Arquivologia oferecidos em institui\u00e7\u00f5es p\u00fablicas. E, diante de cen\u00e1rios t\u00e3o desafiadores para a educa\u00e7\u00e3o brasileira e a Arquivologia, a parceria \u00e9 necess\u00e1ria para que possamos buscar a consolida\u00e7\u00e3o da \u00e1rea com base no conhecimento\u201d, avalia.<\/p>\n<p><a href=\"https:\/\/centros.uepb.edu.br\/ccbsa\/files\/2017\/08\/DSC07283.jpg\"><img loading=\"lazy\" decoding=\"async\" class=\"aligncenter size-full wp-image-4319 img-responsive\" src=\"https:\/\/centros.uepb.edu.br\/ccbsa\/files\/2017\/08\/DSC07283.jpg\" alt=\"\" width=\"771\" height=\"454\" srcset=\"https:\/\/centros.uepb.edu.br\/ccbsa\/files\/2017\/08\/DSC07283.jpg 771w, https:\/\/centros.uepb.edu.br\/ccbsa\/files\/2017\/08\/DSC07283-300x177.jpg 300w, https:\/\/centros.uepb.edu.br\/ccbsa\/files\/2017\/08\/DSC07283-768x452.jpg 768w, https:\/\/centros.uepb.edu.br\/ccbsa\/files\/2017\/08\/DSC07283-370x218.jpg 370w\" sizes=\"auto, (max-width: 771px) 100vw, 771px\" \/><\/a><\/p>\n<p>Ap\u00f3s a mesa de abertura foi realizada a confer\u00eancia \u201cA arte dos arquivos e o arquivo dos artistas\u201d, por Maur\u00edcio Lissovsky, professor da Universidade Federal do Rio de Janeiro (UFRJ) e coordenador de Comunica\u00e7\u00e3o e Informa\u00e7\u00e3o da Capes (Coordena\u00e7\u00e3o de Aperfei\u00e7oamento de Pessoal de N\u00edvel Superior).<\/p>\n<p>Na ocasi\u00e3o, o conferencista apresentou a rela\u00e7\u00e3o entre arquivo e arte. \u201cNo campo da arte j\u00e1 existem v\u00e1rios artistas que trabalham com material de arquivo. No cinema, por exemplo, h\u00e1 uma discuss\u00e3o sobre o modo como os arquivos s\u00e3o utilizados, mas, percebemos que o curso de Arquivologia permanece distante desse tipo de discuss\u00e3o. Ent\u00e3o eu acho importante discutir essa necessidade de permitir \u00e0 Arquivologia ser atravessada por novos olhares, sobretudo a rela\u00e7\u00e3o entre a arte e os arquivos, o que chamo de poesia dos arquivos\u201d, declarou Lissovsky.<\/p>\n<p><strong>Programa\u00e7\u00e3o<\/strong><\/p>\n<p>Al\u00e9m de palestras e mesas-redondas, antes da abertura oficial, foram oferecidos 12 minicursos, nos dias 14 e 15 de agosto, com discuss\u00f5es sobre: \u201cPaleografia\u201d, \u201cConsultoria em gest\u00e3o documental\u201d, \u201cClassifica\u00e7\u00e3o de documentos de arquivo\u201d, \u201cElabora\u00e7\u00e3o de trabalhos acad\u00eamicos\u201d, \u201cCombate \u00e0 corrup\u00e7\u00e3o e o papel do profissional de arquivologia\u201d, \u201cConserva\u00e7\u00e3o preventiva de documentos\u201d, \u201cMarketing 3.0\u201d, \u201cAn\u00e1lise dial\u00f3gica do discurso\u201d.<\/p>\n<p>Tamb\u00e9m comp\u00f5em a programa\u00e7\u00e3o do evento a apresenta\u00e7\u00e3o de trabalhos cient\u00edficos de estudantes e pesquisadores de v\u00e1rias partes do pa\u00eds. Todos os trabalhos integrar\u00e3o os anais do SESA e os melhores artigos ser\u00e3o premiados pela Comiss\u00e3o Cient\u00edfica. A partir desta edi\u00e7\u00e3o comemorativa de dez anos do SESA, a premia\u00e7\u00e3o receber\u00e1 o nome \u201cPr\u00eamio Jos\u00e9 Maria Jardim\u201d, em homenagem a um dos pesquisadores mais conceituados da Arquivologia, no Brasil. Professor da Universidade Federal do Rio de Janeiro (UFRJ) e autor de v\u00e1rios livros e artigos sobre informa\u00e7\u00e3o e Arquivologia, Jos\u00e9 Maria Jardim tem contribu\u00eddo para a consolida\u00e7\u00e3o da Arquivologia no Pa\u00eds. Os contemplados com o \u201cPr\u00eamio Jos\u00e9 Maria Jardim\u201d receber\u00e3o kits de livros e o primeiro lugar levar\u00e1, ainda, a gratuidade da inscri\u00e7\u00e3o para o Congresso Nacional de Arquivologia (CNA), que ser\u00e1 realizado em 2018, tamb\u00e9m em Jo\u00e3o Pessoa.<\/p>\n","protected":false},"excerpt":{"rendered":"<p>Com o objetivo primordial de discutir a Arquivologia sob a \u00f3tica interdisciplinar promovendo o di\u00e1logo de pesquisadores do Brasil e de outros pa\u00edses, foi realizada, na noite desta quarta-feira (17), a confer\u00eancia de abertura do 8\u00ba Semin\u00e1rio de Saberes Arquiv\u00edsticos (SESA). O evento, que surgiu a partir de uma atividade curricular no Curso de Arquivologia <a class=\"leiamais\" href=\"https:\/\/centros.uepb.edu.br\/ccbsa\/8o-seminario-de-saberes-arquivisticos-tem-inicio-com-a-participacao-de-pesquisador\/\">Leia Mais&#8230;<\/a><\/p>\n","protected":false},"author":8,"featured_media":4320,"comment_status":"closed","ping_status":"closed","sticky":false,"template":"","format":"standard","meta":{"footnotes":""},"categories":[3,11],"tags":[],"class_list":["post-4316","post","type-post","status-publish","format-standard","has-post-thumbnail","hentry","category-noticias","category-noticias-destaque-img"],"jetpack_featured_media_url":"https:\/\/centros.uepb.edu.br\/ccbsa\/files\/2017\/08\/DSC07259.jpg","_links":{"self":[{"href":"https:\/\/centros.uepb.edu.br\/ccbsa\/wp-json\/wp\/v2\/posts\/4316","targetHints":{"allow":["GET"]}}],"collection":[{"href":"https:\/\/centros.uepb.edu.br\/ccbsa\/wp-json\/wp\/v2\/posts"}],"about":[{"href":"https:\/\/centros.uepb.edu.br\/ccbsa\/wp-json\/wp\/v2\/types\/post"}],"author":[{"embeddable":true,"href":"https:\/\/centros.uepb.edu.br\/ccbsa\/wp-json\/wp\/v2\/users\/8"}],"replies":[{"embeddable":true,"href":"https:\/\/centros.uepb.edu.br\/ccbsa\/wp-json\/wp\/v2\/comments?post=4316"}],"version-history":[{"count":0,"href":"https:\/\/centros.uepb.edu.br\/ccbsa\/wp-json\/wp\/v2\/posts\/4316\/revisions"}],"wp:featuredmedia":[{"embeddable":true,"href":"https:\/\/centros.uepb.edu.br\/ccbsa\/wp-json\/wp\/v2\/media\/4320"}],"wp:attachment":[{"href":"https:\/\/centros.uepb.edu.br\/ccbsa\/wp-json\/wp\/v2\/media?parent=4316"}],"wp:term":[{"taxonomy":"category","embeddable":true,"href":"https:\/\/centros.uepb.edu.br\/ccbsa\/wp-json\/wp\/v2\/categories?post=4316"},{"taxonomy":"post_tag","embeddable":true,"href":"https:\/\/centros.uepb.edu.br\/ccbsa\/wp-json\/wp\/v2\/tags?post=4316"}],"curies":[{"name":"wp","href":"https:\/\/api.w.org\/{rel}","templated":true}]}}