{"id":431,"date":"2013-07-12T14:35:29","date_gmt":"2013-07-12T14:35:29","guid":{"rendered":"\/ccbsa\/?p=431"},"modified":"2013-07-15T13:20:17","modified_gmt":"2013-07-15T13:20:17","slug":"delegacao-do-campus-v-participa-de-conferencia-que-discute-os-rumos-da-politica-externa-brasileira","status":"publish","type":"post","link":"https:\/\/centros.uepb.edu.br\/ccbsa\/delegacao-do-campus-v-participa-de-conferencia-que-discute-os-rumos-da-politica-externa-brasileira\/","title":{"rendered":"Delega\u00e7\u00e3o do Campus V participa de confer\u00eancia que discute os rumos da pol\u00edtica externa brasileira"},"content":{"rendered":"<p><a href=\"http:\/\/centros.ascom.uepb.edu.br\/ccbsa\/files\/2013\/07\/DSC04011.jpg\"><img loading=\"lazy\" decoding=\"async\" class=\"alignleft size-thumbnail wp-image-437 img-responsive\" alt=\"DSC04011\" src=\"http:\/\/centros.ascom.uepb.edu.br\/ccbsa\/files\/2013\/07\/DSC04011-150x150.jpg\" width=\"150\" height=\"150\" \/><\/a>Um grupo de trinta estudantes do curso de Rela\u00e7\u00f5es Internacionais, al\u00e9m de alunos de Direito e Comunica\u00e7\u00e3o Social da Universidade Estadual da Para\u00edba, participa, at\u00e9 a pr\u00f3xima quinta-feira, 18 de julho, da \u201cConfer\u00eancia Nacional 2003-2013: uma nova pol\u00edtica externa\u201d, realizada na Universidade Federal do ABC (UFABC), campus S\u00e3o Bernardo do Campo, em S\u00e3o Paulo.<\/p>\n<p>Promovido pelo Grupo de Reflex\u00e3o sobre Rela\u00e7\u00f5es Internacionais, o evento discute a inser\u00e7\u00e3o internacional brasileira na \u00faltima d\u00e9cada e discutir os novos rumos da pol\u00edtica externa do pa\u00eds. Participam da Confer\u00eancia representantes de v\u00e1rios setores da sociedade, como acad\u00eamicos, militantes de movimentos sociais, o Governo, na busca por uma quebra de paradigmas por meio de mecanismos de participa\u00e7\u00e3o popular na pol\u00edtica externa brasileira.<\/p>\n<p>S\u00e3o discutidos temas como a coopera\u00e7\u00e3o internacional para o desenvolvimento, o com\u00e9rcio internacional e a responsabilidade da OMC, Direitos Humanos e pol\u00edtica externa, a integra\u00e7\u00e3o regional e o papel do Brasil, desenvolvimento e sustentabilidade social e ambiental, a pol\u00edtica das empresas multinacionais brasileiras na Am\u00e9rica Latina e fora dela, a atua\u00e7\u00e3o do Brasil nos foros multilaterais e nas novas alian\u00e7as como as comunidades BRICS e IBSA.<\/p>\n<p>O evento conta com a presen\u00e7a dos ministros Ant\u00f4nio Patriota (Rela\u00e7\u00f5es Exteriores) e Celso Amorim (ex-ministro de\u00a0 <a href=\"http:\/\/centros.ascom.uepb.edu.br\/ccbsa\/files\/2013\/07\/cartaz.jpg\"><img loading=\"lazy\" decoding=\"async\" class=\"size-thumbnail wp-image-440 alignright img-responsive\" alt=\"cartaz\" src=\"http:\/\/centros.ascom.uepb.edu.br\/ccbsa\/files\/2013\/07\/cartaz-150x150.jpg\" width=\"150\" height=\"150\" \/><\/a>Rela\u00e7\u00f5es Exteriores e ministro da Defesa), assim como representantes de movimentos sociais e sindicais de relev\u00e2ncia nacional e internacional e de acad\u00eamicos renomados da \u00e1rea de Rela\u00e7\u00f5es Internacionais, professores e pesquisadores das melhores universidades do Brasil e da Am\u00e9rica Latina. O encerramento do evento ser\u00e1 com uma palestra do ex-presidente da Rep\u00fablica Luiz In\u00e1cio Lula da Silva.<\/p>\n<p>Al\u00e9m de palestras, de car\u00e1ter mais abrangente e realizadas em grandes audit\u00f3rios, a confer\u00eancia re\u00fane pain\u00e9is tem\u00e1ticos especializados, oferecidos em salas menores, com o intuito de permitir um debate aprofundando dos temas. Todas as mesas e pain\u00e9is s\u00e3o compostos por um especialista do governo, um da academia e outro da sociedade civil.<\/p>\n<p>A estudante do 5\u00ba per\u00edodo de Rela\u00e7\u00f5es Internacionais da UEPB, Kalyandra Ferreira, destaca que o evento traz temas pertinentes e palestrantes renomados na \u00e1rea, sendo, portanto uma excelente oportunidade de crescimento para os discentes que estar\u00e3o presentes no evento. J\u00e1 o aluno do 3\u00ba per\u00edodo Icaro Ferreira, que \u00e9 um dos discentes organizadores da comitiva da UEPB, destaca a import\u00e2ncia do apoio da UEPB para que os estudantes da institui\u00e7\u00e3o tenham a oportunidade de participar de grandes eventos, aprimorando o conhecimento adquirido em sala de aula e ficando informados sobre a produ\u00e7\u00e3o de rela\u00e7\u00f5es internacionais em todo o pa\u00eds.<\/p>\n","protected":false},"excerpt":{"rendered":"<p>Um grupo de trinta estudantes do curso de Rela\u00e7\u00f5es Internacionais, al\u00e9m de alunos de Direito e Comunica\u00e7\u00e3o Social da Universidade Estadual da Para\u00edba, participa, at\u00e9 a pr\u00f3xima quinta-feira, 18 de julho, da \u201cConfer\u00eancia Nacional 2003-2013: uma nova pol\u00edtica externa\u201d, realizada na Universidade Federal do ABC (UFABC), campus S\u00e3o Bernardo do Campo, em S\u00e3o Paulo. Promovido <a class=\"leiamais\" href=\"https:\/\/centros.uepb.edu.br\/ccbsa\/delegacao-do-campus-v-participa-de-conferencia-que-discute-os-rumos-da-politica-externa-brasileira\/\">Leia Mais&#8230;<\/a><\/p>\n","protected":false},"author":8,"featured_media":0,"comment_status":"open","ping_status":"open","sticky":false,"template":"","format":"standard","meta":{"footnotes":""},"categories":[3,5],"tags":[],"class_list":["post-431","post","type-post","status-publish","format-standard","hentry","category-noticias","category-visiveis"],"jetpack_featured_media_url":"","_links":{"self":[{"href":"https:\/\/centros.uepb.edu.br\/ccbsa\/wp-json\/wp\/v2\/posts\/431","targetHints":{"allow":["GET"]}}],"collection":[{"href":"https:\/\/centros.uepb.edu.br\/ccbsa\/wp-json\/wp\/v2\/posts"}],"about":[{"href":"https:\/\/centros.uepb.edu.br\/ccbsa\/wp-json\/wp\/v2\/types\/post"}],"author":[{"embeddable":true,"href":"https:\/\/centros.uepb.edu.br\/ccbsa\/wp-json\/wp\/v2\/users\/8"}],"replies":[{"embeddable":true,"href":"https:\/\/centros.uepb.edu.br\/ccbsa\/wp-json\/wp\/v2\/comments?post=431"}],"version-history":[{"count":0,"href":"https:\/\/centros.uepb.edu.br\/ccbsa\/wp-json\/wp\/v2\/posts\/431\/revisions"}],"wp:attachment":[{"href":"https:\/\/centros.uepb.edu.br\/ccbsa\/wp-json\/wp\/v2\/media?parent=431"}],"wp:term":[{"taxonomy":"category","embeddable":true,"href":"https:\/\/centros.uepb.edu.br\/ccbsa\/wp-json\/wp\/v2\/categories?post=431"},{"taxonomy":"post_tag","embeddable":true,"href":"https:\/\/centros.uepb.edu.br\/ccbsa\/wp-json\/wp\/v2\/tags?post=431"}],"curies":[{"name":"wp","href":"https:\/\/api.w.org\/{rel}","templated":true}]}}