{"id":4294,"date":"2017-08-07T13:40:50","date_gmt":"2017-08-07T13:40:50","guid":{"rendered":"https:\/\/centros.uepb.edu.br\/ccbsa\/?p=4294"},"modified":"2017-08-07T13:47:16","modified_gmt":"2017-08-07T13:47:16","slug":"comissao-organizadora-divulga-programacao-e-abre-inscricoes-para-trabalhos-cientificos-e-mostra-de-talentos-2","status":"publish","type":"post","link":"https:\/\/centros.uepb.edu.br\/ccbsa\/comissao-organizadora-divulga-programacao-e-abre-inscricoes-para-trabalhos-cientificos-e-mostra-de-talentos-2\/","title":{"rendered":"Comiss\u00e3o organizadora divulga programa\u00e7\u00e3o e abre inscri\u00e7\u00f5es para trabalhos cient\u00edficos e mostra de talentos"},"content":{"rendered":"<p><a href=\"https:\/\/centros.uepb.edu.br\/ccbsa\/files\/2017\/08\/arte-digital-11-anos-01-1.jpg\"><img loading=\"lazy\" decoding=\"async\" class=\"aligncenter size-full wp-image-4284 img-responsive\" src=\"https:\/\/centros.uepb.edu.br\/ccbsa\/files\/2017\/08\/arte-digital-11-anos-01-1.jpg\" alt=\"\" width=\"840\" height=\"454\" srcset=\"https:\/\/centros.uepb.edu.br\/ccbsa\/files\/2017\/08\/arte-digital-11-anos-01-1.jpg 840w, https:\/\/centros.uepb.edu.br\/ccbsa\/files\/2017\/08\/arte-digital-11-anos-01-1-300x162.jpg 300w, https:\/\/centros.uepb.edu.br\/ccbsa\/files\/2017\/08\/arte-digital-11-anos-01-1-768x415.jpg 768w, https:\/\/centros.uepb.edu.br\/ccbsa\/files\/2017\/08\/arte-digital-11-anos-01-1-370x200.jpg 370w\" sizes=\"auto, (max-width: 840px) 100vw, 840px\" \/><\/a><\/p>\n<p>Com o objetivo de apresentar \u00e0 comunidade do entorno ao Centro de Ci\u00eancias Biol\u00f3gicas e Sociais Aplicadas (CCBSA) da Universidade Estadual da Para\u00edba, sociedade pessoense e calouros da UEPB, os cursos, projetos e servi\u00e7os ofertados pelo Campus V, rememorar a hist\u00f3ria de conquistas e desafios e possibilitar momentos de descontra\u00e7\u00e3o e intera\u00e7\u00e3o entre os diversos segmentos que comp\u00f5em a institui\u00e7\u00e3o, ser\u00e1 realizado, nos dias 28 e 29 de agosto, o evento alusivo aos onze anos de funda\u00e7\u00e3o do Campus de Jo\u00e3o Pessoa: \u201cUEPB Campus V: 11 anos de hist\u00f3ria, conquistas e desafios\u201d.<\/p>\n<p>O evento contar\u00e1 com palestras, oficinas, mostra de trabalhos acad\u00eamicos nas categorias ensino\/monitoria, pesquisa e extens\u00e3o, show de talentos, mesa-redonda, semin\u00e1rio e mostra de artes\u00e3s do bairro do Cristo. Tamb\u00e9m integram a programa\u00e7\u00e3o apresenta\u00e7\u00f5es culturais com grupos formados por discentes e docentes do CCBSA, o conjunto de Ballet da UEPB, o grupo de ciranda e coco de roda \u201cV\u00f3 Mera e seus Netinhos\u201d e a Banda Pau de Dar em Doido.<\/p>\n<p>A inscri\u00e7\u00e3o de trabalhos na Mostra Cient\u00edfica deve ser realizada no endere\u00e7o eletr\u00f4nico do evento: <a href=\"https:\/\/www.even3.com.br\/ccbsa11anos\">https:\/\/www.even3.com.br\/ccbsa11anos <\/a>at\u00e9 o dia 11 de agosto, de acordo com as normas exigidas pela comiss\u00e3o organizadora. Podem participar apenas estudantes, docentes e t\u00e9cnicos-administrativos vinculados a um dos cursos de gradua\u00e7\u00e3o, p\u00f3s-gradua\u00e7\u00e3o e N\u00facleo de L\u00ednguas do CCBSA. A divulga\u00e7\u00e3o dos resumos aprovados ocorrer\u00e1 no dia 24 de agosto e apenas estes poder\u00e3o ser apresentados no dia 29 de agosto, no formato de p\u00f4ster. Os melhores trabalhos de cada categoria ser\u00e3o premiados.<\/p>\n<p>Tamb\u00e9m est\u00e3o abertas, no site do evento, as inscri\u00e7\u00f5es para as oficinas: \u201cInterc\u00e2mbio Cultural: Pa\u00edses, experi\u00eancia e dicas\u201d, a ser ministrada pela Coordenadoria de Rela\u00e7\u00f5es Internacionais (CoRI) da UEPB, com a participa\u00e7\u00e3o de estudantes intercambistas do CCBSA, que apresentar\u00e3o relatos de experi\u00eancias, com 110 vagas; \u201cAspectos lingu\u00edsticos e culturais em franc\u00eas: como sobreviver em viagens internacionais\u201d e \u201cAspectos lingu\u00edsticos e culturais em espanhol: como sobreviver em viagens internacionais\u201d, com 20 vagas cada, \u201cAspectos lingu\u00edsticos e culturais em ingl\u00eas: como sobreviver em viagens internacionais\u201d, com 55 vagas e \u201cLinguagem em uso: um passeio cultural pela diversidade lingu\u00edstica paraibana\u201d, com 15 vagas.<\/p>\n<p>E ainda, \u201cDescomplica TCC\u201d, que ser\u00e1 ministrado pelas professoras Alzira Karla, da UFPB e Claudialyne Ara\u00fajo, da UEPB, abordando as normas para a elabora\u00e7\u00e3o de trabalhos acad\u00eamicos, com um total de 110 vagas; e \u201cDom Quixote\u201d, que ser\u00e1 ministrado pelo professor do curso de Rela\u00e7\u00f5es Internacionais J\u00falio Cabrera, com 110 vagas.<\/p>\n<p>Al\u00e9m das atividades cient\u00edficas, os estudantes vinculados aos cursos de gradua\u00e7\u00e3o, p\u00f3s-gradua\u00e7\u00e3o e N\u00facleo de L\u00ednguas, docentes e t\u00e9cnicos-administrativos (ativos, afastados e aposentados) do Campus V ter\u00e3o um espa\u00e7o para demonstrar seus talentos art\u00edsticos durante a mostra de talentos que ocorrer\u00e1 no dia 29 de agosto, das 18h30 \u00e0s 20h, no Hall de Viv\u00eancia do CCBSA, em frente a biblioteca.<\/p>\n<p>Os interessados em participar devem escolher uma das categorias (canto, dan\u00e7a ou teatro), para apresenta\u00e7\u00f5es individuais ou em grupo (devendo pelo menos um dos inscritos ser da comunidade acad\u00eamica do CCBSA), preencher a [wpfilebase tag=fileurl id=240 linktext=&#8217;ficha de inscri\u00e7\u00e3o&#8217; \/]\u00a0e encaminh\u00e1-la via e-mail (campusv@uepb.edu.br) ou presencialmente, de segunda \u00e0 sexta, das 7h30 \u00e0s 19h30, na secretaria do CCBSA. Todos os participantes receber\u00e3o diplomas de participa\u00e7\u00e3o e os dois primeiros lugares ser\u00e3o contemplados com pr\u00eamios a serem definidos posteriormente.<\/p>\n<p>Confira aqui as [wpfilebase tag=fileurl id=239 linktext=&#8217;normas para a mostra cient\u00edfica&#8217; \/], as [wpfilebase tag=fileurl id=242 linktext=&#8217;regras para a mostra de talentos&#8217; \/] e a [wpfilebase tag=fileurl id=241 linktext=&#8217;programa\u00e7\u00e3o completa&#8217; \/].<\/p>\n","protected":false},"excerpt":{"rendered":"<p>Com o objetivo de apresentar \u00e0 comunidade do entorno ao Centro de Ci\u00eancias Biol\u00f3gicas e Sociais Aplicadas (CCBSA) da Universidade Estadual da Para\u00edba, sociedade pessoense e calouros da UEPB, os cursos, projetos e servi\u00e7os ofertados pelo Campus V, rememorar a hist\u00f3ria de conquistas e desafios e possibilitar momentos de descontra\u00e7\u00e3o e intera\u00e7\u00e3o entre os diversos <a class=\"leiamais\" href=\"https:\/\/centros.uepb.edu.br\/ccbsa\/comissao-organizadora-divulga-programacao-e-abre-inscricoes-para-trabalhos-cientificos-e-mostra-de-talentos-2\/\">Leia Mais&#8230;<\/a><\/p>\n","protected":false},"author":8,"featured_media":4284,"comment_status":"closed","ping_status":"closed","sticky":false,"template":"","format":"standard","meta":{"footnotes":""},"categories":[3,11],"tags":[],"class_list":["post-4294","post","type-post","status-publish","format-standard","has-post-thumbnail","hentry","category-noticias","category-noticias-destaque-img"],"jetpack_featured_media_url":"https:\/\/centros.uepb.edu.br\/ccbsa\/files\/2017\/08\/arte-digital-11-anos-01-1.jpg","_links":{"self":[{"href":"https:\/\/centros.uepb.edu.br\/ccbsa\/wp-json\/wp\/v2\/posts\/4294","targetHints":{"allow":["GET"]}}],"collection":[{"href":"https:\/\/centros.uepb.edu.br\/ccbsa\/wp-json\/wp\/v2\/posts"}],"about":[{"href":"https:\/\/centros.uepb.edu.br\/ccbsa\/wp-json\/wp\/v2\/types\/post"}],"author":[{"embeddable":true,"href":"https:\/\/centros.uepb.edu.br\/ccbsa\/wp-json\/wp\/v2\/users\/8"}],"replies":[{"embeddable":true,"href":"https:\/\/centros.uepb.edu.br\/ccbsa\/wp-json\/wp\/v2\/comments?post=4294"}],"version-history":[{"count":0,"href":"https:\/\/centros.uepb.edu.br\/ccbsa\/wp-json\/wp\/v2\/posts\/4294\/revisions"}],"wp:featuredmedia":[{"embeddable":true,"href":"https:\/\/centros.uepb.edu.br\/ccbsa\/wp-json\/wp\/v2\/media\/4284"}],"wp:attachment":[{"href":"https:\/\/centros.uepb.edu.br\/ccbsa\/wp-json\/wp\/v2\/media?parent=4294"}],"wp:term":[{"taxonomy":"category","embeddable":true,"href":"https:\/\/centros.uepb.edu.br\/ccbsa\/wp-json\/wp\/v2\/categories?post=4294"},{"taxonomy":"post_tag","embeddable":true,"href":"https:\/\/centros.uepb.edu.br\/ccbsa\/wp-json\/wp\/v2\/tags?post=4294"}],"curies":[{"name":"wp","href":"https:\/\/api.w.org\/{rel}","templated":true}]}}