{"id":4278,"date":"2017-08-02T13:37:09","date_gmt":"2017-08-02T13:37:09","guid":{"rendered":"https:\/\/centros.uepb.edu.br\/ccbsa\/?p=4278"},"modified":"2017-08-02T13:37:09","modified_gmt":"2017-08-02T13:37:09","slug":"8o-seminario-de-saberes-arquivisticos-traz-a-paraiba-pesquisadores-do-brasil-e-portugal-para-debater-a-arquivologia","status":"publish","type":"post","link":"https:\/\/centros.uepb.edu.br\/ccbsa\/8o-seminario-de-saberes-arquivisticos-traz-a-paraiba-pesquisadores-do-brasil-e-portugal-para-debater-a-arquivologia\/","title":{"rendered":"8\u00ba Semin\u00e1rio de Saberes Arquiv\u00edsticos traz \u00e0 Para\u00edba pesquisadores do Brasil e Portugal para debater a Arquivologia"},"content":{"rendered":"<p><a href=\"https:\/\/centros.uepb.edu.br\/ccbsa\/files\/2017\/08\/2017-07-31-PHOTO-00000044.jpg\"><img loading=\"lazy\" decoding=\"async\" class=\"aligncenter size-full wp-image-4279 img-responsive\" src=\"https:\/\/centros.uepb.edu.br\/ccbsa\/files\/2017\/08\/2017-07-31-PHOTO-00000044.jpg\" alt=\"\" width=\"1280\" height=\"698\" srcset=\"https:\/\/centros.uepb.edu.br\/ccbsa\/files\/2017\/08\/2017-07-31-PHOTO-00000044.jpg 1280w, https:\/\/centros.uepb.edu.br\/ccbsa\/files\/2017\/08\/2017-07-31-PHOTO-00000044-300x164.jpg 300w, https:\/\/centros.uepb.edu.br\/ccbsa\/files\/2017\/08\/2017-07-31-PHOTO-00000044-768x419.jpg 768w, https:\/\/centros.uepb.edu.br\/ccbsa\/files\/2017\/08\/2017-07-31-PHOTO-00000044-1024x558.jpg 1024w, https:\/\/centros.uepb.edu.br\/ccbsa\/files\/2017\/08\/2017-07-31-PHOTO-00000044-370x202.jpg 370w, https:\/\/centros.uepb.edu.br\/ccbsa\/files\/2017\/08\/2017-07-31-PHOTO-00000044-840x458.jpg 840w\" sizes=\"auto, (max-width: 1280px) 100vw, 1280px\" \/><\/a><\/p>\n<p>De 14 a 18 de agosto de 2017 a cidade de Jo\u00e3o Pessoa se tornar\u00e1 a capital de estudos da Arquivologia do Nordeste. Nesse per\u00edodo, ser\u00e1 realizado o 8\u00ba Semin\u00e1rio de Saberes Arquiv\u00edsticos (SESA), que reunir\u00e1 pesquisadores e profissionais do Brasil e de Portugal em torno do tema \u201cArquivologia: converg\u00eancias e perspectivas\u201d. Esse evento surgiu a partir de uma atividade curricular no Curso de Arquivologia da Universidade Estadual da Para\u00edba (UEPB), tornou-se um projeto de extens\u00e3o e pesquisa e, nesta edi\u00e7\u00e3o, \u00e9 realizado em parceria com a Universidade Federal da Para\u00edba, que sediar\u00e1 as atividades.\u00a0Ao completar uma d\u00e9cada de atividades, o SESA traz em sua programa\u00e7\u00e3o quase 20 palestrantes da Para\u00edba, Rio de Janeiro, Bras\u00edlia, Par\u00e1, Lisboa, Porto, Aveiro e Coimbra.<\/p>\n<p>Al\u00e9m disso, cinco livros in\u00e9ditos ser\u00e3o apresentados aos participantes do evento \u2013 todos fruto da produ\u00e7\u00e3o acad\u00eamica do SESA. \u201cJo\u00e3o Pessoa \u00e9 a \u00fanica cidade do Brasil que conta com dois cursos de Arquivologia e gra\u00e7as \u00e0 parceria com a Universidade Federal da Para\u00edba, o VIII SESA passa a integrar o calend\u00e1rio de grandes eventos da \u00e1rea, no Pa\u00eds. Durante cinco dias vamos discutir sobre dois eixos tem\u00e1ticos: \u2018Arquivo, linguagem e mem\u00f3ria\u2019 e \u2018Saberes e fazeres do arquiv\u00edstico\u2019. Este \u00e9 um evento aberto a estudantes, pesquisadores e profissionais que se dedicam \u00e0 gest\u00e3o documental, ao acesso \u00e0 informa\u00e7\u00e3o, \u00e0 preserva\u00e7\u00e3o da mem\u00f3ria como patrim\u00f4nio e \u00e0 identidade de seu povo, entre outros aspectos\u201d, enfatiza a professora Eliete Correia dos Santos, coordenadora geral do evento.<\/p>\n<p><strong>Programa\u00e7\u00e3o e premia\u00e7\u00e3o<\/strong><\/p>\n<p>Oficialmente, o 8\u00ba SESA ter\u00e1 in\u00edcio na noite da quarta-feira, 16 de agosto, quando ser\u00e1 apresentada a confer\u00eancia de abertura \u201cA arte dos arquivos e o arquivo dos artistas\u201d, por Maur\u00edcio Lissovsky, professor da Universidade Federal do Rio de Janeiro (UFRJ) e coordenador de Comunica\u00e7\u00e3o e Informa\u00e7\u00e3o da Capes (Coordena\u00e7\u00e3o de Aperfei\u00e7oamento de Pessoal de N\u00edvel Superior). Antes mesmo da abertura oficial, por\u00e9m, 12 minicursos ser\u00e3o oferecidos aos participantes, nos dias 14 e 15 de agosto, com os temas: \u201cCombate \u00e0 corrup\u00e7\u00e3o e o papel do profissional de arquivologia\u201d, \u201cConserva\u00e7\u00e3o preventiva de documentos\u201d, \u201cMarketing 3.0\u201d e \u201cAn\u00e1lise dial\u00f3gica do discurso\u201d.<\/p>\n<p>Al\u00e9m de palestras e mesas-redondas, o 8\u00ba SESA abrir\u00e1 espa\u00e7o para apresenta\u00e7\u00e3o de trabalhos cient\u00edficos de estudantes e pesquisadores de v\u00e1rias partes do pa\u00eds, tornando-se um local prop\u00edcio \u00e0 troca de conhecimentos acad\u00eamicos. Todos os trabalhos integrar\u00e3o os anais do SESA e os melhores artigos ser\u00e3o premiados pela Comiss\u00e3o Cient\u00edfica \u2013 um incentivo \u00e0 excel\u00eancia da produ\u00e7\u00e3o cient\u00edfica. A partir desta edi\u00e7\u00e3o comemorativa de dez anos do SESA, a premia\u00e7\u00e3o receber\u00e1 o nome \u201cPr\u00eamio Jos\u00e9 Maria Jardim\u201d, em homenagem a um dos pesquisadores mais importantes da Arquivologia, no Brasil.<\/p>\n<p>Professor da Universidade Federal do Rio de Janeiro (UFRJ) e autor de v\u00e1rios livros e artigos sobre informa\u00e7\u00e3o e Arquivologia, Jos\u00e9 Maria Jardim tem contribu\u00eddo para a consolida\u00e7\u00e3o da Arquivologia no Pa\u00eds. Os contemplados com o \u201cPr\u00eamio Jos\u00e9 Maria Jardim\u201d receber\u00e3o kits de livros e o primeiro lugar levar\u00e1, ainda, a gratuidade da inscri\u00e7\u00e3o para o Congresso Nacional de Arquivologia (CNA), que ser\u00e1 realizado em 2018, tamb\u00e9m em Jo\u00e3o Pessoa. A programa\u00e7\u00e3o completa do VIII SESA, al\u00e9m de instru\u00e7\u00f5es para inscri\u00e7\u00e3o no evento, pode ser conferida em <a href=\"http:\/\/www.ufpb.br\/evento\/lti\/ocs\/index.php\/viii\/sesa\">http:\/\/www.ufpb.br\/evento\/lti\/ocs\/index.php\/viii\/sesa<\/a> e na p\u00e1gina 8\u00ba Semin\u00e1rio de Saberes Arquiv\u00edsticos, no <a href=\"https:\/\/www.facebook.com\/VIISESA\/\">Facebook<\/a>, ou no <a href=\"http:\/\/instagram.com\/viisesa2017\">Instagram<\/a>.<\/p>\n","protected":false},"excerpt":{"rendered":"<p>De 14 a 18 de agosto de 2017 a cidade de Jo\u00e3o Pessoa se tornar\u00e1 a capital de estudos da Arquivologia do Nordeste. Nesse per\u00edodo, ser\u00e1 realizado o 8\u00ba Semin\u00e1rio de Saberes Arquiv\u00edsticos (SESA), que reunir\u00e1 pesquisadores e profissionais do Brasil e de Portugal em torno do tema \u201cArquivologia: converg\u00eancias e perspectivas\u201d. Esse evento surgiu <a class=\"leiamais\" href=\"https:\/\/centros.uepb.edu.br\/ccbsa\/8o-seminario-de-saberes-arquivisticos-traz-a-paraiba-pesquisadores-do-brasil-e-portugal-para-debater-a-arquivologia\/\">Leia Mais&#8230;<\/a><\/p>\n","protected":false},"author":8,"featured_media":4279,"comment_status":"closed","ping_status":"closed","sticky":false,"template":"","format":"standard","meta":{"footnotes":""},"categories":[3,11],"tags":[],"class_list":["post-4278","post","type-post","status-publish","format-standard","has-post-thumbnail","hentry","category-noticias","category-noticias-destaque-img"],"jetpack_featured_media_url":"https:\/\/centros.uepb.edu.br\/ccbsa\/files\/2017\/08\/2017-07-31-PHOTO-00000044.jpg","_links":{"self":[{"href":"https:\/\/centros.uepb.edu.br\/ccbsa\/wp-json\/wp\/v2\/posts\/4278","targetHints":{"allow":["GET"]}}],"collection":[{"href":"https:\/\/centros.uepb.edu.br\/ccbsa\/wp-json\/wp\/v2\/posts"}],"about":[{"href":"https:\/\/centros.uepb.edu.br\/ccbsa\/wp-json\/wp\/v2\/types\/post"}],"author":[{"embeddable":true,"href":"https:\/\/centros.uepb.edu.br\/ccbsa\/wp-json\/wp\/v2\/users\/8"}],"replies":[{"embeddable":true,"href":"https:\/\/centros.uepb.edu.br\/ccbsa\/wp-json\/wp\/v2\/comments?post=4278"}],"version-history":[{"count":0,"href":"https:\/\/centros.uepb.edu.br\/ccbsa\/wp-json\/wp\/v2\/posts\/4278\/revisions"}],"wp:featuredmedia":[{"embeddable":true,"href":"https:\/\/centros.uepb.edu.br\/ccbsa\/wp-json\/wp\/v2\/media\/4279"}],"wp:attachment":[{"href":"https:\/\/centros.uepb.edu.br\/ccbsa\/wp-json\/wp\/v2\/media?parent=4278"}],"wp:term":[{"taxonomy":"category","embeddable":true,"href":"https:\/\/centros.uepb.edu.br\/ccbsa\/wp-json\/wp\/v2\/categories?post=4278"},{"taxonomy":"post_tag","embeddable":true,"href":"https:\/\/centros.uepb.edu.br\/ccbsa\/wp-json\/wp\/v2\/tags?post=4278"}],"curies":[{"name":"wp","href":"https:\/\/api.w.org\/{rel}","templated":true}]}}