{"id":4209,"date":"2017-07-17T14:53:53","date_gmt":"2017-07-17T14:53:53","guid":{"rendered":"https:\/\/centros.uepb.edu.br\/ccbsa\/?p=4209"},"modified":"2017-07-18T12:29:12","modified_gmt":"2017-07-18T12:29:12","slug":"campus-v-recebe-cadeira-de-rodas-que-passa-a-ser-disponibilizada-a-comunidade-academica","status":"publish","type":"post","link":"https:\/\/centros.uepb.edu.br\/ccbsa\/campus-v-recebe-cadeira-de-rodas-que-passa-a-ser-disponibilizada-a-comunidade-academica\/","title":{"rendered":"Campus V recebe cadeira de rodas que passa a ser disponibilizada \u00e0 comunidade acad\u00eamica"},"content":{"rendered":"<p><a href=\"https:\/\/centros.uepb.edu.br\/ccbsa\/files\/2017\/07\/IMG_7274.png\"><img loading=\"lazy\" decoding=\"async\" class=\"aligncenter size-full wp-image-4210 img-responsive\" src=\"https:\/\/centros.uepb.edu.br\/ccbsa\/files\/2017\/07\/IMG_7274.png\" alt=\"\" width=\"840\" height=\"454\" srcset=\"https:\/\/centros.uepb.edu.br\/ccbsa\/files\/2017\/07\/IMG_7274.png 840w, https:\/\/centros.uepb.edu.br\/ccbsa\/files\/2017\/07\/IMG_7274-300x162.png 300w, https:\/\/centros.uepb.edu.br\/ccbsa\/files\/2017\/07\/IMG_7274-768x415.png 768w, https:\/\/centros.uepb.edu.br\/ccbsa\/files\/2017\/07\/IMG_7274-370x200.png 370w\" sizes=\"auto, (max-width: 840px) 100vw, 840px\" \/><\/a><\/p>\n<p>Com o objetivo de atender aos pre-requisitos de\u00a0mobilidade e acessibilidade das pessoas com defici\u00eancia f\u00edsica ou com dificuldades em mobilidade, o Campus V da Universidade Estadual da Para\u00edba recebeu esta semana, uma cadeira de rodas motorizada, que est\u00e1 dispon\u00edvel \u00e0 comunidade na biblioteca do Centro de Ci\u00eancias Biol\u00f3gicas e Sociais Aplicadas.<\/p>\n<p>Os estudantes, t\u00e9cnicos-administrativos e docentes que precisarem utilizar a cadeira de rodas devem comunicar e receber a autoriza\u00e7\u00e3o dos servidores da Biblioteca.<\/p>\n<p><em><strong>Texto e foto:<\/strong> Juliana Marques<\/em><\/p>\n","protected":false},"excerpt":{"rendered":"<p>Com o objetivo de atender aos pre-requisitos de\u00a0mobilidade e acessibilidade das pessoas com defici\u00eancia f\u00edsica ou com dificuldades em mobilidade, o Campus V da Universidade Estadual da Para\u00edba recebeu esta semana, uma cadeira de rodas motorizada, que est\u00e1 dispon\u00edvel \u00e0 comunidade na biblioteca do Centro de Ci\u00eancias Biol\u00f3gicas e Sociais Aplicadas. Os estudantes, t\u00e9cnicos-administrativos e <a class=\"leiamais\" href=\"https:\/\/centros.uepb.edu.br\/ccbsa\/campus-v-recebe-cadeira-de-rodas-que-passa-a-ser-disponibilizada-a-comunidade-academica\/\">Leia Mais&#8230;<\/a><\/p>\n","protected":false},"author":8,"featured_media":4210,"comment_status":"closed","ping_status":"closed","sticky":false,"template":"","format":"standard","meta":{"footnotes":""},"categories":[3,11],"tags":[],"class_list":["post-4209","post","type-post","status-publish","format-standard","has-post-thumbnail","hentry","category-noticias","category-noticias-destaque-img"],"jetpack_featured_media_url":"https:\/\/centros.uepb.edu.br\/ccbsa\/files\/2017\/07\/IMG_7274.png","_links":{"self":[{"href":"https:\/\/centros.uepb.edu.br\/ccbsa\/wp-json\/wp\/v2\/posts\/4209","targetHints":{"allow":["GET"]}}],"collection":[{"href":"https:\/\/centros.uepb.edu.br\/ccbsa\/wp-json\/wp\/v2\/posts"}],"about":[{"href":"https:\/\/centros.uepb.edu.br\/ccbsa\/wp-json\/wp\/v2\/types\/post"}],"author":[{"embeddable":true,"href":"https:\/\/centros.uepb.edu.br\/ccbsa\/wp-json\/wp\/v2\/users\/8"}],"replies":[{"embeddable":true,"href":"https:\/\/centros.uepb.edu.br\/ccbsa\/wp-json\/wp\/v2\/comments?post=4209"}],"version-history":[{"count":0,"href":"https:\/\/centros.uepb.edu.br\/ccbsa\/wp-json\/wp\/v2\/posts\/4209\/revisions"}],"wp:featuredmedia":[{"embeddable":true,"href":"https:\/\/centros.uepb.edu.br\/ccbsa\/wp-json\/wp\/v2\/media\/4210"}],"wp:attachment":[{"href":"https:\/\/centros.uepb.edu.br\/ccbsa\/wp-json\/wp\/v2\/media?parent=4209"}],"wp:term":[{"taxonomy":"category","embeddable":true,"href":"https:\/\/centros.uepb.edu.br\/ccbsa\/wp-json\/wp\/v2\/categories?post=4209"},{"taxonomy":"post_tag","embeddable":true,"href":"https:\/\/centros.uepb.edu.br\/ccbsa\/wp-json\/wp\/v2\/tags?post=4209"}],"curies":[{"name":"wp","href":"https:\/\/api.w.org\/{rel}","templated":true}]}}