{"id":4197,"date":"2017-07-06T14:29:46","date_gmt":"2017-07-06T14:29:46","guid":{"rendered":"https:\/\/centros.uepb.edu.br\/ccbsa\/?p=4197"},"modified":"2017-07-06T14:29:46","modified_gmt":"2017-07-06T14:29:46","slug":"21o-encontro-nacional-de-estudantes-de-arquivologia-prossegue-com-atividades-cientificas-e-culturais","status":"publish","type":"post","link":"https:\/\/centros.uepb.edu.br\/ccbsa\/21o-encontro-nacional-de-estudantes-de-arquivologia-prossegue-com-atividades-cientificas-e-culturais\/","title":{"rendered":"21\u00ba Encontro Nacional de Estudantes de Arquivologia prossegue com atividades cient\u00edficas e culturais"},"content":{"rendered":"<p><strong><a href=\"https:\/\/centros.uepb.edu.br\/ccbsa\/files\/2017\/07\/DSC06949-1.jpg\"><img loading=\"lazy\" decoding=\"async\" class=\"aligncenter size-full wp-image-4198 img-responsive\" src=\"https:\/\/centros.uepb.edu.br\/ccbsa\/files\/2017\/07\/DSC06949-1.jpg\" alt=\"\" width=\"840\" height=\"471\" srcset=\"https:\/\/centros.uepb.edu.br\/ccbsa\/files\/2017\/07\/DSC06949-1.jpg 840w, https:\/\/centros.uepb.edu.br\/ccbsa\/files\/2017\/07\/DSC06949-1-300x168.jpg 300w, https:\/\/centros.uepb.edu.br\/ccbsa\/files\/2017\/07\/DSC06949-1-768x431.jpg 768w, https:\/\/centros.uepb.edu.br\/ccbsa\/files\/2017\/07\/DSC06949-1-370x207.jpg 370w\" sizes=\"auto, (max-width: 840px) 100vw, 840px\" \/><\/a><\/strong><\/p>\n<p>Com o tema \u201cAssociativismo e empreendedorismo: aspectos na forma\u00e7\u00e3o do arquivista\u201d a 21\u00aa edi\u00e7\u00e3o do Encontro Nacional dos Estudantes de Arquivologia, que \u00e9 realizado at\u00e9 essa sexta-feira, 7 de julho, no Campus V da Universidade Estadual da Para\u00edba, em Jo\u00e3o Pessoa, re\u00fane discentes, docentes, pesquisadores e profissionais de Arquivologia e \u00e1reas afins, de todo o pa\u00eds. Durante o evento est\u00e3o em discuss\u00e3o quest\u00f5es relacionadas ao cen\u00e1rio arquiv\u00edstico da atualidade, tais como: a gest\u00e3o de documentos digitais, gest\u00e3o de carreira, empreendedorismo, direitos trabalhistas, a conjuntura nacional e seu reflexo na arquivologia, dentre outros.<\/p>\n<p>Na noite desta quarta-feira (5), foi realizada a palestra \u201cArquivologia e empreendedorismo\u201d proferida pelo professor e arquivista empreendedor Charlley Luz, que trouxe aos participantes do evento um pouco da sua trajet\u00f3ria profissional e apontou as possibilidades de atua\u00e7\u00e3o para o arquivista na atualidade. \u201cEu acredito que o arquivista \u00e9 um profissional cada vez mais necess\u00e1rio para a \u00e1rea de gest\u00e3o porque as empresas cada vez mais se baseiam em conhecimento para entregar seus produtos e o arquivista tem o papel de elaborar formas desse conhecimento ser aproveitado e que as coisas aconte\u00e7am de forma mais l\u00f3gica e com menor custo\u201d, esclarece o palestrante.<\/p>\n<p>Durante o evento, Charlley Luz tamb\u00e9m exp\u00f4s a preocupa\u00e7\u00e3o com o Projeto de Lei 7920, aprovado recentemente no Senado. \u201cEu vim aqui falar sobre empreendedorismo e associativismo mas, diante dessa possibilidade de aprova\u00e7\u00e3o dessa lei eu vou acabar tocando nesse assunto, porque precisamos nos mobilizar a informar esses estudantes sobre o risco que corremos. A PL 7920 traz muito risco para a nossa \u00e1rea uma vez que ela autoriza a elimina\u00e7\u00e3o de documentos depois de digitalizados, provoca inseguran\u00e7a jur\u00eddica, no momento em que permite o descarte dos documentos originais, prev\u00ea a utiliza\u00e7\u00e3o de uma tecnologia defasada, enfim, \u00e9 um retrocesso para a nossa \u00e1rea\u201d, avaliou o docente.<\/p>\n<p><a href=\"https:\/\/centros.uepb.edu.br\/ccbsa\/files\/2017\/07\/DSC07083.jpg\"><img loading=\"lazy\" decoding=\"async\" class=\"aligncenter size-full wp-image-4199 img-responsive\" src=\"https:\/\/centros.uepb.edu.br\/ccbsa\/files\/2017\/07\/DSC07083.jpg\" alt=\"\" width=\"840\" height=\"454\" srcset=\"https:\/\/centros.uepb.edu.br\/ccbsa\/files\/2017\/07\/DSC07083.jpg 840w, https:\/\/centros.uepb.edu.br\/ccbsa\/files\/2017\/07\/DSC07083-300x162.jpg 300w, https:\/\/centros.uepb.edu.br\/ccbsa\/files\/2017\/07\/DSC07083-768x415.jpg 768w, https:\/\/centros.uepb.edu.br\/ccbsa\/files\/2017\/07\/DSC07083-370x200.jpg 370w\" sizes=\"auto, (max-width: 840px) 100vw, 840px\" \/><\/a><\/p>\n<p>Compuseram a programa\u00e7\u00e3o do evento, ainda, os minicursos \u201cGest\u00e3o de documentos digitais\u201d, ministrado pelo professor Josemar Henrique de Melo; \u201cAprender a empreender\u201d, tendo como ministrante a professora Jacqueline Echeverr\u00eda Barrancos\u201d; \u201cPreserva\u00e7\u00e3o e restaura\u00e7\u00e3o de documentos\u201d, ministrado pelas professoras Daniele Alves e Eline Isabel, e \u201cGest\u00e3o de carreira: uma abordagem instrumental\u201d, com a professora Ana L\u00facia Carvalho.<\/p>\n<p>As tem\u00e1ticas escolhidas para esses minicursos s\u00e3o voltadas ao aprimoramento de conhecimentos t\u00e9cnicos e direcionamento da carreira profissional, como o minicurso ministrado pela professora Ana L\u00facia Carvalho, no qual os estudantes puderam realizar uma an\u00e1lise de carreira, tra\u00e7ando a miss\u00e3o, vis\u00e3o, valores, objetivos e um planejamento financeiro. \u201cO brasileiro em geral n\u00e3o tem uma cultura de planejamento. O grande problema da administra\u00e7\u00e3o p\u00fablica em nosso pa\u00eds est\u00e1 relacionado a isso, \u00e0 falta de planejamento, m\u00e1 gest\u00e3o financeira. E disseminar essa pr\u00e1tica \u00e9 importante, sobretudo para estudantes que est\u00e3o prestes a iniciar carreiras profissionais\u201d, explicou a docente.<\/p>\n<p><a href=\"https:\/\/centros.uepb.edu.br\/ccbsa\/files\/2017\/07\/DSC07058.jpg\"><img loading=\"lazy\" decoding=\"async\" class=\"aligncenter size-full wp-image-4200 img-responsive\" src=\"https:\/\/centros.uepb.edu.br\/ccbsa\/files\/2017\/07\/DSC07058.jpg\" alt=\"\" width=\"840\" height=\"454\" srcset=\"https:\/\/centros.uepb.edu.br\/ccbsa\/files\/2017\/07\/DSC07058.jpg 840w, https:\/\/centros.uepb.edu.br\/ccbsa\/files\/2017\/07\/DSC07058-300x162.jpg 300w, https:\/\/centros.uepb.edu.br\/ccbsa\/files\/2017\/07\/DSC07058-768x415.jpg 768w, https:\/\/centros.uepb.edu.br\/ccbsa\/files\/2017\/07\/DSC07058-370x200.jpg 370w\" sizes=\"auto, (max-width: 840px) 100vw, 840px\" \/><\/a><\/p>\n<p>Tamb\u00e9m foram realizadas as oficinas \u201cClassifica\u00e7\u00e3o de documentos arquiv\u00edsticos\u201d, com o professor S\u00e2nderson Dorneles e \u201cA pr\u00e1tica da indexa\u00e7\u00e3o na Arquivologia\u201d, com a professora Claudialyne Ara\u00fajo\u201d, que abordaram quest\u00f5es t\u00e9cnicas importantes para a pr\u00e1tica arquiv\u00edstica. \u201cBuscamos trabalhar de forma resumida todos os elementos que comp\u00f5em a indexa\u00e7\u00e3o aplicada a documentos. Ent\u00e3o, inicialmente abordamos as teorias que envolvem o processo de indexa\u00e7\u00e3o, principalmente as teorias de Lancaster, que define todas as caracter\u00edsticas e atributos que comp\u00f5em a indexa\u00e7\u00e3o mas, adequando \u00e0 perspectiva arquiv\u00edstica. E tivemos o momento de pr\u00e1tica, no Laborat\u00f3rio Integrado, para tentar apresentar uma metodologia que abordasse de forma din\u00e2mica essa tem\u00e1tica, o que foi bem recebido pelos estudantes\u201d, avaliou.<\/p>\n<p>O evento prossegue at\u00e9 essa sexta-feira, 7 de julho, com roda de di\u00e1logo, mesa redonda, palestra e atividades esportivas e culturais, com a participa\u00e7\u00e3o de duzentos estudantes da Para\u00edba, Bahia, Esp\u00edrito Santo, Santa Catarina, Par\u00e1, Rio de Janeiro, S\u00e3o Paulo, Bras\u00edlia e Paran\u00e1.<\/p>\n<p><strong>Abertura<\/strong><\/p>\n<p><a href=\"https:\/\/centros.uepb.edu.br\/ccbsa\/files\/2017\/07\/DSC07015.jpg\"><img loading=\"lazy\" decoding=\"async\" class=\"aligncenter size-full wp-image-4192 img-responsive\" src=\"https:\/\/centros.uepb.edu.br\/ccbsa\/files\/2017\/07\/DSC07015.jpg\" alt=\"\" width=\"840\" height=\"471\" srcset=\"https:\/\/centros.uepb.edu.br\/ccbsa\/files\/2017\/07\/DSC07015.jpg 840w, https:\/\/centros.uepb.edu.br\/ccbsa\/files\/2017\/07\/DSC07015-300x168.jpg 300w, https:\/\/centros.uepb.edu.br\/ccbsa\/files\/2017\/07\/DSC07015-768x431.jpg 768w, https:\/\/centros.uepb.edu.br\/ccbsa\/files\/2017\/07\/DSC07015-370x207.jpg 370w\" sizes=\"auto, (max-width: 840px) 100vw, 840px\" \/><\/a><\/p>\n<p>A confer\u00eancia de abertura \u201cArquivista e Associativismo: algumas reflex\u00f5es\u201d, foi proferida pela docente da Universidade de Bras\u00edlia Katia Isabelli Barros e Melo, que \u00e9 doutora em Arquivos e Bibliotecas pela Universidade Carlos III, de Madrid. Na oportunidade, a docente trouxe para o evento uma reflex\u00e3o que foi suscitada em sua tese de doutorado, publicada em livro, discutindo a tr\u00edade composta pelos cursos de forma\u00e7\u00e3o em Arquivologia, os coletivos profissionais e o mercado laboral, a rela\u00e7\u00e3o destes com o arquivista. A docente ressaltou a necessidade de serem possibilitadas discuss\u00f5es com essa tem\u00e1tica a fim de despertar os estudantes e profissionais para a import\u00e2ncia das iniciativas que trazem visibilidade e fortalecimento para categoria, tais como as associa\u00e7\u00f5es.<\/p>\n<p>\u201cEu ministro uma disciplina sobre a visibilidade do profissional, que \u00e9 com base na minha tese e, em meus estudos, eu percebi que nos grandes congressos e eventos da \u00e1rea os estudos e as reflex\u00f5es est\u00e3o muito voltadas ao arquivo e \u00e0 praxis profissional, deixando de lado o profissional arquivista, quem \u00e9, o que ele faz, a import\u00e2ncia do trabalho dele para a sociedade. Ent\u00e3o, momentos como esse, quando se traz uma discuss\u00e3o que est\u00e1 voltada ao arquivista, \u00e0s possibilidades profissionais e \u00e0s perspectivas de fortalecimento a partir do associativismo, \u00e9 algo de grande valia\u201d, explica a conferencista.<\/p>\n<p><strong>Hist\u00f3rico<\/strong><\/p>\n<p>O Encontro Nacional dos Estudantes de Arquivologia (ENEARQ) \u00e9 organizado pela Executiva Nacional dos Estudantes de Arquivologia (ENEA) com a participa\u00e7\u00e3o dos Centros e Diret\u00f3rios Acad\u00eamicos de Arquivologia das universidades brasileiras. Realizado desde 1997, trata-se de um evento consolidado e conhecido nacionalmente com a finalidade de intera\u00e7\u00e3o e promo\u00e7\u00e3o de debates, entre graduandos e graduados que podem expor assuntos vivenciados cotidianamente nas suas institui\u00e7\u00f5es de ensino e em seus ambientes de trabalho, contribuindo assim para sua forma\u00e7\u00e3o acad\u00eamica, profissional, pol\u00edtica e cultural.<\/p>\n<p>Esse ano \u00e9 a terceira vez que o evento \u00e9 realizado em Jo\u00e3o Pessoa, tendo ocorrido em 2011 na UEPB e em 2014 na UFPB. Nesta edi\u00e7\u00e3o, o evento \u00e9 realizado com o apoio do Curso de Arquivologia da UEPB, Centro Acad\u00eamico Briggida Louren\u00e7o, dire\u00e7\u00e3o do Centro de Ci\u00eancias Biol\u00f3gicas Sociais Aplicadas \u2013 CCBSA e Associa\u00e7\u00e3o dos Arquivistas da Para\u00edba \u2013 AAPB. Foram patrocinadores do evento a UEPB, EDUEPB, AAPB, Editora UFPB, Funda\u00e7\u00e3o Casa de Jos\u00e9 Am\u00e9rico, Arquivo Afonso Pereira, C\u00e3mara Municipal de Jo\u00e3o Pessoa, Dore, F&amp;A Eventos, Isis, Pedro Pereira de Sousa Neto Advogados, Mercadinho Pague Menos, S\u00e3o Braz, Pixelvivo Solu\u00e7\u00f5es Web, 9Bravos, Passe Vip e Governo do Estado da Para\u00edba.<\/p>\n<p>Outras informa\u00e7\u00f5es:\u00a0<a href=\"http:\/\/enearq2017.com.br\/\">http:\/\/enearq2017.com.br\/<\/a><\/p>\n","protected":false},"excerpt":{"rendered":"<p>Com o tema \u201cAssociativismo e empreendedorismo: aspectos na forma\u00e7\u00e3o do arquivista\u201d a 21\u00aa edi\u00e7\u00e3o do Encontro Nacional dos Estudantes de Arquivologia, que \u00e9 realizado at\u00e9 essa sexta-feira, 7 de julho, no Campus V da Universidade Estadual da Para\u00edba, em Jo\u00e3o Pessoa, re\u00fane discentes, docentes, pesquisadores e profissionais de Arquivologia e \u00e1reas afins, de todo o <a class=\"leiamais\" href=\"https:\/\/centros.uepb.edu.br\/ccbsa\/21o-encontro-nacional-de-estudantes-de-arquivologia-prossegue-com-atividades-cientificas-e-culturais\/\">Leia Mais&#8230;<\/a><\/p>\n","protected":false},"author":8,"featured_media":4201,"comment_status":"closed","ping_status":"closed","sticky":false,"template":"","format":"standard","meta":{"footnotes":""},"categories":[3,11],"tags":[],"class_list":["post-4197","post","type-post","status-publish","format-standard","has-post-thumbnail","hentry","category-noticias","category-noticias-destaque-img"],"jetpack_featured_media_url":"https:\/\/centros.uepb.edu.br\/ccbsa\/files\/2017\/07\/DSC07063.jpg","_links":{"self":[{"href":"https:\/\/centros.uepb.edu.br\/ccbsa\/wp-json\/wp\/v2\/posts\/4197","targetHints":{"allow":["GET"]}}],"collection":[{"href":"https:\/\/centros.uepb.edu.br\/ccbsa\/wp-json\/wp\/v2\/posts"}],"about":[{"href":"https:\/\/centros.uepb.edu.br\/ccbsa\/wp-json\/wp\/v2\/types\/post"}],"author":[{"embeddable":true,"href":"https:\/\/centros.uepb.edu.br\/ccbsa\/wp-json\/wp\/v2\/users\/8"}],"replies":[{"embeddable":true,"href":"https:\/\/centros.uepb.edu.br\/ccbsa\/wp-json\/wp\/v2\/comments?post=4197"}],"version-history":[{"count":0,"href":"https:\/\/centros.uepb.edu.br\/ccbsa\/wp-json\/wp\/v2\/posts\/4197\/revisions"}],"wp:featuredmedia":[{"embeddable":true,"href":"https:\/\/centros.uepb.edu.br\/ccbsa\/wp-json\/wp\/v2\/media\/4201"}],"wp:attachment":[{"href":"https:\/\/centros.uepb.edu.br\/ccbsa\/wp-json\/wp\/v2\/media?parent=4197"}],"wp:term":[{"taxonomy":"category","embeddable":true,"href":"https:\/\/centros.uepb.edu.br\/ccbsa\/wp-json\/wp\/v2\/categories?post=4197"},{"taxonomy":"post_tag","embeddable":true,"href":"https:\/\/centros.uepb.edu.br\/ccbsa\/wp-json\/wp\/v2\/tags?post=4197"}],"curies":[{"name":"wp","href":"https:\/\/api.w.org\/{rel}","templated":true}]}}